{"id":214492,"date":"2025-11-02T13:55:15","date_gmt":"2025-11-02T13:55:15","guid":{"rendered":"https:\/\/www.europesays.com\/es\/214492\/"},"modified":"2025-11-02T13:55:15","modified_gmt":"2025-11-02T13:55:15","slug":"equipo-de-investigacion-en-china-detecta-emisiones-y-ondas-similares-a-la-radio-en-reconocido-cometa-son-poco-comunes","status":"publish","type":"post","link":"https:\/\/www.europesays.com\/es\/214492\/","title":{"rendered":"Equipo de investigaci\u00f3n en China detecta emisiones y ondas similares a la radio en reconocido cometa: son poco comunes"},"content":{"rendered":"<p>El equipo de investigaci\u00f3n del <b>Observatorio Astron\u00f3mico de Shangh\u00e1i de la Academia China de Ciencias\u00a0<\/b>detect\u00f3 emisiones de ondas inusuales en el cometa <b>12P\/Pons-Brooks,<\/b> un hallazgo que revela posibles pistas sobre el funcionamiento de este objeto estelar.\u00a0<\/p>\n<p>Seg\u00fan reportan medios como El Oriental, los cient\u00edficos realizaron varios estudios utilizando el <b>telescopio Tinnma. <\/b>Una vez detectadas las se\u00f1ales, indicaron que el acontecimiento es clave para<b> determinar el funcionamiento interno del astro y su recorrido.\u00a0<\/b><\/p>\n<p class=\"c-leatambien__titulo\"> LEA TAMBI\u00c9N <\/p>\n<p><img decoding=\"async\" alt=\"Nueva imagen del cometa interestelar 3I\/ATLAS: el objeto m\u00e1s observado muestra una cola prominente y brillante\" width=\"120\" height=\"120\" loading=\"lazy\" src=\"https:\/\/imagenes2.eltiempo.com\/files\/image_120_120\/uploads\/2025\/09\/05\/68bb433dac4de.png\" data-full-src=\"https:\/\/www.europesays.com\/es\/wp-content\/uploads\/2025\/11\/68bb433dac4de.png\"\/><\/p>\n<p>En las \u00faltimas investigaciones, el equipo del <b>Observatorio Astron\u00f3mico de Shangh\u00e1i<\/b> logr\u00f3 rastrear vapor de agua, confirmando que proven\u00eda del cometa. \u00a0<\/p>\n<p>Adem\u00e1s, el medio mencionado indic\u00f3 que los hallazgos fueron publicados en la revista <b>Astronomy &amp; Astrophysics.\u00a0<\/b><\/p>\n<p class=\"c-cuerpo__media__txt\">Se trata de un cuerpo celeste que hace parte del grupo de cometas de Halley. Foto:iStock<\/p>\n<p>\u00bfCu\u00e1l es el origen del cometa 12P\/Pons-Brooks?<\/p>\n<p>El medio mencionado aclar\u00f3 que se trata de un cuerpo celeste que hace parte del grupo de <b>cometas de Halley<\/b>. Estos orbitan el <b>Sol <\/b>en un tiempo aproximado de <b>70 a\u00f1os.\u00a0<\/b><\/p>\n<p>Los astros tienen un comportamiento explosivo; en especial, el <b>12P\/Pons-Brooks que se ha caracterizado por presentar frecuentes erupciones <\/b>al expulsar inesperadas r\u00e1fagas de gas y polvo, ocasionado que su brillo aumente.\u00a0<\/p>\n<p class=\"c-leatambien__titulo\"> LEA TAMBI\u00c9N <\/p>\n<p><img decoding=\"async\" alt=\"Sale a la luz una advertencia de Stephen Hawking en medio del avance del cometa 3I\/ATLAS por el sistema solar\" width=\"120\" height=\"120\" loading=\"lazy\" src=\"https:\/\/imagenes2.eltiempo.com\/files\/image_120_120\/files\/fp\/uploads\/2025\/10\/31\/6904d658709da.r_d.53-162.png\" data-full-src=\"https:\/\/www.europesays.com\/es\/wp-content\/uploads\/2025\/11\/6904d658709da.png\"\/><\/p>\n<p>Cabe aclarar que estos cometas contienen una gran variedad de compuestos que, <b>al acercarse al Sol, provocan reacciones inesperadas.\u00a0<\/b><\/p>\n<p>En general, los elementos que se encuentran en <b>estado s\u00f3lido pasan r\u00e1pidamente a un estado gaseoso,<\/b> salt\u00e1ndose la fase l\u00edquida.\u00a0<\/p>\n<p class=\"c-cuerpo__media__txt\">Los cometas, al acercarse al Sol, provocan reacciones inesperadas. Foto:iStock<\/p>\n<p>\u00bfPor qu\u00e9 el cometa presenta este tipo de erupciones?<\/p>\n<p>Seg\u00fan lo indicado por el medio, debido a que el gas se concentra en el interior del astro, es decir, su n\u00facleo, al momento de <b>atravesar la galaxia a alta velocidad y al acercarse al Sol, <\/b>se activan los mecanismos de emisi\u00f3n.\u00a0<\/p>\n<p class=\"c-leatambien__titulo\"> LEA TAMBI\u00c9N <\/p>\n<p><img decoding=\"async\" alt=\"NASA\" width=\"120\" height=\"120\" loading=\"lazy\" src=\"https:\/\/imagenes2.eltiempo.com\/files\/image_120_120\/files\/fp\/uploads\/2025\/10\/27\/68ffc2dbd7f84.r_d.449-606.jpeg\" data-full-src=\"https:\/\/www.europesays.com\/es\/wp-content\/uploads\/2025\/11\/68ffc2dbd7f84.jpeg\"\/><\/p>\n<p>Las \u00faltimas investigaciones del <b>Observatorio Astron\u00f3mico, revelaron que el cometa 12P<\/b> emit\u00eda grandes vol\u00famenes de vapor de agua, en un rango mayor al de otros astros de su misma clase.\u00a0<\/p>\n<p>Adem\u00e1s, cuenta con alta presencia de amon\u00edaco, un compuesto que vuelve al cometa m\u00e1s reactivo e impredecible, <b>desencadenando as\u00ed una serie de erupciones consecutivas.\u00a0<\/b><\/p>\n<p class=\"c-cuerpo__media__txt\">Un cometa es un cuerpo celeste constituido por polvo, rocas y part\u00edculas de hielo. Foto:iStock<\/p>\n<p>\u00bfQu\u00e9 es un cometa?<\/p>\n<p><b>La NASA<\/b> establece que se trata de grandes cuerpos compuestos por<b> polvo y hielo<\/b> que han orbitado alrededor del <b>Sol desde \u00e9pocas milenarias.\u00a0<\/b><\/p>\n<p>Estos objetos ancestrales se caracterizan por contar con una <b>larga cola,<\/b> que contiene restos del <b>sistema solar desde hace m\u00e1s de 4.600 a\u00f1os.\u00a0<\/b><\/p>\n<p class=\"c-leatambien__titulo\"> LEA TAMBI\u00c9N <\/p>\n<p><img decoding=\"async\" alt=\"a\" width=\"120\" height=\"120\" loading=\"lazy\" src=\"https:\/\/imagenes2.eltiempo.com\/files\/image_120_120\/files\/fp\/uploads\/2025\/10\/29\/6902196d8ea7e.r_d.1388-484.png\" data-full-src=\"https:\/\/www.europesays.com\/es\/wp-content\/uploads\/2025\/11\/6902196d8ea7e.png\"\/><\/p>\n<p>La agencia de investigaci\u00f3n espacial aclara que estos cuerpos pueden ubicarse m\u00e1s all\u00e1 de la <b>\u00f3rbita de Neptuno, <\/b>en lo que com\u00fanmente se conoce como el <b>Cintur\u00f3n de Kuiper.\u00a0<\/b><\/p>\n<p>Los astros que se encuentran en esta zona est\u00e1n catalogados como <b>cometas de cortos per\u00edodos,<\/b> con una cercan\u00eda al <b>Sol <\/b>de <b>aproximadamente 200 a\u00f1os.\u00a0<\/b><\/p>\n<p>Tambi\u00e9n existen <b>cometas que son parte de la Nube de Oort<\/b>, ubicada a grandes distancias del sistema solar, en un \u00e1rea aproximadamente <b>50 veces m\u00e1s lejana que la constelaci\u00f3n mencionada.<\/b><\/p>\n<p class=\"c-cuerpo__media__txt\">Estos cuerpos pueden ubicarse m\u00e1s all\u00e1 de la \u00f3rbita de Neptuno. Foto:Pixabay\/ A Owen<\/p>\n<p><b>Esteban Ram\u00edrez Miranda\u00a0<\/b><\/p>\n<p>REDACCI\u00d3N \u00daLTIMAS NOTICIAS<\/p>\n","protected":false},"excerpt":{"rendered":"El equipo de investigaci\u00f3n del Observatorio Astron\u00f3mico de Shangh\u00e1i de la Academia China de Ciencias\u00a0detect\u00f3 emisiones de ondas&hellip;\n","protected":false},"author":2,"featured_media":214493,"comment_status":"","ping_status":"","sticky":false,"template":"","format":"standard","meta":{"footnotes":""},"categories":[81],"tags":[1615,119,123,124,8613,57737,25,24,47043,57738,117,121,122,23,118,120],"class_list":{"0":"post-214492","1":"post","2":"type-post","3":"status-publish","4":"format-standard","5":"has-post-thumbnail","7":"category-ciencia-y-tecnologia","8":"tag-china","9":"tag-ciencia","10":"tag-ciencia-y-tecnologia","11":"tag-cienciaytecnologia","12":"tag-cometa","13":"tag-emisiones-y-ondas","14":"tag-es","15":"tag-espana","16":"tag-galaxia","17":"tag-observatorio-astronomico","18":"tag-science","19":"tag-science-and-technology","20":"tag-scienceandtechnology","21":"tag-spain","22":"tag-technology","23":"tag-tecnologia"},"share_on_mastodon":{"url":"https:\/\/pubeurope.com\/@es\/115480449938489479","error":""},"_links":{"self":[{"href":"https:\/\/www.europesays.com\/es\/wp-json\/wp\/v2\/posts\/214492","targetHints":{"allow":["GET"]}}],"collection":[{"href":"https:\/\/www.europesays.com\/es\/wp-json\/wp\/v2\/posts"}],"about":[{"href":"https:\/\/www.europesays.com\/es\/wp-json\/wp\/v2\/types\/post"}],"author":[{"embeddable":true,"href":"https:\/\/www.europesays.com\/es\/wp-json\/wp\/v2\/users\/2"}],"replies":[{"embeddable":true,"href":"https:\/\/www.europesays.com\/es\/wp-json\/wp\/v2\/comments?post=214492"}],"version-history":[{"count":0,"href":"https:\/\/www.europesays.com\/es\/wp-json\/wp\/v2\/posts\/214492\/revisions"}],"wp:featuredmedia":[{"embeddable":true,"href":"https:\/\/www.europesays.com\/es\/wp-json\/wp\/v2\/media\/214493"}],"wp:attachment":[{"href":"https:\/\/www.europesays.com\/es\/wp-json\/wp\/v2\/media?parent=214492"}],"wp:term":[{"taxonomy":"category","embeddable":true,"href":"https:\/\/www.europesays.com\/es\/wp-json\/wp\/v2\/categories?post=214492"},{"taxonomy":"post_tag","embeddable":true,"href":"https:\/\/www.europesays.com\/es\/wp-json\/wp\/v2\/tags?post=214492"}],"curies":[{"name":"wp","href":"https:\/\/api.w.org\/{rel}","templated":true}]}}