{"id":214498,"date":"2025-11-02T13:58:09","date_gmt":"2025-11-02T13:58:09","guid":{"rendered":"https:\/\/www.europesays.com\/es\/214498\/"},"modified":"2025-11-02T13:58:09","modified_gmt":"2025-11-02T13:58:09","slug":"el-pp-anuncia-que-feijoo-y-mazon-hablaran-este-domingo-al-multiplicarse-la-presion-sobre-la-continuidad-del-president-espana","status":"publish","type":"post","link":"https:\/\/www.europesays.com\/es\/214498\/","title":{"rendered":"El PP anuncia que Feij\u00f3o y Maz\u00f3n hablar\u00e1n este domingo al multiplicarse la presi\u00f3n sobre la continuidad del \u2018president\u2019 | Espa\u00f1a"},"content":{"rendered":"<p class=\"\">La vicesecretaria de Regeneraci\u00f3n Institucional del PP, Cuca Gamarra, ha asegurado que el l\u00edder del partido conservador, Alberto N\u00fa\u00f1ez Feij\u00f3o, hablar\u00e1 este domingo con el president de la Generalitat valenciana, Carlos Maz\u00f3n, \u201csobre el contexto pol\u00edtico de la Comunidad Valenciana\u201d. La dirigente de la formaci\u00f3n lo ha anunciado durante una comparecencia en Logro\u00f1o ante los medios de comunicaci\u00f3n, <a href=\"https:\/\/elpais.com\/espana\/2025-11-01\/dirigentes-del-pp-valenciano-a-mazon-en-privado-no-te-dejes-hacer-un-rita-barbera.html\" target=\"_self\" rel=\"nofollow noopener\" title=\"https:\/\/elpais.com\/espana\/2025-11-01\/dirigentes-del-pp-valenciano-a-mazon-en-privado-no-te-dejes-hacer-un-rita-barbera.html\">cuando la presi\u00f3n sobre el jefe del Gobierno auton\u00f3mico se multiplica<\/a>. <\/p>\n<p class=\"\">En el PP regional ya han comenzado a moverse para aupar a Vicente Momp\u00f3, presidente de la Diputaci\u00f3n de Valencia, como candidato a unas pr\u00f3ximas elecciones tras haberse descartado el actual president, <a href=\"https:\/\/elpais.com\/espana\/2025-11-01\/mazon-descarta-ser-candidato-y-piensa-en-mompo-como-cartel-electoral-del-pp-valenciano.html\" target=\"_self\" rel=\"nofollow noopener\" title=\"https:\/\/elpais.com\/espana\/2025-11-01\/mazon-descarta-ser-candidato-y-piensa-en-mompo-como-cartel-electoral-del-pp-valenciano.html\">como avanz\u00f3 EL PA\u00cdS<\/a>. Ahora bien, si la direcci\u00f3n nacional dictamina que la situaci\u00f3n de Maz\u00f3n es insostenible y su salida no pude demorarse m\u00e1s, los mismos dirigentes provinciales que postulan la candidatura de Momp\u00f3, que no es diputado auton\u00f3mico y, por tanto, no puede ser elegido ahora presidente por las Cortes Valencianas si el jefe del Consell dimite, tienen una alternativa temporal, Juan Francisco P\u00e9rez Llorca. Defienden la posibilidad de que el secretario general del PPCV y diputado sea nombrado como presidente interino. <\/p>\n<p class=\"\">En esta ecuaci\u00f3n el papel de la alcaldesa de Valencia, Mar\u00eda Jos\u00e9 Catal\u00e1, que tambi\u00e9n es diputada auton\u00f3mica, es residual, cuando la direcci\u00f3n nacional del PP siempre la ha visto con buenos ojos. La apuesta por ella como presidenta interina es muy improbable y arriesgada porque dejar\u00eda al Ayuntamiento y a la ciudad sin la principal baza del PP y, adem\u00e1s, su relaci\u00f3n con el grupo municipal de Vox ha sido muy tensa durante la legislatura. <\/p>\n<p class=\"\">Para cualquier decisi\u00f3n que no pase por la dimisi\u00f3n y convocatoria de elecciones anticipadas por parte de Maz\u00f3n, el PP necesitar\u00eda el visto bueno de su socio parlamentario, Vox (que tiene 13 esca\u00f1os), dado que solo cuenta con 40 diputados de los 99 que integran la c\u00e1mara. P\u00e9rez Llorca mantiene buena relaci\u00f3n con la formaci\u00f3n de extrema derecha y ha sido el negociador por parte de su partido en los acuerdos alcanzados con Vox, tanto en las Cortes Valencianas como en el pacto de Gobierno al que llegaron al inicio de la legislatura. Fuentes de Vox en Valencia se\u00f1alaron el s\u00e1bado por la noche a este peri\u00f3dico que nadie del PP se hab\u00eda puesto en contacto con ellos. Pero el escenario es muy cambiante y las decisiones se pueden precipitar de un d\u00eda para otro.<\/p>\n<p>M\u00e1s informaci\u00f3n<\/p>\n<p class=\"\">La crisis abierta en el PP se acent\u00faa a medida que pasan las horas. Las dudas sobre el futuro de Carlos Maz\u00f3n han abierto una enorme grieta en el partido (tanto a nivel nacional como auton\u00f3mico), que <a href=\"https:\/\/elpais.com\/espana\/2025-11-01\/un-ano-de-calculo-politico-de-feijoo-con-mazon-ya-es-tarde-para-todo.html\" target=\"_self\" rel=\"nofollow noopener\" title=\"https:\/\/elpais.com\/espana\/2025-11-01\/un-ano-de-calculo-politico-de-feijoo-con-mazon-ya-es-tarde-para-todo.html\">pone en cuesti\u00f3n hasta el propio liderazgo de Feij\u00f3o<\/a>. Distintos sectores del PP ya advierten que el presidente de la formaci\u00f3n corre el riesgo de debilitar su autoridad si no es capaz de ofrecer una soluci\u00f3n cuanto antes para el laberinto en el que el president valenciano ha metido al partido, enterrado en mentiras y medias verdades tras la cat\u00e1strofe de la dana del 29 de octubre del pasado a\u00f1o, <a href=\"https:\/\/elpais.com\/espana\/2025-10-26\/como-donde-y-a-que-hora-murieron-las-229-victimas-de-la-dana.html\" target=\"_self\" rel=\"nofollow noopener\" title=\"https:\/\/elpais.com\/espana\/2025-10-26\/como-donde-y-a-que-hora-murieron-las-229-victimas-de-la-dana.html\">cuando murieron 229 personas<\/a>.<\/p>\n<p class=\"\">Tras el acto de recuerdo de las v\u00edctimas del mi\u00e9rcoles, donde escuch\u00f3 los insultos que le profer\u00edan los familiares de los fallecidos, Maz\u00f3n anunci\u00f3 que se tomaba unos d\u00edas de \u201creflexi\u00f3n\u201d para meditar. El presidente se descarta como candidato del PP para unas futuras elecciones valencianas. Pero la incertidumbre sobre los siguientes pasos que dar\u00e1 (si dimitir\u00e1, si adelantar\u00e1 los comicios, si tratar\u00e1 de aguantar toda la legislatura&#8230;) han hecho acrecentar la presi\u00f3n sobre \u00e9l. Ya no solo son las cr\u00edticas que llegan desde fuera del partido, dentro de la propia formaci\u00f3n se multiplican las dudas y, ante lo que pueda pasar, varios cargos empiezan a mover ficha.<\/p>\n<p>El presidente de la Generalitat Valenciana, Carlos Maz\u00f3n el 30 de octubre.Foto: M\u00f3nica Torres | V\u00eddeo: epv<\/p>\n<p class=\"\">Algunos de los principales dirigentes del PP valenciano se reunieron para comer el pasado viernes. Al almuerzo asistieron Vicente Momp\u00f3, Marta Barrachina y Toni P\u00e9rez, respectivos presidentes de las diputaciones de Valencia, Castell\u00f3n y Alicante; adem\u00e1s del secretario general del PP regional y n\u00famero dos de Maz\u00f3n, Juan Francisco P\u00e9rez Llorca. Durante la cita, que se desarroll\u00f3 en un municipio de Alicante, telefonearon al president y le dijeron: \u201cNo te dejes hacer un Rita Barber\u00e1\u201d. Y, con el visto bueno de Maz\u00f3n, acordaron que Momp\u00f3 deb\u00eda ser la figura del pr\u00f3ximo cartel electoral.<\/p>\n<p><img decoding=\"auto\" class=\"_re lazyload a_m-h\" height=\"276\"  width=\"414\"  src=\"https:\/\/www.europesays.com\/es\/wp-content\/uploads\/2025\/11\/ZUY3O74TS5EKZCDAEG2XNVE7CA.jpg\" loading=\"lazy\"\/>La vicesecretaria de Regeneraci\u00f3n Institucional del PP, Cuca Gamarra, durante unas declaraciones en La Rioja.Raquel Manzanares (EFE)<\/p>\n<p class=\"\">Sin embargo, a\u00fan queda mucho por decidir y muchos por mediar. Adem\u00e1s de sobrevolar por detr\u00e1s la sempiterna figura del expresidente Francisco Camps, que amenaza con volver a la primera l\u00ednea pol\u00edtica tras salir absuelto de sus juicios por corrupci\u00f3n (aunque los tribunales han declarado probadas las ilegalidades en el PP que \u00e9l dirigi\u00f3 y en la Generalitat que \u00e9l presidi\u00f3), tambi\u00e9n suena para relevar a Maz\u00f3n el nombre de Mar\u00eda Jos\u00e9 Catal\u00e1, actual alcaldesa de Valencia y diputada auton\u00f3mica.<\/p>\n<p class=\"\">La decisi\u00f3n final, en cualquier caso, llegar\u00e1 en el congreso regional valenciano, que est\u00e1 pendiente de fecha. Y ser\u00e1 Feij\u00f3o quien marque los tiempos.<\/p>\n","protected":false},"excerpt":{"rendered":"La vicesecretaria de Regeneraci\u00f3n Institucional del PP, Cuca Gamarra, ha asegurado que el l\u00edder del partido conservador, Alberto&hellip;\n","protected":false},"author":2,"featured_media":214499,"comment_status":"","ping_status":"","sticky":false,"template":"","format":"standard","meta":{"footnotes":""},"categories":[8],"tags":[6069,17,18,2007,242,1681,4374,25,24,13,14,238,11,4274,19,20,9,10,15,16,957,956,37852,23,12,21,22,23862],"class_list":{"0":"post-214498","1":"post","2":"type-post","3":"status-publish","4":"format-standard","5":"has-post-thumbnail","7":"category-espana","8":"tag-alberto-nunez-feijoo","9":"tag-breaking-news","10":"tag-breakingnews","11":"tag-carlos-mazon","12":"tag-comunidad-valenciana","13":"tag-dana","14":"tag-elecciones","15":"tag-es","16":"tag-espana","17":"tag-featured-news","18":"tag-featurednews","19":"tag-generalitat-valenciana","20":"tag-headlines","21":"tag-inundaciones-dana-octubre-2024","22":"tag-latest-news","23":"tag-latestnews","24":"tag-news","25":"tag-noticias","26":"tag-noticias-destacadas","27":"tag-noticiasdestacadas","28":"tag-partidos-politicos","29":"tag-pp","30":"tag-ppcv","31":"tag-spain","32":"tag-titulares","33":"tag-ultimas-noticias","34":"tag-ultimasnoticias","35":"tag-vicente-mompo"},"share_on_mastodon":{"url":"","error":"Validation failed: Text character limit of 500 exceeded"},"_links":{"self":[{"href":"https:\/\/www.europesays.com\/es\/wp-json\/wp\/v2\/posts\/214498","targetHints":{"allow":["GET"]}}],"collection":[{"href":"https:\/\/www.europesays.com\/es\/wp-json\/wp\/v2\/posts"}],"about":[{"href":"https:\/\/www.europesays.com\/es\/wp-json\/wp\/v2\/types\/post"}],"author":[{"embeddable":true,"href":"https:\/\/www.europesays.com\/es\/wp-json\/wp\/v2\/users\/2"}],"replies":[{"embeddable":true,"href":"https:\/\/www.europesays.com\/es\/wp-json\/wp\/v2\/comments?post=214498"}],"version-history":[{"count":0,"href":"https:\/\/www.europesays.com\/es\/wp-json\/wp\/v2\/posts\/214498\/revisions"}],"wp:featuredmedia":[{"embeddable":true,"href":"https:\/\/www.europesays.com\/es\/wp-json\/wp\/v2\/media\/214499"}],"wp:attachment":[{"href":"https:\/\/www.europesays.com\/es\/wp-json\/wp\/v2\/media?parent=214498"}],"wp:term":[{"taxonomy":"category","embeddable":true,"href":"https:\/\/www.europesays.com\/es\/wp-json\/wp\/v2\/categories?post=214498"},{"taxonomy":"post_tag","embeddable":true,"href":"https:\/\/www.europesays.com\/es\/wp-json\/wp\/v2\/tags?post=214498"}],"curies":[{"name":"wp","href":"https:\/\/api.w.org\/{rel}","templated":true}]}}