{"id":214502,"date":"2025-11-02T14:03:09","date_gmt":"2025-11-02T14:03:09","guid":{"rendered":"https:\/\/www.europesays.com\/es\/214502\/"},"modified":"2025-11-02T14:03:09","modified_gmt":"2025-11-02T14:03:09","slug":"el-moving-day-en-alcanada-rinde-tributo-a-halloween","status":"publish","type":"post","link":"https:\/\/www.europesays.com\/es\/214502\/","title":{"rendered":"El &#8216;moving day&#8217; en Alcanada rinde tributo a Halloween"},"content":{"rendered":"<p>&#13;<br \/>\n        &#13;<br \/>\n&#13;<br \/>\n        &#13;<\/p>\n<p>            <a href=\"https:\/\/ten-golf.com\/wp-content\/uploads\/2025\/09\/roccorepettoportugal25.webp\" data-caption=\"Rocco Repetto.\" rel=\"nofollow noopener\" target=\"_blank\"><img decoding=\"async\" loading=\"lazy\" width=\"490\" height=\"444\" class=\"entry-thumb td-modal-image\" src=\"https:\/\/www.europesays.com\/es\/wp-content\/uploads\/2025\/11\/roccorepettoportugal25-490x444.webp.webp\"   alt=\"Rocco Repetto.\" title=\"Rocco Repetto.\"\/><\/a>Rocco Repetto.<\/p>\n<p>            Parece que un tuerto ha mirado a la Armada en este s\u00e1bado de la Final del HotelPlanner Tour. La realidad es que despu\u00e9s de 54 hoyos en Alcanada ninguno de los espa\u00f1oles mejora su situaci\u00f3n en el ranking de la Road to Mallorca. Quedan 18 hoyos para darle la vuelta a la to<\/p>\n<p>Para seguir leyendo, Suscr\u00edbete<\/p>\n<p>    Subscription OptionsMENSUAL<\/p>\n<p>Unlimited  Entradas<\/p>\n<p>Unlimited  Galer\u00edas<\/p>\n<p>Unlimited  \u00c1lbumes<\/p>\n<p>Unlimited  P\u00e1ginas<\/p>\n<p>ANUAL + LIBRO<\/p>\n<p>Unlimited  Entradas<\/p>\n<p>Unlimited  Galer\u00edas<\/p>\n<p>Unlimited  \u00c1lbumes<\/p>\n<p>Unlimited  P\u00e1ginas<\/p>\n<p>ANUAL<\/p>\n<p>Unlimited  Entradas<\/p>\n<p>Unlimited  Galer\u00edas<\/p>\n<p>Unlimited  \u00c1lbumes<\/p>\n<p>Unlimited  P\u00e1ginas<\/p>\n<p>    Recibe 30 mulligans para gastar en <a href=\"https:\/\/thegame.ten-golf.com\" target=\"_blank\" rel=\"nofollow noopener\">TheGame<\/a> junto a tu suscripci\u00f3n anual (al final de la temporada se quitar\u00e1n los mulligans no gastados)<\/p>\n<p>    Pincha <a href=\"https:\/\/ten-golf.com\/tengolf-pone-en-marcha-el-muro-de-pago-y-crea-el-club-tengolf\" target=\"_blank\" rel=\"nofollow noopener\">aqu\u00ed<\/a> para saber m\u00e1s sobre las distintas suscripciones<\/p>\n<p>        &#13;<br \/>\n&#13;<br \/>\n        &#13;<br \/>\n            &#13;<br \/>\n            &#13;<br \/>\n&#13;<\/p>\n<p class=\"join-telegram\"><img decoding=\"async\" class=\"loading\" src=\"https:\/\/www.europesays.com\/es\/wp-content\/uploads\/2025\/10\/telegram-icon.png\" alt=\"\"\/> S\u00edguenos tambi\u00e9n en <a href=\"https:\/\/telegram.org\/\" target=\"_blank\" style=\"font-weight: normal;\" rel=\"nofollow noopener\">Telegram<\/a> en el canal <a href=\"https:\/\/t.me\/tengolf\" target=\"_blank\" rel=\"nofollow\">@tengolf<\/a><\/p>\n<p>        &#13;<br \/>\n        <a class=\"will-load\" name=\"end-article\" data-id=\"post-211692\"\/>&#13;<\/p>\n","protected":false},"excerpt":{"rendered":"&#13; &#13; &#13; &#13; Rocco Repetto. Parece que un tuerto ha mirado a la Armada en este s\u00e1bado&hellip;\n","protected":false},"author":2,"featured_media":214503,"comment_status":"","ping_status":"","sticky":false,"template":"","format":"standard","meta":{"footnotes":""},"categories":[275],"tags":[168,25,24,329,336,339,340,1909,1910,57087,34411,57088,23,167,56917],"class_list":{"0":"post-214502","1":"post","2":"type-post","3":"status-publish","4":"format-standard","5":"has-post-thumbnail","7":"category-golf","8":"tag-deportes","9":"tag-es","10":"tag-espana","11":"tag-golf","12":"tag-notificacion","13":"tag-portada-america","14":"tag-portada-global","15":"tag-portada-top","16":"tag-portada-top-america","17":"tag-quim-vidal","18":"tag-rocco-repetto-taylor","19":"tag-sebas-garcia","20":"tag-spain","21":"tag-sports","22":"tag-victor-pastor"},"share_on_mastodon":{"url":"https:\/\/pubeurope.com\/@es\/115480481694114791","error":""},"_links":{"self":[{"href":"https:\/\/www.europesays.com\/es\/wp-json\/wp\/v2\/posts\/214502","targetHints":{"allow":["GET"]}}],"collection":[{"href":"https:\/\/www.europesays.com\/es\/wp-json\/wp\/v2\/posts"}],"about":[{"href":"https:\/\/www.europesays.com\/es\/wp-json\/wp\/v2\/types\/post"}],"author":[{"embeddable":true,"href":"https:\/\/www.europesays.com\/es\/wp-json\/wp\/v2\/users\/2"}],"replies":[{"embeddable":true,"href":"https:\/\/www.europesays.com\/es\/wp-json\/wp\/v2\/comments?post=214502"}],"version-history":[{"count":0,"href":"https:\/\/www.europesays.com\/es\/wp-json\/wp\/v2\/posts\/214502\/revisions"}],"wp:featuredmedia":[{"embeddable":true,"href":"https:\/\/www.europesays.com\/es\/wp-json\/wp\/v2\/media\/214503"}],"wp:attachment":[{"href":"https:\/\/www.europesays.com\/es\/wp-json\/wp\/v2\/media?parent=214502"}],"wp:term":[{"taxonomy":"category","embeddable":true,"href":"https:\/\/www.europesays.com\/es\/wp-json\/wp\/v2\/categories?post=214502"},{"taxonomy":"post_tag","embeddable":true,"href":"https:\/\/www.europesays.com\/es\/wp-json\/wp\/v2\/tags?post=214502"}],"curies":[{"name":"wp","href":"https:\/\/api.w.org\/{rel}","templated":true}]}}