{"id":214506,"date":"2025-11-02T14:07:05","date_gmt":"2025-11-02T14:07:05","guid":{"rendered":"https:\/\/www.europesays.com\/es\/214506\/"},"modified":"2025-11-02T14:07:05","modified_gmt":"2025-11-02T14:07:05","slug":"el-oses-gana-con-apuros","status":"publish","type":"post","link":"https:\/\/www.europesays.com\/es\/214506\/","title":{"rendered":"El Os\u00e9s gana con apuros"},"content":{"rendered":"<p class=\"paragraph\"><b>Victoria sufrid\u00edsima del Os\u00e9s Construcciones Ardoi ante el colista Fustecma Castell\u00f3n<\/b> en partido que pudo romper en dos ocasiones en el primer tiempo y que termin\u00f3 con resultado satisfactorio en un final muy ajustado (61-63).<\/p>\n<p class=\"paragraph\">Comenz\u00f3 el partido lanzado el Os\u00e9s Construcciones Ardoi. Siete puntos de Castro, m\u00e1s otros cuatro aportados por Wone y Guti\u00e9rrez pusieron un marcador de 2-11 que oblig\u00f3 a Jaume Tormo a parar el cron\u00f3metro.No consigui\u00f3 frenar la sangr\u00eda de su equipo que recibi\u00f3 otros siete puntos en contra antes de conseguir su tercera canasta. Fueron m\u00e1s de cinco minutos sin anotar para un resultado de 4-18. Campos, Bas\u00e1ez y Jovena lideraron la reacci\u00f3n local y un parcial de 7-0 para dejar el marcador al final del cuarto en 11-18.<\/p>\n<p class=\"paragraph\">Wone, Asurmendi y Parra estiraron la ventaja de su equipo en el inicio del segundo cuarto (12-26). Recuperaba el Os\u00e9s Construcciones Ardoi los catorce puntos de ventaja que ya tuvo en el primer acto. Sin embargo, aqu\u00ed se le pagaron las luces en ataque y un poco tambi\u00e9n en defensa.<\/p>\n<p class=\"paragraph\">La intensidad de Ferri y De Giacomo comenz\u00f3 a hacer da\u00f1o al equipo zizurtarra, que hab\u00eda estado muy c\u00f3modo hasta entonces ante el poco acierto local en el lanzamiento exterior (23-31)<\/p>\n<p class=\"paragraph\"><b>Se qued\u00f3 atascado el equipo dirigido por Juancho Ferreira en el punto 31<\/b> y as\u00ed vio c\u00f3mo su rival iba recortando la diferencia con puntos de Campos, De Giacomo, Bas\u00e1ez y un triple sobre la bocina de Ferri que dej\u00f3 el encuentro al descanso en un pu\u00f1o (30-31).<\/p>\n<p class=\"paragraph\">No parec\u00eda el colista el rival que ten\u00eda enfrente el Os\u00e9s. La intensidad que demostr\u00f3 en ese final de segundo cuarto se traslad\u00f3 al comienzo del tercero lo que le permiti\u00f3 voltear el tanteador, tras robar tres balones y conseguir canastas f\u00e1ciles al contragolpe (36-31).<\/p>\n<p class=\"paragraph\">Le costaba un mundo anotar al equipo navarro, que adem\u00e1s vio c\u00f3mo <b>su rival le castig\u00f3 con el rebote ofensivo<\/b>. Castro y Guti\u00e9rrez dieron tranquilidad a su equipo poniendo orden en ataque y lograron empatar la contienda (36-36).<\/p>\n<p class=\"paragraph\">No se achant\u00f3 el cuadro castellonense que volvi\u00f3 a la carga. La ilusi\u00f3n por conseguir la primera victoria de la temporada motiv\u00f3 a sus jugadoras para luchar por cada bal\u00f3n como si les fuera la vida en ello (41-38). La din\u00e1mica era favorable al equipo local y de esta forma, el tercer cuarto concluy\u00f3 con el triunfo parcial del Fustecma por 48-44. Quedaban diez minutos que promet\u00edan ser de infarto. En las caras de las jugadoras locales se atisbaba ilusi\u00f3n, en las de las jugadoras del Ardoi, preocupaci\u00f3n.<\/p>\n<p class=\"paragraph\">El \u00faltimo parcial comenz\u00f3 igualado con intercambio de canastas hasta que Ferri y Campos convirtieron sendos triples que pusieron un inquietante 58-51.<\/p>\n<p class=\"paragraph\"><b>REACCI\u00d3N<\/b><\/p>\n<p class=\"paragraph\"><b>Juancho Ferreira tuvo que pedir tiempo muerto.<\/b> Cinco minutos por delante para remontar ante un rival extramotivado. El Ardoi busc\u00f3 hacer da\u00f1o por dentro con Wone, que respondi\u00f3 con cuatro puntos y oblig\u00f3 a la defensa local a cerrarse sobre ella, lo que aprovech\u00f3 Mungo para anotar un triple. La desventaja se redujo a tan solo un punto. Soler la ampli\u00f3 a tres y Castro la volvi\u00f3 a reducir a uno (61-60).<\/p>\n<p class=\"paragraph\">Campos hizo flopping y los \u00e1rbitros le se\u00f1alaron t\u00e9cnica, lo que supuso su expulsi\u00f3n por cinco faltas. Parra convirti\u00f3 el tiro libre y empat\u00f3 a falta de minuto y medio.<\/p>\n<p class=\"paragraph\">Castro devolvi\u00f3 la delantera a su equipo a menos de un minuto (61-63). <b>Un robo de Blanco priv\u00f3 al cuadro local de intentar lanzar a canasta y el partido concluy\u00f3.<\/b><\/p>\n<p class=\"c-detail__box__title\"><b>Fustecma Nou Basquet: <\/b>Campos (15), Ferri (13), Bas\u00e1ez (10), Agyei (8), De Giacomo (3) -quinteto inicial-, Soler (7), Del Pino, Ruiz (3) y Jovena (2).\u00a0<br \/><b>Os\u00e9s Construcci\u00f3n Ardoi:<\/b> Guti\u00e9rrez (7), Parra (7), Castro (20), Wone (10), Recarte -quinteto inicial-, Asurmendi (5), Llorente (2), Mungo (11), Blanco (1), Elso y D\u00edez. <b>\u00c1rbitros: <\/b>Presseguer Bombardo (Colegio catal\u00e1n) y Bernab\u00e9u Valent\u00edn (Colegio valenciano). Eliminada por faltas Campos (min. 38).\u00a0<br \/><b>Parciales: <\/b>11-18, 19-13 (30-31), 18-13 (48-44), 13-19 (61-63). Incidencias: Pabell\u00f3n Municipal Grapa. 350 espectadores.<\/p>\n","protected":false},"excerpt":{"rendered":"Victoria sufrid\u00edsima del Os\u00e9s Construcciones Ardoi ante el colista Fustecma Castell\u00f3n en partido que pudo romper en dos&hellip;\n","protected":false},"author":2,"featured_media":214507,"comment_status":"","ping_status":"","sticky":false,"template":"","format":"standard","meta":{"footnotes":""},"categories":[269],"tags":[19053,299,298,168,25,24,4355,57739,23,167],"class_list":{"0":"post-214506","1":"post","2":"type-post","3":"status-publish","4":"format-standard","5":"has-post-thumbnail","7":"category-baloncesto","8":"tag-apuros","9":"tag-baloncesto","10":"tag-basketball","11":"tag-deportes","12":"tag-es","13":"tag-espana","14":"tag-gana","15":"tag-oses","16":"tag-spain","17":"tag-sports"},"share_on_mastodon":{"url":"https:\/\/pubeurope.com\/@es\/115480497184017863","error":""},"_links":{"self":[{"href":"https:\/\/www.europesays.com\/es\/wp-json\/wp\/v2\/posts\/214506","targetHints":{"allow":["GET"]}}],"collection":[{"href":"https:\/\/www.europesays.com\/es\/wp-json\/wp\/v2\/posts"}],"about":[{"href":"https:\/\/www.europesays.com\/es\/wp-json\/wp\/v2\/types\/post"}],"author":[{"embeddable":true,"href":"https:\/\/www.europesays.com\/es\/wp-json\/wp\/v2\/users\/2"}],"replies":[{"embeddable":true,"href":"https:\/\/www.europesays.com\/es\/wp-json\/wp\/v2\/comments?post=214506"}],"version-history":[{"count":0,"href":"https:\/\/www.europesays.com\/es\/wp-json\/wp\/v2\/posts\/214506\/revisions"}],"wp:featuredmedia":[{"embeddable":true,"href":"https:\/\/www.europesays.com\/es\/wp-json\/wp\/v2\/media\/214507"}],"wp:attachment":[{"href":"https:\/\/www.europesays.com\/es\/wp-json\/wp\/v2\/media?parent=214506"}],"wp:term":[{"taxonomy":"category","embeddable":true,"href":"https:\/\/www.europesays.com\/es\/wp-json\/wp\/v2\/categories?post=214506"},{"taxonomy":"post_tag","embeddable":true,"href":"https:\/\/www.europesays.com\/es\/wp-json\/wp\/v2\/tags?post=214506"}],"curies":[{"name":"wp","href":"https:\/\/api.w.org\/{rel}","templated":true}]}}