{"id":214555,"date":"2025-11-02T14:42:08","date_gmt":"2025-11-02T14:42:08","guid":{"rendered":"https:\/\/www.europesays.com\/es\/214555\/"},"modified":"2025-11-02T14:42:08","modified_gmt":"2025-11-02T14:42:08","slug":"extra-energias-renovables-hora-de-reciclar-los-primeros-molinos-y-paneles-obsoletos-energias-renovables-extras","status":"publish","type":"post","link":"https:\/\/www.europesays.com\/es\/214555\/","title":{"rendered":"Extra Energ\u00edas renovables: Hora de reciclar los primeros molinos y paneles obsoletos | Energ\u00edas renovables | Extras"},"content":{"rendered":"<p class=\"\">En los pr\u00f3ximos cinco a\u00f1os, Espa\u00f1a y Europa se enfrentar\u00e1n a una avalancha de residuos provenientes del primer gran despliegue de energ\u00edas renovables. Esto incluye, sobre todo, los aerogeneradores y los paneles solares instalados a finales de los a\u00f1os 90 y a lo largo de la d\u00e9cada del 2000, los cuales se acercan ya al final de su vida \u00fatil. El sector se halla, por tanto, ante uno de sus mayores desaf\u00edos ambientales: <a href=\"https:\/\/elpais.com\/economia\/negocios\/2023-02-14\/el-gran-reto-verde-el-reciclaje-de-las-energias-renovables.html\" target=\"_self\" rel=\"nofollow noopener\" title=\"https:\/\/elpais.com\/economia\/negocios\/2023-02-14\/el-gran-reto-verde-el-reciclaje-de-las-energias-renovables.html\">gestionar y reciclar cientos de miles de toneladas de materiales<\/a>, muchos de ellos valiosos y otros altamente complejos y dif\u00edciles de recuperar.<\/p>\n<p class=\"\">\u201cLos residuos que actualmente gestionamos provienen sobre todo de malas instalaciones, roturas o accidentes climatol\u00f3gicos que hacen que los paneles salgan del sistema antes de lo previsto. Pero el volumen que se va a generar en los pr\u00f3ximos a\u00f1os ser\u00e1 enorme\u201d, se\u00f1ala Gonzalo Torralbo, director comercial y de relaciones institucionales de Recyclia, la plataforma que aglutina a las principales fundaciones medioambientales espa\u00f1olas dedicadas al reciclaje de residuos electr\u00f3nicos y pilas. <\/p>\n<p>M\u00e1s informaci\u00f3n<\/p>\n<p class=\"\">Para ilustrar la magnitud del desaf\u00edo, Torralbo detalla que en las \u00faltimas d\u00e9cadas se ha instalado una capacidad cercana a los cinco gigavatios (GW) de energ\u00eda fotovoltaica en nuestro pa\u00eds. Cada megavatio (MW) implica unas 80 toneladas de paneles solares, precisa, lo que se traduce en hasta 400.000 toneladas de residuos potenciales antes de 2030, una cifra que supera con creces la capacidad de reciclaje disponible actualmente en Espa\u00f1a. \u201cPor tanto, <a href=\"https:\/\/elpais.com\/clima-y-medio-ambiente\/2024-02-02\/que-vamos-a-hacer-con-los-residuos-de-los-molinos-y-placas-solares-espana-ya-reutiliza-el-66-del-material-y-construye-plantas-de-reciclaje.html\" target=\"_self\" rel=\"nofollow noopener\" title=\"https:\/\/elpais.com\/clima-y-medio-ambiente\/2024-02-02\/que-vamos-a-hacer-con-los-residuos-de-los-molinos-y-placas-solares-espana-ya-reutiliza-el-66-del-material-y-construye-plantas-de-reciclaje.html\">ser\u00e1 necesario desarrollar nuevas plantas de reciclaje espec\u00edficas<\/a> para este flujo creciente\u201d, advierte.<\/p>\n<p><b>Elementos complicados<\/b><\/p>\n<p class=\"\">El caso de la energ\u00eda e\u00f3lica es similar, pero con un obst\u00e1culo a\u00f1adido: las palas de los aerogeneradores est\u00e1n fabricadas con materiales compuestos dif\u00edciles de reciclar, como fibras de vidrio, carbono y resinas polim\u00e9ricas. Seg\u00fan Juan de Dios L\u00f3pez, director t\u00e9cnico de la Asociaci\u00f3n Empresarial E\u00f3lica (AEE), aunque actualmente se recupera entre el 85% y el 90% del peso total de un aerogenerador \u2014incluyendo la cimentaci\u00f3n, la torre y la g\u00f3ndola\u2014, las palas siguen siendo el eslab\u00f3n m\u00e1s complejo en la cadena de reciclaje.<\/p>\n<p class=\"\">\u201cEs necesario tener en cuenta que el impacto de los residuos procedentes de las palas de aerogeneradores antiguos no supone ning\u00fan riesgo medioambiental\u201d, aclara L\u00f3pez. Y a\u00f1ade: \u201cComparativamente con otro tipo de residuos industriales o de productos de consumo que utilizamos en la vida cotidiana, las palas son qu\u00edmicamente inertes y, por tanto, no son t\u00f3xicas, no producen lixiviados que puedan ser perjudiciales para el medioambiente, como s\u00ed ocurre con otros residuos\u201d.<\/p>\n<p class=\"\">No obstante, reconoce que estos componentes de los aerogeneradores <a href=\"https:\/\/elpais.com\/clima-y-medio-ambiente\/2024-12-17\/como-pasar-de-139-aerogeneradores-a-22-y-producir-mas-energia-asi-funciona-la-repotenciacion-y-el-reciclaje-de-parques-eolicos.html\" target=\"_self\" rel=\"nofollow noopener\" title=\"https:\/\/elpais.com\/clima-y-medio-ambiente\/2024-12-17\/como-pasar-de-139-aerogeneradores-a-22-y-producir-mas-energia-asi-funciona-la-repotenciacion-y-el-reciclaje-de-parques-eolicos.html\">son residuos muy voluminosos cuya gesti\u00f3n resulta, como m\u00ednimo, compleja<\/a>. Por ello, subraya que la implementaci\u00f3n de medidas de econom\u00eda circular se ha convertido en una prioridad para el sector e\u00f3lico, con el objetivo de reducir su huella ecol\u00f3gica e impulsar su sostenibilidad. Entre estas iniciativas destaca el desarrollo de palas m\u00e1s ecol\u00f3gicas, la reutilizaci\u00f3n de aerogeneradores en buen estado en mercados de segunda mano y el reciclaje avanzado de materiales mediante procesos mec\u00e1nicos, t\u00e9rmicos y qu\u00edmicos.<\/p>\n<p>M\u00e1s informaci\u00f3n<\/p>\n<p class=\"\">En este \u00faltimo campo, EnergyLoop \u2014una joint venture impulsada por Iberdrola y FCC con sede en Navarra\u2014 ha dado un paso significativo al abrir en junio de este a\u00f1o <a href=\"https:\/\/cincodias.elpais.com\/extras\/entorno\/2025-07-31\/un-pequeno-pueblo-navarro-alberga-la-primera-planta-de-reciclaje-de-aerogeneradores.html\" target=\"_self\" rel=\"nofollow noopener\" title=\"https:\/\/cincodias.elpais.com\/extras\/entorno\/2025-07-31\/un-pequeno-pueblo-navarro-alberga-la-primera-planta-de-reciclaje-de-aerogeneradores.html\">una planta capaz de procesar 10.000 toneladas de palas al a\u00f1o<\/a>. \u201cYa estamos incorporando este material reciclado en la fabricaci\u00f3n de cemento, sustituyendo las materias primas minerales \u2014arcillas, caliza\u2014 necesarias en su composici\u00f3n, con reducci\u00f3n significativa en la huella de carbono. Tambi\u00e9n estamos en conversaciones con otros socios potenciales para explorar nuevos usos para los materiales recuperados, como la producci\u00f3n de componentes basados en pol\u00edmeros\u201d, se\u00f1ala Federico Sanmart\u00edn, CEO de la empresa. <\/p>\n<p class=\"\">No son los \u00fanicos que se han propuesto abordar el problema. Otras compa\u00f1\u00edas espa\u00f1olas tambi\u00e9n apuestan por la circularidad, explorando v\u00edas alternativas. El director t\u00e9cnico de la AEE destaca el caso de Surus Inversa, que eval\u00faa activos e\u00f3licos para determinar la viabilidad de extender su ciclo de vida. Esta empresa ha gestionado en Espa\u00f1a el desmantelamiento de parques como Malpica, Zas y Corme, reutilizando parte de los componentes en otras instalaciones. Tambi\u00e9n menciona a Spares in Motion, una plataforma online internacional que conecta a compradores y vendedores en el mercado de recambios y posventa de aerogeneradores.<\/p>\n<p>M\u00e1s informaci\u00f3n<\/p>\n<p class=\"\">Al mismo tiempo, han surgido <a href=\"https:\/\/elpais.com\/extra\/energia\/2023-02-26\/fuentes-limpias-y-de-diseno-vanguardista.html\" target=\"_self\" rel=\"nofollow noopener\" title=\"https:\/\/elpais.com\/extra\/energia\/2023-02-26\/fuentes-limpias-y-de-diseno-vanguardista.html\">propuestas tecnol\u00f3gicas emergentes como las turbinas e\u00f3licas sin palas<\/a>, desarrolladas en Espa\u00f1a por la empresa Vortex Bladeless. Estas estructuras cil\u00edndricas capturan la energ\u00eda del viento mediante oscilaciones, lo que permite eliminar muchos de los inconvenientes asociados a las turbinas convencionales: menor impacto visual, menos ruido y un mantenimiento reducido. <\/p>\n<p class=\"\">\u201cEs una tecnolog\u00eda muy interesante. A priori, todo parecen ventajas\u201d, se\u00f1ala Luis Cano, director del Centro de Desarrollo de Energ\u00edas Renovables del Ciemat. Sin embargo, advierte que \u00e9sta a\u00fan enfrenta importantes desaf\u00edos, ya que las turbinas sin palas aprovechan r\u00e1fagas de viento mediante vibraciones y su movimiento es m\u00ednimo en comparaci\u00f3n con una turbina convencional. \u201cPara competir con tecnolog\u00edas como la fotovoltaica o la e\u00f3lica tradicional, necesitan ser rentables, duraderas y de bajo mantenimiento. Pero lograr ese equilibrio no es f\u00e1cil\u201d, apunta.<\/p>\n<p>Normativa y transparencia<\/p>\n<p>A nivel normativo, Europa avanza hacia una regulaci\u00f3n m\u00e1s estricta y detallada. El nuevo Reglamento de Bater\u00edas de la UE, por ejemplo, incorpora el pasaporte digital para garantizar la trazabilidad de materiales y su correcta gesti\u00f3n al final de la vida \u00fatil. Mientras tanto, desde la consultora EcoVadis, que eval\u00faa la sostenibilidad de las cadenas de suministro, se constata un aumento de la transparencia y las acciones medioambientales en el sector. \u201cObservamos una mejora del 14,1 % en sostenibilidad ambiental entre las empresas espa\u00f1olas de energ\u00eda renovable\u201d, se\u00f1ala Julia Guerrero, experta en descarbonizaci\u00f3n de la plataforma. \u201cEl 60% de las compa\u00f1\u00edas ya informa sobre residuos recuperados, y un 50% sobre agua reciclada. La tendencia es positiva, aunque a\u00fan queda mucho por hacer\u201d, puntualiza.<\/p>\n","protected":false},"excerpt":{"rendered":"En los pr\u00f3ximos cinco a\u00f1os, Espa\u00f1a y Europa se enfrentar\u00e1n a una avalancha de residuos provenientes del primer&hellip;\n","protected":false},"author":2,"featured_media":214556,"comment_status":"","ping_status":"","sticky":false,"template":"","format":"standard","meta":{"footnotes":""},"categories":[80],"tags":[82,95,2638,18781,94,5220,7832,5498,25,24,57748,5506,57746,57747,23],"class_list":{"0":"post-214555","1":"post","2":"type-post","3":"status-publish","4":"format-standard","5":"has-post-thumbnail","7":"category-economia","8":"tag-business","9":"tag-economia","10":"tag-economia-circular","11":"tag-economia-sostenible","12":"tag-economy","13":"tag-energia","14":"tag-energia-eolica","15":"tag-energias-renovables","16":"tag-es","17":"tag-espana","18":"tag-paneles-solares","19":"tag-reciclaje","20":"tag-reciclaje-metales","21":"tag-residuos-industriales","22":"tag-spain"},"share_on_mastodon":{"url":"https:\/\/pubeurope.com\/@es\/115480634508018315","error":""},"_links":{"self":[{"href":"https:\/\/www.europesays.com\/es\/wp-json\/wp\/v2\/posts\/214555","targetHints":{"allow":["GET"]}}],"collection":[{"href":"https:\/\/www.europesays.com\/es\/wp-json\/wp\/v2\/posts"}],"about":[{"href":"https:\/\/www.europesays.com\/es\/wp-json\/wp\/v2\/types\/post"}],"author":[{"embeddable":true,"href":"https:\/\/www.europesays.com\/es\/wp-json\/wp\/v2\/users\/2"}],"replies":[{"embeddable":true,"href":"https:\/\/www.europesays.com\/es\/wp-json\/wp\/v2\/comments?post=214555"}],"version-history":[{"count":0,"href":"https:\/\/www.europesays.com\/es\/wp-json\/wp\/v2\/posts\/214555\/revisions"}],"wp:featuredmedia":[{"embeddable":true,"href":"https:\/\/www.europesays.com\/es\/wp-json\/wp\/v2\/media\/214556"}],"wp:attachment":[{"href":"https:\/\/www.europesays.com\/es\/wp-json\/wp\/v2\/media?parent=214555"}],"wp:term":[{"taxonomy":"category","embeddable":true,"href":"https:\/\/www.europesays.com\/es\/wp-json\/wp\/v2\/categories?post=214555"},{"taxonomy":"post_tag","embeddable":true,"href":"https:\/\/www.europesays.com\/es\/wp-json\/wp\/v2\/tags?post=214555"}],"curies":[{"name":"wp","href":"https:\/\/api.w.org\/{rel}","templated":true}]}}