{"id":214559,"date":"2025-11-02T14:44:10","date_gmt":"2025-11-02T14:44:10","guid":{"rendered":"https:\/\/www.europesays.com\/es\/214559\/"},"modified":"2025-11-02T14:44:10","modified_gmt":"2025-11-02T14:44:10","slug":"evole-publica-este-tuit-sobre-mazon-un-1-de-noviembre-y-ya-va-camino-de-ser-uno-de-los-mas-compartidos-de-todo-el-mes","status":"publish","type":"post","link":"https:\/\/www.europesays.com\/es\/214559\/","title":{"rendered":"\u00c9vole publica este tuit sobre Maz\u00f3n un 1 de noviembre y ya va camino de ser uno de los m\u00e1s compartidos de todo el mes"},"content":{"rendered":"<p>El <a href=\"https:\/\/www.huffingtonpost.es\/virales\/jordi-evole-califica-palabra-el-sentir-nostalgia-franquismo-hay-salta-rapido.html\" rel=\"nofollow noopener\" target=\"_blank\">periodista Jordi \u00c9vole<\/a>,\u00a0presentador de Lo de \u00c9vole en La Sexta, ganador de varios Premios Ondas, Premios Iris y un Premio Internacional de Periodismo Manuel V\u00e1zquez Montalb\u00e1n, ha publicado <b><a href=\"https:\/\/www.huffingtonpost.es\/politica\/feijoo-mazon-hablaran-domingo-analizar-contexto-politico-comunidad-valenciana.html\" rel=\"nofollow noopener\" target=\"_blank\">un tuit sobre el futuro de Carlos Maz\u00f3n<\/a><\/b> que va camino de ser de los m\u00e1s compartidos del mes de noviembre.<\/p>\n<p>El mensaje ha llegado despu\u00e9s de todas las noticias que han salido este s\u00e1bado, tras la reuni\u00f3n de varios miembros del PP valenciano en la que propusieron al <b><a href=\"https:\/\/www.huffingtonpost.es\/politica\/vicente-mompo-hombre-consenso-sustituir-carlos-mazon.html\" rel=\"nofollow noopener\" target=\"_blank\">actual presidente del PP de la provincia de Valencia y de la Diputaci\u00f3n, Vicent Momp\u00f3<\/a><\/b>, como el\u00a0posible relevo de Maz\u00f3n al frente del partido y para ser el pr\u00f3ximo candidato a la Generalitat.<\/p>\n<p>El encuentro lo protagonizaron\u00a0el secretario general del PPCV, Juanfran P\u00e9rez Llorca, y los tres presidentes provinciales, Vicent Momp\u00f3 en Valencia, Toni P\u00e9rez en Alicante y Marta Barrachina en Castell\u00f3n.<\/p>\n<p>En el mensaje, publicado antes de que se conociera que el l\u00edder del PP, Alberto N\u00fa\u00f1ez Feij\u00f3o, mantendr\u00eda este domingo una conversaci\u00f3n con el presidente de la Generalitat Valenciana, ha sido igual de duro con Maz\u00f3n que con el mandatario del principal partido de la oposici\u00f3n en Espa\u00f1a.<\/p>\n<p>\u00ab<b>Cu\u00e1ndo se sepa todo, que se sabr\u00e1<\/b>, nadie va a entender c\u00f3mo Maz\u00f3n ha sido capaz de seguir siendo President un a\u00f1o entero\u00bb, ha asegurado el presentador en la primera parte del tuit publicado este 1 de noviembre.<\/p>\n<p>Ha sido entonces cuando \u00c9vole se ha acordado tanto de Feij\u00f3o, como del l\u00edder de Vox, Santiago Abascal, por el apoyo de su partido en la regi\u00f3n. \u00ab<b>Ni c\u00f3mo Feijoo ni c\u00f3mo Abascal fueron sus c\u00f3mplices, manteni\u00e9ndole en el cargo<\/b>. Un a\u00f1o entero. Con 229 muertes. Es incomprensible\u00bb, ha razonado, en un mensaje que suma m\u00e1s de 18.000 me gusta\u00a0y habiendo sido compartido por m\u00e1s de 5.000 usuarios en algo m\u00e1s de 12 horas.<\/p>\n","protected":false},"excerpt":{"rendered":"El periodista Jordi \u00c9vole,\u00a0presentador de Lo de \u00c9vole en La Sexta, ganador de varios Premios Ondas, Premios Iris&hellip;\n","protected":false},"author":2,"featured_media":214560,"comment_status":"","ping_status":"","sticky":false,"template":"","format":"standard","meta":{"footnotes":""},"categories":[8],"tags":[6069,17,18,2007,25,24,13,14,11,13987,19,20,9,10,15,16,23,12,21,22],"class_list":{"0":"post-214559","1":"post","2":"type-post","3":"status-publish","4":"format-standard","5":"has-post-thumbnail","7":"category-espana","8":"tag-alberto-nunez-feijoo","9":"tag-breaking-news","10":"tag-breakingnews","11":"tag-carlos-mazon","12":"tag-es","13":"tag-espana","14":"tag-featured-news","15":"tag-featurednews","16":"tag-headlines","17":"tag-jordi-evole","18":"tag-latest-news","19":"tag-latestnews","20":"tag-news","21":"tag-noticias","22":"tag-noticias-destacadas","23":"tag-noticiasdestacadas","24":"tag-spain","25":"tag-titulares","26":"tag-ultimas-noticias","27":"tag-ultimasnoticias"},"share_on_mastodon":{"url":"https:\/\/pubeurope.com\/@es\/115480642460881677","error":""},"_links":{"self":[{"href":"https:\/\/www.europesays.com\/es\/wp-json\/wp\/v2\/posts\/214559","targetHints":{"allow":["GET"]}}],"collection":[{"href":"https:\/\/www.europesays.com\/es\/wp-json\/wp\/v2\/posts"}],"about":[{"href":"https:\/\/www.europesays.com\/es\/wp-json\/wp\/v2\/types\/post"}],"author":[{"embeddable":true,"href":"https:\/\/www.europesays.com\/es\/wp-json\/wp\/v2\/users\/2"}],"replies":[{"embeddable":true,"href":"https:\/\/www.europesays.com\/es\/wp-json\/wp\/v2\/comments?post=214559"}],"version-history":[{"count":0,"href":"https:\/\/www.europesays.com\/es\/wp-json\/wp\/v2\/posts\/214559\/revisions"}],"wp:featuredmedia":[{"embeddable":true,"href":"https:\/\/www.europesays.com\/es\/wp-json\/wp\/v2\/media\/214560"}],"wp:attachment":[{"href":"https:\/\/www.europesays.com\/es\/wp-json\/wp\/v2\/media?parent=214559"}],"wp:term":[{"taxonomy":"category","embeddable":true,"href":"https:\/\/www.europesays.com\/es\/wp-json\/wp\/v2\/categories?post=214559"},{"taxonomy":"post_tag","embeddable":true,"href":"https:\/\/www.europesays.com\/es\/wp-json\/wp\/v2\/tags?post=214559"}],"curies":[{"name":"wp","href":"https:\/\/api.w.org\/{rel}","templated":true}]}}