{"id":214589,"date":"2025-11-02T15:06:10","date_gmt":"2025-11-02T15:06:10","guid":{"rendered":"https:\/\/www.europesays.com\/es\/214589\/"},"modified":"2025-11-02T15:06:10","modified_gmt":"2025-11-02T15:06:10","slug":"trump-ordena-al-ejercito-que-se-prepare-para-intervenir-en-nigeria-y-defender-a-los-cristianos-del-pais-sera-rapido-y-brutal","status":"publish","type":"post","link":"https:\/\/www.europesays.com\/es\/214589\/","title":{"rendered":"Trump ordena al ej\u00e9rcito que se prepare para intervenir en Nigeria y defender a los cristianos del pa\u00eds: \u00abSer\u00e1 r\u00e1pido y brutal\u00bb"},"content":{"rendered":"<p class=\"c-paragraph\">El presidente de Estados Unidos, <a href=\"https:\/\/www.20minutos.es\/tags\/personas\/donald-trump.html\" title=\"Donald Trump\" rel=\"nofollow noopener\" target=\"_blank\">Donald Trump<\/a>, dijo este s\u00e1bado que orden\u00f3 al Departamento de Guerra prepararse para una \u00abposible acci\u00f3n\u00bb en <a href=\"https:\/\/www.20minutos.es\/tags\/lugares\/nigeria.html\" title=\"Nigeria\" rel=\"nofollow noopener\" target=\"_blank\">Nigeria<\/a> con el objetivo de <b>\u00abeliminar a los terroristas isl\u00e1micos\u00bb,<\/b> y acus\u00f3 al Gobierno del pa\u00eds africano de \u00abpermitir la matanza de cristianos\u00bb.<\/p>\n<p class=\"c-paragraph\">\u00abSi el Gobierno nigeriano sigue permitiendo la matanza de cristianos, EEUU <b>detendr\u00e1 inmediatamente toda la ayuda y asistencia <\/b>a Nigeria, y muy bien podr\u00eda intervenir en ese ahora desprestigiado pa\u00eds, blandiendo armas, para eliminar completamente a los terroristas isl\u00e1micos que est\u00e1n cometiendo esas horribles atrocidades\u00bb, escribi\u00f3 Trump en Truth Social.<\/p>\n<p class=\"c-paragraph\">El mandatario agreg\u00f3 que ordenar\u00e1 al Departamento de Guerra prepararse para una \u00abposible acci\u00f3n\u00bb, asegur\u00f3 que esa posible intervenci\u00f3n militar ser\u00e1<b> \u00abr\u00e1pida, brutal y dulce<\/b>, como los matones terroristas atacan a nuestros queridos cristianos\u00bb, e inst\u00f3 al Gobierno de Nigeria a \u00abmoverse r\u00e1pido\u00bb.<\/p>\n<p class=\"c-paragraph\">El mensaje de Trump eleva el tono respecto a otro mensaje que public\u00f3 el viernes, en el que denunci\u00f3<b> una \u00abmasacre\u00bb de cristianos en Nigeria<\/b> y anunci\u00f3 que lo declaraba \u00abpa\u00eds de especial preocupaci\u00f3n\u00bb, una designaci\u00f3n para naciones \u00abinvolucradas en graves violaciones de la libertad religiosa\u00bb.<\/p>\n<p class=\"c-paragraph\">El Gobierno de Nigeria, liderado por el presidente<b> Bola Ahmed Tinubu<\/b>, rechaz\u00f3 las acusaciones, se\u00f1alando que \u00abno reflejan la realidad sobre el terreno\u00bb, y trasmiti\u00f3 su \u00abcompromiso de luchar contra el terrorismo, fortalecer la armon\u00eda interreligiosa y proteger la vida y los derechos de todos sus ciudadanos\u201d.<\/p>\n<p class=\"c-paragraph\">El noreste de Nigeria sufre ataques del grupo yihadista <b>Boko Haram<\/b> desde 2009, una violencia que empeor\u00f3 a partir de 2016 con el surgimiento de su escisi\u00f3n, el Estado Isl\u00e1mico de la Provincia de \u00c1frica Occidental (ISWAP).<\/p>\n<p class=\"c-paragraph\">Ambos grupos pretenden imponer <b>un Estado de corte isl\u00e1mico en Nigeria,<\/b> pa\u00eds de mayor\u00eda musulmana en el norte y predominantemente cristiano en el sur.<\/p>\n<p class=\"c-paragraph\">Boko Haram y el ISWAP han matado a m\u00e1s de 35.000 personas\u00a0y han causado unos 2,7 millones de desplazados internos, sobre todo en Nigeria, pero tambi\u00e9n en pa\u00edses vecinos como <b>Camer\u00fan, Chad y N\u00edger<\/b>, seg\u00fan datos oficiales.<\/p>\n","protected":false},"excerpt":{"rendered":"El presidente de Estados Unidos, Donald Trump, dijo este s\u00e1bado que orden\u00f3 al Departamento de Guerra prepararse para&hellip;\n","protected":false},"author":2,"featured_media":214590,"comment_status":"","ping_status":"","sticky":false,"template":"","format":"standard","meta":{"footnotes":""},"categories":[42],"tags":[17,18,7939,13,14,11,61,62,63,64,19,20,9,10,15,16,13375,2074,7745,12,936,21,22,65,66,67],"class_list":{"0":"post-214589","1":"post","2":"type-post","3":"status-publish","4":"format-standard","5":"has-post-thumbnail","7":"category-internacional","8":"tag-breaking-news","9":"tag-breakingnews","10":"tag-ejercito","11":"tag-featured-news","12":"tag-featurednews","13":"tag-headlines","14":"tag-internacional","15":"tag-international","16":"tag-international-news","17":"tag-internationalnews","18":"tag-latest-news","19":"tag-latestnews","20":"tag-news","21":"tag-noticias","22":"tag-noticias-destacadas","23":"tag-noticiasdestacadas","24":"tag-ordena","25":"tag-que","26":"tag-se","27":"tag-titulares","28":"tag-trump","29":"tag-ultimas-noticias","30":"tag-ultimasnoticias","31":"tag-world","32":"tag-world-news","33":"tag-worldnews"},"share_on_mastodon":{"url":"https:\/\/pubeurope.com\/@es\/115480729086991193","error":""},"_links":{"self":[{"href":"https:\/\/www.europesays.com\/es\/wp-json\/wp\/v2\/posts\/214589","targetHints":{"allow":["GET"]}}],"collection":[{"href":"https:\/\/www.europesays.com\/es\/wp-json\/wp\/v2\/posts"}],"about":[{"href":"https:\/\/www.europesays.com\/es\/wp-json\/wp\/v2\/types\/post"}],"author":[{"embeddable":true,"href":"https:\/\/www.europesays.com\/es\/wp-json\/wp\/v2\/users\/2"}],"replies":[{"embeddable":true,"href":"https:\/\/www.europesays.com\/es\/wp-json\/wp\/v2\/comments?post=214589"}],"version-history":[{"count":0,"href":"https:\/\/www.europesays.com\/es\/wp-json\/wp\/v2\/posts\/214589\/revisions"}],"wp:featuredmedia":[{"embeddable":true,"href":"https:\/\/www.europesays.com\/es\/wp-json\/wp\/v2\/media\/214590"}],"wp:attachment":[{"href":"https:\/\/www.europesays.com\/es\/wp-json\/wp\/v2\/media?parent=214589"}],"wp:term":[{"taxonomy":"category","embeddable":true,"href":"https:\/\/www.europesays.com\/es\/wp-json\/wp\/v2\/categories?post=214589"},{"taxonomy":"post_tag","embeddable":true,"href":"https:\/\/www.europesays.com\/es\/wp-json\/wp\/v2\/tags?post=214589"}],"curies":[{"name":"wp","href":"https:\/\/api.w.org\/{rel}","templated":true}]}}