{"id":214665,"date":"2025-11-02T16:09:26","date_gmt":"2025-11-02T16:09:26","guid":{"rendered":"https:\/\/www.europesays.com\/es\/214665\/"},"modified":"2025-11-02T16:09:26","modified_gmt":"2025-11-02T16:09:26","slug":"tres-miradas-al-miedo-desde-la-pantalla","status":"publish","type":"post","link":"https:\/\/www.europesays.com\/es\/214665\/","title":{"rendered":"Tres miradas al miedo desde la pantalla"},"content":{"rendered":"<p>Hay pel\u00edculas que asustan y otras que perturban. Las primeras provocan sobresaltos fugaces; las segundas, un escalofr\u00edo que se instala en la conciencia. Coincidiendo con <strong><a href=\"https:\/\/www.ultimahora.es\/etiqueta\/Halloween.html?utm_source=Inline-tag&amp;utm_medium=internal\" rel=\"nofollow noopener\" target=\"_blank\">Halloween<\/a><\/strong>, cuando la frontera entre el miedo f\u00edsico y el miedo psicol\u00f3gico se vuelve difusa, preguntamos a cuatro voces autorizadas cu\u00e1l es su pel\u00edcula ideal para dejar la luz encendida toda la noche.<\/p>\n<p>El cr\u00edtico de cine <strong>Josep Carles Romaguera<\/strong> no duda en elegir La parada de los monstruos (1933), de Tod Browning. \u00abSi me decido por esta cinta no es porque sea seguramente la pel\u00edcula que me provoque m\u00e1s miedo en el sentido de causarme m\u00e1s de un susto o mantenerme en una situaci\u00f3n inquietante -explica-; ah\u00ed optar\u00eda por La semilla del diablo, El bosque o El extra\u00f1o\u00bb. Lo suyo va m\u00e1s all\u00e1 del susto: \u00abLa pel\u00edcula entonces maldita, ahora de culto, de Browning, es mi preferida por c\u00f3mo invierte el concepto de lo monstruoso, convirtiendo a aquellos que no sufren ning\u00fan tipo de anormalidad f\u00edsica en seres miserables y despreciables, capaces de cualquier cosa debido a su codicia\u00bb.<\/p>\n<p><img loading=\"lazy\" decoding=\"async\" src=\"https:\/\/www.europesays.com\/es\/wp-content\/uploads\/2025\/11\/3542149.jpg\" border=\"0\" alt=\"\" width=\"1600\" height=\"900\"\/><\/p>\n<p>Romaguera se\u00f1ala la nobleza de aquella troupe de fen\u00f3menos de feria que Browning film\u00f3 con una dignidad ins\u00f3lita para su tiempo: \u00abJam\u00e1s son contemplados desde lo morboso, poniendo de manifiesto un alegato en favor de la tolerancia hacia lo diferente\u00bb. Algo que en 1933 fue un esc\u00e1ndalo moral -y un fracaso comercial- hoy brilla como una f\u00e1bula \u00e9tica sobre la monstruosidad del alma. En Freaks, el horror no surge de los cuerpos deformes, sino de la normalidad envilecida. Quiz\u00e1 por eso el aut\u00e9ntico susto no llega con un grito, sino con un espejo en esta propuesta \u00abdemasiado radical y moderna para su \u00e9poca\u00bb.<\/p>\n<p>La<strong> cineasta Marga Meli\u00e0<\/strong>, en cambio, se inclina por otro tipo de miedo, m\u00e1s psicol\u00f3gico y atmosf\u00e9rico. \u00abAunque el terror no est\u00e1 entre mis g\u00e9neros favoritos, hay algunos t\u00edtulos que me encantan como El resplandor, El bosque, El orfanato o El silencio de los corderos\u00bb. De ellos, se queda con la obra de Jonathan Demme: \u00abSi me haces elegir, me quedar\u00eda con El silencio de los corderos (1991), porque de este g\u00e9nero lo que m\u00e1s me interesa es la parte de suspense y terror psicol\u00f3gico. Y esta pel\u00edcula fue capaz de crear una historia, unos personajes y una atm\u00f3sfera que se te quedan grabados para siempre\u00bb. La elecci\u00f3n no sorprende, porque Hannibal Lecter no necesita una motosierra ni un exorcismo para infundir pavor: basta una conversaci\u00f3n civilizada y una mirada que desmenuza el alma con precisi\u00f3n quir\u00fargica.<\/p>\n<p><img loading=\"lazy\" decoding=\"async\" src=\"https:\/\/www.europesays.com\/es\/wp-content\/uploads\/2025\/11\/3542143.jpg\" border=\"0\" alt=\"\" width=\"1600\" height=\"1067\"\/><\/p>\n<p>Los anfitriones del Transilvania Cafeter\u00eda Museo, <strong>Antonio P\u00e9rez y Armando Mancipe<\/strong>, entienden el miedo como una emoci\u00f3n en constante evoluci\u00f3n. \u00abEl miedo es un sentimiento que tanto para Armando como para m\u00ed evoluciona con cada una de las d\u00e9cadas -explican-. Evoluciona a trav\u00e9s de las diferentes situaciones que puedan estar viviendo las personas\u00bb. Por eso se inclinan por la serie Them (2021), \u00aben la que una corriente de pensamiento equivocada se convierte en da\u00f1ina. Hay racismo, enfermedades mentales y fuerzas sobrenaturales\u00bb. Su an\u00e1lisis es agudo, dejando claro que el terror contempor\u00e1neo ya no teme a los fantasmas, sino a los prejuicios y a la propia sociedad enferma. \u00abEs una trama en la que uno se puede reflejar, porque crea un miedo que nace de las cosas que nos suceden a diario\u00bb. En su caf\u00e9-museo, rodeados de vampiros y ata\u00fades, la pareja lo tiene claro: el horror m\u00e1s moderno es el que respira debajo de la piel de lo cotidiano.<\/p>\n","protected":false},"excerpt":{"rendered":"Hay pel\u00edculas que asustan y otras que perturban. Las primeras provocan sobresaltos fugaces; las segundas, un escalofr\u00edo que&hellip;\n","protected":false},"author":2,"featured_media":214666,"comment_status":"","ping_status":"","sticky":false,"template":"","format":"standard","meta":{"footnotes":""},"categories":[169],"tags":[177,146,147,25,24,176,45315,175,492,23,2922,1529],"class_list":{"0":"post-214665","1":"post","2":"type-post","3":"status-publish","4":"format-standard","5":"has-post-thumbnail","7":"category-cine","8":"tag-cine","9":"tag-entertainment","10":"tag-entretenimiento","11":"tag-es","12":"tag-espana","13":"tag-film","14":"tag-halloween","15":"tag-movies","16":"tag-sociedad","17":"tag-spain","18":"tag-tendencias","19":"tag-ultima-hora"},"share_on_mastodon":{"url":"https:\/\/pubeurope.com\/@es\/115480977032512050","error":""},"_links":{"self":[{"href":"https:\/\/www.europesays.com\/es\/wp-json\/wp\/v2\/posts\/214665","targetHints":{"allow":["GET"]}}],"collection":[{"href":"https:\/\/www.europesays.com\/es\/wp-json\/wp\/v2\/posts"}],"about":[{"href":"https:\/\/www.europesays.com\/es\/wp-json\/wp\/v2\/types\/post"}],"author":[{"embeddable":true,"href":"https:\/\/www.europesays.com\/es\/wp-json\/wp\/v2\/users\/2"}],"replies":[{"embeddable":true,"href":"https:\/\/www.europesays.com\/es\/wp-json\/wp\/v2\/comments?post=214665"}],"version-history":[{"count":0,"href":"https:\/\/www.europesays.com\/es\/wp-json\/wp\/v2\/posts\/214665\/revisions"}],"wp:featuredmedia":[{"embeddable":true,"href":"https:\/\/www.europesays.com\/es\/wp-json\/wp\/v2\/media\/214666"}],"wp:attachment":[{"href":"https:\/\/www.europesays.com\/es\/wp-json\/wp\/v2\/media?parent=214665"}],"wp:term":[{"taxonomy":"category","embeddable":true,"href":"https:\/\/www.europesays.com\/es\/wp-json\/wp\/v2\/categories?post=214665"},{"taxonomy":"post_tag","embeddable":true,"href":"https:\/\/www.europesays.com\/es\/wp-json\/wp\/v2\/tags?post=214665"}],"curies":[{"name":"wp","href":"https:\/\/api.w.org\/{rel}","templated":true}]}}