{"id":214689,"date":"2025-11-02T16:28:10","date_gmt":"2025-11-02T16:28:10","guid":{"rendered":"https:\/\/www.europesays.com\/es\/214689\/"},"modified":"2025-11-02T16:28:10","modified_gmt":"2025-11-02T16:28:10","slug":"sam-zorrilla-suelta-su-arana-en-michigan","status":"publish","type":"post","link":"https:\/\/www.europesays.com\/es\/214689\/","title":{"rendered":"Sam Zorrilla suelta su ara\u00f1a en Michigan"},"content":{"rendered":"<p>\n        Un Puppy bien frondoso y algo m\u00e1s encendido de lo habitual y, tambi\u00e9n, su compa\u00f1era ar\u00e1cnida de patas gigantes y envolventes \u2013que ahora ha atrapado a m\u00e1s presas\u2013. Ambos, reflejados en lienzos con <strong>la mirada \u00edntima y las manos creativas de Samantha Zorrilla<\/strong>, han lucido al otro lado del Atl\u00e1ntico. Esta vecina de Getxo ha llevado sus cuadros, bajo el nombre de Nire Herria, hasta una exposici\u00f3n en Michigan. As\u00ed que el Guggenheim y otras postales de <a href=\"https:\/\/www.deia.eus\/bizkaia\/\" title=\"Bizkaia\" class=\"link copy\" rel=\"nofollow noopener\" target=\"_blank\">Bizkaia<\/a>, as\u00ed como la propia artista han cautivado las Am\u00e9ricas.\n<\/p>\n<p class=\"article-body__text \">\n        <strong>\u201cLa ara\u00f1a ha gustado mucho\u201d<\/strong>, desvela la autora, ya en casa despu\u00e9s de una \u201cexperiencia muy bonita y muy positiva\u201d. Claro, con pocas exposiciones en su trayectoria por este universo cultural de estrechos caminos, mostrar su trabajo en Estados Unidos es, ciertamente, algo sensacional. <strong>\u201cUna amiga vive all\u00ed y me dec\u00eda: Tienes que venir aqu\u00ed, que va a gustar lo que haces\u201d<\/strong>, recuerda Sam. As\u00ed que se puso manos a la obra \u2013o al lienzo\u2013 y se apunt\u00f3 al <strong>concurso Artprize<\/strong>, el que abre las puertas a exhibir en esta iniciativa de la ciudad de Gran Rapids. Un certamen que recibe todo tipo de creaciones, ya sean esculturas, im\u00e1genes digitales, instalaciones&#8230; Y&#8230; de todo el mundo. <strong>\u201cExpusimos unas 150 personas y se quedaron fuera, \u00a1casi el doble!\u201d<\/strong>, afirma esta bilbaina que lleva tiempo viviendo en Getxo. Cada colecci\u00f3n se pudo ver en un lugar distinto. De hecho, una vez pasado el filtro de la organizaci\u00f3n, son los locales los que seleccionan a los artistas. \u201cA m\u00ed me escogieron dos: una iglesia y otra iglesia pero reconvertida en f\u00e1brica de cervezas, y eleg\u00ed esa, porque me parec\u00eda que estaba mejor situada\u201d, cuenta Sam. As\u00ed que Puppy se tom\u00f3 unas ca\u00f1as. Y la pintora brind\u00f3. \u201cEstuve diez d\u00edas all\u00ed y los cuadros se quedaron tres semanas expuestos\u201d, apunta.<strong> \u201cVend\u00ed dos y tambi\u00e9n me traje encargos\u201d<\/strong>, a\u00f1ade. Y no solo eso: \u201cPude hablar con gente, as\u00ed que pueden salir proyectos para el a\u00f1o que viene&#8230;\u201d. My little town &#8211; Nire herria lleg\u00f3 hasta Gran Rapids y realiz\u00f3, as\u00ed, un viaje de unos 7.000 kil\u00f3metros \u2013o 4.000 millas\u2013 para enmarcar. En la maleta de regreso de Sam, adem\u00e1s de los encargos y los posibles nuevos trabajos, una vivencia estupenda.\n<\/p>\n<p class=\"article-body__text \">\n        <strong>\u201cAll\u00ed, el arte se valora much\u00edsimo\u201d<\/strong>, reflexiona. <strong>\u201cLa gente va exclusivamente a los sitios para ver las exposiciones; es muy diferente a c\u00f3mo van las cosas aqu\u00ed\u201d<\/strong>, admite la getxoztarra. Aqu\u00ed, Sam \u00fanicamente ha podido participar en una muestra promovida por el Ayuntamiento de Zamudio por el 8-M y en iniciativas de bares, como la de La birrotxa, de Getxo, a principios de este a\u00f1o. En este establecimiento, Sam colg\u00f3 sus Emociones urbanas. Ese era el t\u00edtulo de la colecci\u00f3n y ese es el sentimiento que la mueve al coger un pincel y colorear el paisaje, verde, de ladrillo o de titanio. Y es que el Guggenheim tiene un poder de atracci\u00f3n extraordinario para ella. \u201cIntento pintarlo de una manera m\u00e1s abstracta o poco convencional y desde diferentes vistas\u201d, indica. Por lo dem\u00e1s, aqu\u00ed, su senda profesional tiene otras aristas. <strong>\u201cA lo que me dedico, sobre todo, es a hacer retratos de animales  \u2013en acuarelas o en pastel\u2013, que es lo que tiene m\u00e1s tir\u00f3n\u201d<\/strong>, explica la artista (@artmasw en Instagram). \u201cLa verdad es que es algo muy gratificante\u201d, destaca. Al fin y al cabo, tambi\u00e9n ellos son parte esencial de Nire herria.<\/p>\n","protected":false},"excerpt":{"rendered":"Un Puppy bien frondoso y algo m\u00e1s encendido de lo habitual y, tambi\u00e9n, su compa\u00f1era ar\u00e1cnida de patas&hellip;\n","protected":false},"author":2,"featured_media":214690,"comment_status":"","ping_status":"","sticky":false,"template":"","format":"standard","meta":{"footnotes":""},"categories":[173],"tags":[919,229,233,231,230,232,234,146,147,25,24,4217,3978,5225,27294,23,31404,4218,57763],"class_list":{"0":"post-214689","1":"post","2":"type-post","3":"status-publish","4":"format-standard","5":"has-post-thumbnail","7":"category-arte-y-diseno","8":"tag-arana","9":"tag-arte","10":"tag-arte-y-diseno","11":"tag-arts","12":"tag-arts-and-design","13":"tag-design","14":"tag-diseno","15":"tag-entertainment","16":"tag-entretenimiento","17":"tag-es","18":"tag-espana","19":"tag-estados","20":"tag-getxo","21":"tag-michigan","22":"tag-sam","23":"tag-spain","24":"tag-suelta","25":"tag-unidos","26":"tag-zorrilla"},"share_on_mastodon":{"url":"https:\/\/pubeurope.com\/@es\/115481051352460692","error":""},"_links":{"self":[{"href":"https:\/\/www.europesays.com\/es\/wp-json\/wp\/v2\/posts\/214689","targetHints":{"allow":["GET"]}}],"collection":[{"href":"https:\/\/www.europesays.com\/es\/wp-json\/wp\/v2\/posts"}],"about":[{"href":"https:\/\/www.europesays.com\/es\/wp-json\/wp\/v2\/types\/post"}],"author":[{"embeddable":true,"href":"https:\/\/www.europesays.com\/es\/wp-json\/wp\/v2\/users\/2"}],"replies":[{"embeddable":true,"href":"https:\/\/www.europesays.com\/es\/wp-json\/wp\/v2\/comments?post=214689"}],"version-history":[{"count":0,"href":"https:\/\/www.europesays.com\/es\/wp-json\/wp\/v2\/posts\/214689\/revisions"}],"wp:featuredmedia":[{"embeddable":true,"href":"https:\/\/www.europesays.com\/es\/wp-json\/wp\/v2\/media\/214690"}],"wp:attachment":[{"href":"https:\/\/www.europesays.com\/es\/wp-json\/wp\/v2\/media?parent=214689"}],"wp:term":[{"taxonomy":"category","embeddable":true,"href":"https:\/\/www.europesays.com\/es\/wp-json\/wp\/v2\/categories?post=214689"},{"taxonomy":"post_tag","embeddable":true,"href":"https:\/\/www.europesays.com\/es\/wp-json\/wp\/v2\/tags?post=214689"}],"curies":[{"name":"wp","href":"https:\/\/api.w.org\/{rel}","templated":true}]}}