{"id":214707,"date":"2025-11-02T16:39:08","date_gmt":"2025-11-02T16:39:08","guid":{"rendered":"https:\/\/www.europesays.com\/es\/214707\/"},"modified":"2025-11-02T16:39:08","modified_gmt":"2025-11-02T16:39:08","slug":"el-alunicero-nino-juan-aparece-vivo-y-apalizado-tras-haber-sido-secuestrado-en-carabanchel-el-mundo","status":"publish","type":"post","link":"https:\/\/www.europesays.com\/es\/214707\/","title":{"rendered":"El alunicero Ni\u00f1o Juan aparece vivo y apalizado tras haber sido secuestrado en Carabanchel &#8211; El Mundo"},"content":{"rendered":"<ol>\n<li><a href=\"https:\/\/news.google.com\/rss\/articles\/CBMiekFVX3lxTFBXX201d0hnTlpGR1JTcFRzei1faFBicGNENW1ZbUdTRWtLQkJJSVZtRVM4UGlDR05RVnlVNzJndFN6LW9KSEI3d1FLMWRRVUNiRXAzblV1ZGhVUkk2V2NXRGc0TjY0LXd4emJTYl90SHhZX1dHQ0tXWF9R0gF6QVVfeXFMTkg3MEM5MXAtUl9KRWhvcW0zR3o2c1o4bktELVZmbTdNTkhPYlVENE1pTXFVcGcxbWR1RHBPcllkVmZ1OEdSSXdVWWpYbExfTV9obzNEdkNjeU9uRzlkbWcxS2o5SjFFSGR5MUtvVzNaRDc4d1BQS3lqTVE?oc=5\" target=\"_blank\" rel=\"nofollow noopener\">El alunicero Ni\u00f1o Juan aparece vivo y apalizado tras haber sido secuestrado en Carabanchel<\/a>&nbsp;&nbsp;El Mundo<\/li>\n<li><a href=\"https:\/\/news.google.com\/rss\/articles\/CBMiekFVX3lxTE5pWEpvRW1zQjVTZGxIRFFjVVlHdm9KRDhFTG5KejYxSDdzNFJSNnFFbUNqdmdRUmUyMUE3NVlqSmd3S1Q0czZZYnpKNHB3eEJHaVdHS2Z6TVh6QUpkOUtvcjlqT0FkdDYzWFF6OWdJLVAtWTczcVRNUzhB0gF6QVVfeXFMT2JJTGZXQUNtZWpEX3gxUVhJVDdDOWRreG0wZ052eVNzSk1GZHNQZHBsRk5NMHdkakVoQW1WalZGRnFvLTh4SnRlUHhOTjI1Vzl3QmlvWmUzSlNrT2RDblREcnVIbzdMQThRb1dwSE5tSWxnWl9ma3h1a2c?oc=5\" target=\"_blank\" rel=\"nofollow noopener\">El &#8216;Ni\u00f1o Juan&#8217;, de &#8216;alunicero&#8217; a jefe de la banda m\u00e1s temeraria de Espa\u00f1a<\/a>&nbsp;&nbsp;El Mundo<\/li>\n<li><a href=\"https:\/\/news.google.com\/rss\/articles\/CBMi6gFBVV95cUxQR3VJUzFldE53aVJqOFRjSUFWaVpzVXRqX09KOUlDdnl6a0hsX1hfN01jeG1pSE5Dc1RYYXpBTHprT1AybXVjTDhEcEE0d3JaRU9LYWtLUEJRUW4zdEM4TjlDcFlNRURaNWNVYmxLQWdkUlJiT2ctMHVYdmVFUzctQnhoOWhlWUxOSWV6R1BONUp2U3YwU200TXJ5VW9UZ21HM0hJUXVHSmJvcGU3ZkpiYXI5VXBmNFJhdWJ2RFNmWURVLTdMd2ROVWFDVm5Ld0FNem96ckY0a3hXQlhSOHV2SmpMVkZSTnY0eFE?oc=5\" target=\"_blank\" rel=\"nofollow noopener\">Los secuestradores liberan al \u2018Ni\u00f1o Juan\u2019 24 horas despu\u00e9s de ser raptado a punta de pistola en Carabanchel<\/a>&nbsp;&nbsp;EL PA\u00cdS<\/li>\n<li><a href=\"https:\/\/news.google.com\/rss\/articles\/CBMi9AFBVV95cUxNTDl4R0RkX2F4a055Z295aC1lamlWV0lZTnV4d1hJZjJUSlNNbV9xOVJIazBFdFpNZUJQNnd5WXpZcHFxVy15eW41YWd0eWR6VVFFel9qYjFYdWhRd3hlcDd0SkRub2ZZXzBJQjc4WnhLTHVYYmtWOGJIVnBEU0ZRRTRQNGJ1a1pRQ1d2Z2pjTkMyMWphbUo2TkEyMTNGOEp1Rlc3VWN2aU1fakYzYXg3eGFtVHJ2eFBKMWlheF9Cd3BOVl9KS0hHaVkzUlBFZmVYd3JkcEs0ZVF2R1pDcnp0TGpFTm4wRlNoRUdxbVBQdjNJLS1C?oc=5\" target=\"_blank\" rel=\"nofollow noopener\">El alunicero Ni\u00f1o Juan aparece vivo y apalizado tras sufrir un secuestro expr\u00e9s en Madrid<\/a>&nbsp;&nbsp;La Voz de Galicia<\/li>\n<li><a href=\"https:\/\/news.google.com\/rss\/articles\/CBMiqgFBVV95cUxQNTQyVXRJdU9FR0RubE5ncTNKOERtbkJXVGlwbjdtMWNrcGdheEZUMzh2QW9YSkN4UzZJSTREemhmY040NEhzUmMyQVhlZ0JlNTNUdnVpY3lkemNVMHczMlVMVHhmQVh1Ni1LQ0w5cEpBNmROU0ZUaVdqY25WZ2M5VkR0VEFxWndkYVJxaE1pWVdyNUJVZU1Xd185M1A0TGRqSWhuTnY1b0FlZw?oc=5\" target=\"_blank\" rel=\"nofollow noopener\">Liberan al &#8216;Ni\u00f1o Juan&#8217; horas despu\u00e9s de ser secuestrado a punta de pistola<\/a>&nbsp;&nbsp;El Correo<\/li>\n<\/ol>\n","protected":false},"excerpt":{"rendered":"El alunicero Ni\u00f1o Juan aparece vivo y apalizado tras haber sido secuestrado en Carabanchel&nbsp;&nbsp;El Mundo El &#8216;Ni\u00f1o Juan&#8217;,&hellip;\n","protected":false},"author":2,"featured_media":214708,"comment_status":"","ping_status":"","sticky":false,"template":"","format":"standard","meta":{"footnotes":""},"categories":[8],"tags":[17,18,25,24,13,14,11,19,20,205,9,10,15,16,23,257,12,21,22],"class_list":{"0":"post-214707","1":"post","2":"type-post","3":"status-publish","4":"format-standard","5":"has-post-thumbnail","7":"category-espana","8":"tag-breaking-news","9":"tag-breakingnews","10":"tag-es","11":"tag-espana","12":"tag-featured-news","13":"tag-featurednews","14":"tag-headlines","15":"tag-latest-news","16":"tag-latestnews","17":"tag-madrid","18":"tag-news","19":"tag-noticias","20":"tag-noticias-destacadas","21":"tag-noticiasdestacadas","22":"tag-spain","23":"tag-sucesos","24":"tag-titulares","25":"tag-ultimas-noticias","26":"tag-ultimasnoticias"},"share_on_mastodon":{"url":"https:\/\/pubeurope.com\/@es\/115481094744280096","error":""},"_links":{"self":[{"href":"https:\/\/www.europesays.com\/es\/wp-json\/wp\/v2\/posts\/214707","targetHints":{"allow":["GET"]}}],"collection":[{"href":"https:\/\/www.europesays.com\/es\/wp-json\/wp\/v2\/posts"}],"about":[{"href":"https:\/\/www.europesays.com\/es\/wp-json\/wp\/v2\/types\/post"}],"author":[{"embeddable":true,"href":"https:\/\/www.europesays.com\/es\/wp-json\/wp\/v2\/users\/2"}],"replies":[{"embeddable":true,"href":"https:\/\/www.europesays.com\/es\/wp-json\/wp\/v2\/comments?post=214707"}],"version-history":[{"count":0,"href":"https:\/\/www.europesays.com\/es\/wp-json\/wp\/v2\/posts\/214707\/revisions"}],"wp:featuredmedia":[{"embeddable":true,"href":"https:\/\/www.europesays.com\/es\/wp-json\/wp\/v2\/media\/214708"}],"wp:attachment":[{"href":"https:\/\/www.europesays.com\/es\/wp-json\/wp\/v2\/media?parent=214707"}],"wp:term":[{"taxonomy":"category","embeddable":true,"href":"https:\/\/www.europesays.com\/es\/wp-json\/wp\/v2\/categories?post=214707"},{"taxonomy":"post_tag","embeddable":true,"href":"https:\/\/www.europesays.com\/es\/wp-json\/wp\/v2\/tags?post=214707"}],"curies":[{"name":"wp","href":"https:\/\/api.w.org\/{rel}","templated":true}]}}