{"id":214763,"date":"2025-11-02T17:25:05","date_gmt":"2025-11-02T17:25:05","guid":{"rendered":"https:\/\/www.europesays.com\/es\/214763\/"},"modified":"2025-11-02T17:25:05","modified_gmt":"2025-11-02T17:25:05","slug":"soy-la-favorita-de-dios","status":"publish","type":"post","link":"https:\/\/www.europesays.com\/es\/214763\/","title":{"rendered":"\u00abSoy la favorita de Dios\u00bb"},"content":{"rendered":"<p style=\"\">Cristiana y cat\u00f3lica. Quiz\u00e1s sea la artista musical m\u00e1s influyente de la historia de Espa\u00f1a. Santa <strong>Rosal\u00eda<\/strong>, patrona del pop espa\u00f1ol, habla abiertamente sobre su espiritualidad y reflexiona sobre la fe unos d\u00edas de que se publique su nuevo disco &#8211; <strong>&#8216;Lux&#8217;<\/strong> &#8211; el  &#8230; 7 de noviembre. Lo anunci\u00f3 en una de las ic\u00f3nicas pantallas de Time Square en Nueva York, y en una concentraci\u00f3n multitudinaria en la plaza de Callao de Madrid.<\/p>\n<p class=\"voc-p\" style=\"\">\u00abCreo que siempre he tenido el deseo de c\u00f3mo puedo acercarme a Dios, <strong>c\u00f3mo puedo estar m\u00e1s cerca de Dios<\/strong>\u00bb, confes\u00f3 la artista catalana del &#8216;Motomami&#8217;, explicando que ese sentimiento ha formado parte de su vida desde antes incluso de dedicarse a la m\u00fasica.<\/p>\n<p>\nRosal\u00eda: fe e independencia creativa de la mano\n<\/p>\n<p class=\"voc-p\" style=\"\">La cantante confes\u00f3 en una <strong>entrevista con The New York Times y en el p\u00f3dcast catal\u00e1n Radio Noia<\/strong>, con un tono \u00edntimo y reflexivo, sentirse en una b\u00fasqueda constante de sentido y habl\u00f3 sin filtros sobre la espiritualidad, el vac\u00edo existencial y la conexi\u00f3n con lo divino. \u00abEs una sensaci\u00f3n que siempre ha estado ah\u00ed, solo que no la hab\u00eda racionalizado ni intentado intelectualizar\u00bb, a\u00f1adi\u00f3 la cantante, que en su cuarto disco combina flamenco, \u00f3pera, canto gregoriano y electr\u00f3nica.<\/p>\n<p class=\"voc-p\" style=\"\">Durante la conversaci\u00f3n, la int\u00e9rprete del &#8216;El mal querer&#8217; habl\u00f3 tambi\u00e9n <strong>sobre su visi\u00f3n de la libertad<\/strong>, un tema que considera central en su carrera y su manera de entender la creaci\u00f3n art\u00edstica. \u00abTodo el mundo que me conoce sabe que eso es lo \u00fanico que me importa: la libertad\u00bb, afirm\u00f3, destacando que su fe y su independencia creativa van de la mano.<\/p>\n<p class=\"voc-p\" style=\"\">Rosal\u00eda expres\u00f3 adem\u00e1s su <strong>gratitud por la oportunidad de poder elegir los proyectos en los que trabaja<\/strong>. \u00abSoy la favorita de Dios en ese sentido\u00bb, dijo entre risas. \u00abPorque me ha permitido siempre poder estar haciendo el proyecto que quiero hacer\u00bb.<\/p>\n<p class=\"voc-p\" style=\"\">A lo largo de la charla, la cantante mostr\u00f3 una imagen m\u00e1s introspectiva, alejada del foco medi\u00e1tico y cercana a una visi\u00f3n espiritual que, seg\u00fan afirma, gu\u00eda su m\u00fasica y sus decisiones.<\/p>\n<blockquote class=\"tiktok-embed\" cite=\"https:\/\/www.tiktok.com\/@ecclesiacope\/video\/7564076382553246978\" data-video-id=\"7564076382553246978\" style=\"max-width: 605px;min-width: 325px;\"><p>  <a target=\"_blank\" title=\"@ecclesiacope\" href=\"https:\/\/www.tiktok.com\/@ecclesiacope?refer=embed\" rel=\"nofollow noopener\">@ecclesiacope<\/a> <\/p>\n<p>\ud83d\udde3Rosal\u00eda sobre Dios: \u00abun vac\u00edo que solo \u00c9l puede llenar\u00bb \u27a1La cantante, que acaba de anunciar la portada de su pr\u00f3ximo disco titulado &#8216;LUX&#8217; y en la que aparece vestida con una toca blanca, ha hablado sobre su espiritualidad y el sentido de la vida en el podcast catal\u00e1n &#8216;Radio Noia&#8217;<\/p>\n<p> <a target=\"_blank\" title=\"\u266c sonido original - Ecclesia COPE\" href=\"https:\/\/www.tiktok.com\/music\/sonido-original-7564076366392658711?refer=embed\" rel=\"nofollow noopener\">\u266c sonido original &#8211; Ecclesia COPE<\/a>  <\/p><\/blockquote>\n<p class=\"voc-p\" style=\"\">La artista, que apareci\u00f3 hace pocos d\u00edas en redes sociales con la portada de &#8216;Lux&#8217;, en la que se muestra vestida con una toca blanca, explic\u00f3 que esa sensaci\u00f3n de vac\u00edo podr\u00eda tener una ra\u00edz espiritual. \u00abQuiz\u00e1s ese espacio es el espacio de Dios, el espacio de la divinidad. Es un lugar que solo \u00e9l puede llenar, si uno se abre con predisposici\u00f3n y actitud\u00bb, reflexion\u00f3.<\/p>\n<p>\n\u00abA m\u00ed las monjas me parecen incre\u00edbles, como ciudadanas celestiales\u00bb\n<\/p>\n<p class=\"voc-p\" style=\"\">En el proceso de creaci\u00f3n de su \u00faltimo trabajo, dedic\u00f3 meses a <strong>estudiar textos religiosos y filos\u00f3ficos<\/strong>, especialmente de mujeres que, desde su fe, marcaron la historia del pensamiento cristiano. \u00abHe le\u00eddo a Santa Teresa de Jes\u00fas, a Simone Weil, a Hildegarda de Bingen\u2026 todas ellas me han acompa\u00f1ado en este proceso\u00bb, ha reconocido.<\/p>\n<p class=\"voc-p\" style=\"\">En un tono m\u00e1s distendido, una de las interlocutoras del citado p\u00f3dcast brome\u00f3 diciendo: \u00abMujer, t\u00fa eres una monja de clausura\u00bb, a lo que Rosal\u00eda respondi\u00f3 entre risas, pero sin ocultar su admiraci\u00f3n por las personas que dedican su vida a la contemplaci\u00f3n. \u00abA m\u00ed las monjas me parecen incre\u00edbles, como ciudadanas celestiales\u00bb, se\u00f1al\u00f3.<\/p>\n<p><script async src=\"\/\/www.tiktok.com\/embed.js\"><\/script><\/p>\n","protected":false},"excerpt":{"rendered":"Cristiana y cat\u00f3lica. Quiz\u00e1s sea la artista musical m\u00e1s influyente de la historia de Espa\u00f1a. Santa Rosal\u00eda, patrona&hellip;\n","protected":false},"author":2,"featured_media":214764,"comment_status":"","ping_status":"","sticky":false,"template":"","format":"standard","meta":{"footnotes":""},"categories":[8],"tags":[52415,17,18,5093,25,24,31883,22473,13,14,4596,11,19,20,9,10,15,16,4147,57,23,12,21,22],"class_list":{"0":"post-214763","1":"post","2":"type-post","3":"status-publish","4":"format-standard","5":"has-post-thumbnail","7":"category-espana","8":"tag-abiertamente","9":"tag-breaking-news","10":"tag-breakingnews","11":"tag-dios","12":"tag-es","13":"tag-espana","14":"tag-espiritualidad","15":"tag-favorita","16":"tag-featured-news","17":"tag-featurednews","18":"tag-habla","19":"tag-headlines","20":"tag-latest-news","21":"tag-latestnews","22":"tag-news","23":"tag-noticias","24":"tag-noticias-destacadas","25":"tag-noticiasdestacadas","26":"tag-rosalia","27":"tag-sobre","28":"tag-spain","29":"tag-titulares","30":"tag-ultimas-noticias","31":"tag-ultimasnoticias"},"share_on_mastodon":{"url":"https:\/\/pubeurope.com\/@es\/115481275587749938","error":""},"_links":{"self":[{"href":"https:\/\/www.europesays.com\/es\/wp-json\/wp\/v2\/posts\/214763","targetHints":{"allow":["GET"]}}],"collection":[{"href":"https:\/\/www.europesays.com\/es\/wp-json\/wp\/v2\/posts"}],"about":[{"href":"https:\/\/www.europesays.com\/es\/wp-json\/wp\/v2\/types\/post"}],"author":[{"embeddable":true,"href":"https:\/\/www.europesays.com\/es\/wp-json\/wp\/v2\/users\/2"}],"replies":[{"embeddable":true,"href":"https:\/\/www.europesays.com\/es\/wp-json\/wp\/v2\/comments?post=214763"}],"version-history":[{"count":0,"href":"https:\/\/www.europesays.com\/es\/wp-json\/wp\/v2\/posts\/214763\/revisions"}],"wp:featuredmedia":[{"embeddable":true,"href":"https:\/\/www.europesays.com\/es\/wp-json\/wp\/v2\/media\/214764"}],"wp:attachment":[{"href":"https:\/\/www.europesays.com\/es\/wp-json\/wp\/v2\/media?parent=214763"}],"wp:term":[{"taxonomy":"category","embeddable":true,"href":"https:\/\/www.europesays.com\/es\/wp-json\/wp\/v2\/categories?post=214763"},{"taxonomy":"post_tag","embeddable":true,"href":"https:\/\/www.europesays.com\/es\/wp-json\/wp\/v2\/tags?post=214763"}],"curies":[{"name":"wp","href":"https:\/\/api.w.org\/{rel}","templated":true}]}}