{"id":214773,"date":"2025-11-02T17:35:09","date_gmt":"2025-11-02T17:35:09","guid":{"rendered":"https:\/\/www.europesays.com\/es\/214773\/"},"modified":"2025-11-02T17:35:09","modified_gmt":"2025-11-02T17:35:09","slug":"belmonte-contraataca-a-arribas-y-marca-distancia-con-duino","status":"publish","type":"post","link":"https:\/\/www.europesays.com\/es\/214773\/","title":{"rendered":"Belmonte contraataca a Arribas y marca distancia con Duino"},"content":{"rendered":"<p>El FC Cartagena emiti\u00f3 un comunicado de respuesta al que Alejandro Arribas ofreci\u00f3 a escasas horas del partido ante el Villarreal B. Un extremo, el horario, que es criticado por el Consejo de Administraci\u00f3n albinegro que encabeza Paco Belmonte. Llama la atenci\u00f3n que, tan abiertamente, el club haga distingos entre el Consejo y la propiedad (en alusi\u00f3n a Duino Inversiones). Con todo, el escrito emitido defiende la versi\u00f3n de los todav\u00eda due\u00f1os y niega la <a href=\"https:\/\/www.orm.es\/deportes\/arribas-denuncia-que-duino-frena-la-venta-del-cartagena\/\" rel=\"nofollow noopener\" target=\"_blank\">denuncia explicada por Arribas un d\u00eda antes<\/a>.<\/p>\n<p>Belmonte contraatac\u00f3 asegurando que fue Arribas quien \u00abpropuso a la propiedad hace unos d\u00edas un nuevo contrato para modificar cl\u00e1usulas, entre otras cosas, adelantar los dos pagos del 17 de marzo de 2026 y 17 de marzo de 2027 para hacerse cargo de la gesti\u00f3n del club de manera personal, a lo que la propiedad accedi\u00f3 de inmediato\u00bb aunque resalta tambi\u00e9n el Consejo, respecto a la queja de Arribas de que se hayan modificado cl\u00e1usulas, que \u00abel resto de modificaciones planteadas no figuraban firmadas en el contrato y no se contemplan esas variaciones por parte de la propiedad\u00bb.<\/p>\n<p>El Consejo critic\u00f3 tambi\u00e9n que Arribas emitiera el comunicado \u00aba cuatro horas de comenzar un importante partido para el club con el liderato en juego\u00bb. Tambi\u00e9n indica Belmonte, marcando distancia con la propiedad, que \u00abel Consejo de Administraci\u00f3n muestra su predisposici\u00f3n una vez m\u00e1s, para dejar sus cargos de inmediato (ya se despidi\u00f3 de plantilla y cuerpo t\u00e9cnico)\u00bb.<\/p>\n<p>Respecto a los plazos, desvela el comunicado que el acuerdo definitivo para la transferencia se firm\u00f3 el 17 de julio y que \u00abel Sr. Arribas fue qui\u00e9n solicit\u00f3 a la propiedad el periodo de transici\u00f3n del actual Consejo de Administraci\u00f3n hasta que se hubiera abonado la totalidad de las cantidades estipuladas en dicho contrato\u00bb. De momento, seg\u00fan el escrito, Arribas ha abonado \u00abel 29% del total de la operaci\u00f3n\u00bb. Tambi\u00e9n se\u00f1ala al nuevo inversor, defendiendo una postura proactiva el Consejo, al afirmar que si se hicieran los pagos de 2026 y 2027 \u00abse completar\u00eda un total del 49,7% de la operaci\u00f3n\u00bb y \u00abremite al sr. Arribas al contrato firmado y est\u00e1 esperando a que se realicen dichos pagos para que se solicite la autorizaci\u00f3n al CSD para traspasar el accionariado del club y que el Consejo de Administraci\u00f3n se modifique al instante, pese a que quedar\u00eda pendiente de pago a\u00fan por parte del Sr. Arribas m\u00e1s del 50% de la cantidad acordada por la venta del club, la cual quedar\u00eda garantizada con avales\u00bb.<\/p>\n<blockquote class=\"twitter-tweet\">\n<p dir=\"ltr\" lang=\"pt\">COMUNICADO OFICIAL<br \/>\u00a0<a href=\"https:\/\/t.co\/0hkKxqFN1t\" rel=\"nofollow\">https:\/\/t.co\/0hkKxqFN1t<\/a> <a href=\"https:\/\/t.co\/N2QWzG3Kjw\" rel=\"nofollow\">pic.twitter.com\/N2QWzG3Kjw<\/a><\/p>\n<p> \u2014 FC Cartagena (@FCCartagena_efs) <a href=\"https:\/\/twitter.com\/FCCartagena_efs\/status\/1984968851260371376?ref_src=twsrc%5Etfw\" rel=\"nofollow noopener\" target=\"_blank\">November 2, 2025<\/a><\/p><\/blockquote>\n<p>\u00a0<\/p>\n<p> <script async src=\"https:\/\/platform.twitter.com\/widgets.js\" charset=\"utf-8\"><\/script><\/p>\n","protected":false},"excerpt":{"rendered":"El FC Cartagena emiti\u00f3 un comunicado de respuesta al que Alejandro Arribas ofreci\u00f3 a escasas horas del partido&hellip;\n","protected":false},"author":2,"featured_media":214774,"comment_status":"","ping_status":"","sticky":false,"template":"","format":"standard","meta":{"footnotes":""},"categories":[268],"tags":[57771,168,57772,25,24,11220,280,282,57770,281,23,167],"class_list":{"0":"post-214773","1":"post","2":"type-post","3":"status-publish","4":"format-standard","5":"has-post-thumbnail","7":"category-futbol","8":"tag-alejandro-arribas","9":"tag-deportes","10":"tag-duino-inversiones","11":"tag-es","12":"tag-espana","13":"tag-fc-cartagena","14":"tag-football","15":"tag-futbol","16":"tag-paco-belmonte","17":"tag-soccer","18":"tag-spain","19":"tag-sports"},"share_on_mastodon":{"url":"https:\/\/pubeurope.com\/@es\/115481315435950510","error":""},"_links":{"self":[{"href":"https:\/\/www.europesays.com\/es\/wp-json\/wp\/v2\/posts\/214773","targetHints":{"allow":["GET"]}}],"collection":[{"href":"https:\/\/www.europesays.com\/es\/wp-json\/wp\/v2\/posts"}],"about":[{"href":"https:\/\/www.europesays.com\/es\/wp-json\/wp\/v2\/types\/post"}],"author":[{"embeddable":true,"href":"https:\/\/www.europesays.com\/es\/wp-json\/wp\/v2\/users\/2"}],"replies":[{"embeddable":true,"href":"https:\/\/www.europesays.com\/es\/wp-json\/wp\/v2\/comments?post=214773"}],"version-history":[{"count":0,"href":"https:\/\/www.europesays.com\/es\/wp-json\/wp\/v2\/posts\/214773\/revisions"}],"wp:featuredmedia":[{"embeddable":true,"href":"https:\/\/www.europesays.com\/es\/wp-json\/wp\/v2\/media\/214774"}],"wp:attachment":[{"href":"https:\/\/www.europesays.com\/es\/wp-json\/wp\/v2\/media?parent=214773"}],"wp:term":[{"taxonomy":"category","embeddable":true,"href":"https:\/\/www.europesays.com\/es\/wp-json\/wp\/v2\/categories?post=214773"},{"taxonomy":"post_tag","embeddable":true,"href":"https:\/\/www.europesays.com\/es\/wp-json\/wp\/v2\/tags?post=214773"}],"curies":[{"name":"wp","href":"https:\/\/api.w.org\/{rel}","templated":true}]}}