{"id":21478,"date":"2025-08-02T22:01:17","date_gmt":"2025-08-02T22:01:17","guid":{"rendered":"https:\/\/www.europesays.com\/es\/21478\/"},"modified":"2025-08-02T22:01:17","modified_gmt":"2025-08-02T22:01:17","slug":"no-habia-comida-no-habia-agua","status":"publish","type":"post","link":"https:\/\/www.europesays.com\/es\/21478\/","title":{"rendered":"No hab\u00eda comida, no hab\u00eda agua"},"content":{"rendered":"<p class=\"ft-text\">Esta semana, <a class=\"ft-link ft-link--decoration\" href=\"https:\/\/www.diariocordoba.com\/ocio\/tv\/2024\/10\/28\/despues-ilia-topuria-irreconocible-velada-dv-108353651.html\" rel=\"nofollow noopener\" target=\"_blank\">Ilia Topuria<\/a>, una de las estrellas m\u00e1s importantes de la UFC (Ultimate Fighting Championship), se sent\u00f3 <strong>frente a Pablo Motos en &#8216;El Hormiguero&#8217; <\/strong>para hablar sobre su carrera, su vida personal y el estreno de su nuevo documental.<\/p>\n<p class=\"ft-text\">Pero, de entre los muchos tema que trajo a colaci\u00f3n <strong>hubo unas declaraciones sobre su dura infancia en Georgi<\/strong>a y su experiencia en medio de la guerra las que resonaron profundamente entre la audiencia, generando una ola de curiosidad sobre su vida antes de la fama.<\/p>\n<p>El pasado de Ilia Topuria<\/p>\n<p class=\"ft-text\">El campe\u00f3n de artes marciales mixtas naci\u00f3 en Halle, Alemania, en 1997. Hijo de padres georgianos que <strong>emigraron a Europa en busca de mejores oportunidades. <\/strong>Sin embargo, cuando Ilia ten\u00eda apenas seis a\u00f1os, la familia regres\u00f3 a Georgia, donde su vida dar\u00eda un crudo. En 2008, estall\u00f3 la guerra entre Georgia y Rusia, un conflicto que dej\u00f3 cicatrices profundas en el peque\u00f1o Ilia que en aquel entonces era un ni\u00f1o de tan solo ocho a\u00f1os.<\/p>\n<p class=\"ft-text\">Durante su reciente aparici\u00f3n en El Hormiguero h<strong>a compartido algunas duras descripciones de aquellos d\u00edas<\/strong>: \u00abNo hab\u00eda comida, no hab\u00eda agua. Ten\u00edas que dormir en el s\u00f3tano sin enchufar la luz para que no te bombardearan. Pasaban tanques. El miedo estaba en cada esquina\u00bb.<\/p>\n<p class=\"ft-text\">Estas experiencias forjaron su car\u00e1cter, <strong>oblig\u00e1ndolo a madurar mucho <\/strong>antes de lo que le correspond\u00eda. Para Topuria, la guerra no solo fue una lecci\u00f3n de supervivencia, sino una preparaci\u00f3n mental que m\u00e1s tarde lo ayudar\u00eda en su carrera en las artes marciales. \u00abNo me cuesta lidiar con el miedo en el oct\u00f3gono\u00bb, confes\u00f3, comparando los combates de la UFC con la constante amenaza de muerte que vivi\u00f3 de ni\u00f1o.<\/p>\n<p class=\"ft-text\">A los 15 a\u00f1os, Ilia y su familia se trasladaron a Alicante, Espa\u00f1a. Este cambio <strong>no solo signific\u00f3 una salida de la inestabilidad pol\u00edtica de Georgia <\/strong>sino tambi\u00e9n el inicio de una nueva vida que, sin saberlo, lo llevar\u00eda al mundo de las artes marciales mixtas (MMA). Sin embargo, en un principio, las cosas no fueron f\u00e1ciles. Al mudarse, Ilia y su hermano Aleksandre, quienes hab\u00edan practicado lucha grecorromana en Georgia, se encontraron que no ten\u00edan donde entrenar<\/p>\n<p class=\"ft-text\">Por suerte andando por la calle dieron con<strong> un tipo que ten\u00eda las caracter\u00edsticas \u00aborejas de coliflor<\/strong>\u00bb (una dolencia muy habitual entre quienes practican deportes de contacto). Esto despert\u00f3 su curiosidad y los llev\u00f3 a conocer el Climent Club, un gimnasio de MMA dirigido por los hermanos Agust\u00edn y Jorge Climent que les permitieron centrarse en uss entrenamientos de lleno-<\/p>\n<p>Camino a la gloria<\/p>\n<p class=\"ft-text\">Despu\u00e9s, Ilia Topuria explot\u00f3 como profesional en la MMA <strong>con apenas 18 a\u00f1os<\/strong> y empez\u00f3 a avanzar astron\u00f3micamente en su carrera. Fue en 2019, despu\u00e9s de solo seis peleas, cuando estaba llamando a las puertas de la UFC. Finalmente, en 2020 lleg\u00f3 su debut en Abu Dabi, donde venci\u00f3 a Youseff Zalal a los puntos, marcando el inicio de su imparable ascenso en la liga m\u00e1s prestigiosa del mundo.<\/p>\n<p class=\"ft-text\">Desde entonces, Ilia ha logrado victorias destacadas contra luchadores <strong>como Damon Jackson, Ryan Hall y Bryce Mitchell, <\/strong>consolid\u00e1ndose como una de las mayores promesas del deporte. En 2024, alcanz\u00f3 su gran momento al convertirse en campe\u00f3n de peso pluma de la UFC tras vencer a Alexander Volkanovski, una de las leyendas del deporte.<\/p>\n","protected":false},"excerpt":{"rendered":"Esta semana, Ilia Topuria, una de las estrellas m\u00e1s importantes de la UFC (Ultimate Fighting Championship), se sent\u00f3&hellip;\n","protected":false},"author":2,"featured_media":21479,"comment_status":"","ping_status":"","sticky":false,"template":"","format":"standard","meta":{"footnotes":""},"categories":[276],"tags":[1488,168,4482,25,24,700,12725,8732,347,1614,23,167,807,348,343,2606],"class_list":{"0":"post-21478","1":"post","2":"type-post","3":"status-publish","4":"format-standard","5":"has-post-thumbnail","7":"category-ufc","8":"tag-artes-marciales","9":"tag-deportes","10":"tag-dv","11":"tag-es","12":"tag-espana","13":"tag-europa","14":"tag-famoso","15":"tag-habia","16":"tag-ilia","17":"tag-rusia","18":"tag-spain","19":"tag-sports","20":"tag-television","21":"tag-topuria","22":"tag-ufc","23":"tag-vida"},"share_on_mastodon":{"url":"","error":""},"_links":{"self":[{"href":"https:\/\/www.europesays.com\/es\/wp-json\/wp\/v2\/posts\/21478","targetHints":{"allow":["GET"]}}],"collection":[{"href":"https:\/\/www.europesays.com\/es\/wp-json\/wp\/v2\/posts"}],"about":[{"href":"https:\/\/www.europesays.com\/es\/wp-json\/wp\/v2\/types\/post"}],"author":[{"embeddable":true,"href":"https:\/\/www.europesays.com\/es\/wp-json\/wp\/v2\/users\/2"}],"replies":[{"embeddable":true,"href":"https:\/\/www.europesays.com\/es\/wp-json\/wp\/v2\/comments?post=21478"}],"version-history":[{"count":0,"href":"https:\/\/www.europesays.com\/es\/wp-json\/wp\/v2\/posts\/21478\/revisions"}],"wp:featuredmedia":[{"embeddable":true,"href":"https:\/\/www.europesays.com\/es\/wp-json\/wp\/v2\/media\/21479"}],"wp:attachment":[{"href":"https:\/\/www.europesays.com\/es\/wp-json\/wp\/v2\/media?parent=21478"}],"wp:term":[{"taxonomy":"category","embeddable":true,"href":"https:\/\/www.europesays.com\/es\/wp-json\/wp\/v2\/categories?post=21478"},{"taxonomy":"post_tag","embeddable":true,"href":"https:\/\/www.europesays.com\/es\/wp-json\/wp\/v2\/tags?post=21478"}],"curies":[{"name":"wp","href":"https:\/\/api.w.org\/{rel}","templated":true}]}}