{"id":214782,"date":"2025-11-02T17:42:10","date_gmt":"2025-11-02T17:42:10","guid":{"rendered":"https:\/\/www.europesays.com\/es\/214782\/"},"modified":"2025-11-02T17:42:10","modified_gmt":"2025-11-02T17:42:10","slug":"elche-en-directo-hoy-partido-de-la-liga-jornada-11","status":"publish","type":"post","link":"https:\/\/www.europesays.com\/es\/214782\/","title":{"rendered":"Elche en directo hoy: partido de la Liga, jornada 11"},"content":{"rendered":"<p>18:40<\/p>\n<p>Goooooooooooooooool de Lamiiiiiineeeeeeeeee<\/p>\n<p>18:38<\/p>\n<p>Llega con peligro el Elche, pero Rafa Mir duerme la jugada<\/p>\n<p class=\"voc-p\">Recibi\u00f3 el punta con ventaja para asistir, pero control\u00f3 y se lo pens\u00f3 mucho. Se lo reproch\u00f3 Febas tras la jugada. <\/p>\n<p>18:36<\/p>\n<p>El Bar\u00e7a apacigua el animado inicio del Elche<\/p>\n<p class=\"voc-p\">Han salido intensos los de Eder Sarabia, que han forzado un c\u00f3rner. Sin embargo, el Bar\u00e7a domina ya el bal\u00f3n y est\u00e1 llegando a la porter\u00eda de I\u00f1aki Pe\u00f1a. <\/p>\n<p>18:28<\/p>\n<p>\u00a1Y Lamine tambi\u00e9n titular!<\/p>\n<p class=\"voc-p\">Ha estado toda la semana en el <strong>ojo del hurac\u00e1n<\/strong> por sus pol\u00e9micas palabras en la previa del cl\u00e1sico. El reproche de Carvajal tras ganar el Madrid el partido desencaden\u00f3 en un <strong>rifirrafe <\/strong>entre las plantillas de ambos equipos. Adem\u00e1s, no se encuentra en su mejor estado de forma. Veremos c\u00f3mo se desenvuelve hoy.<\/p>\n<p class=\"voc-p\">ESTO EMPIEZA YA.<\/p>\n<p>18:23<\/p>\n<p>Hector Fort, de cul\u00e9 a franjiverde<\/p>\n<p class=\"voc-p\">El joven lateral, que hoy aguarda en el banquillo, milita ahora en las filas del Elche tras salir <strong>cedido <\/strong>del Bar\u00e7a. Sin embargo, no est\u00e1 siendo su temporada. No est\u00e1 gozando de demasiados minutos y tan solo ha jugado en tres partidos.<\/p>\n<p class=\"voc-p\">Tambi\u00e9n lleg\u00f3 al Elche en cesi\u00f3n I\u00f1aki Pe\u00f1a, que r\u00e1pidamente se hizo con la titularidad.  <\/p>\n<p>18:19<\/p>\n<p>Ferm\u00edn llega en un gran estado de forma<\/p>\n<p class=\"voc-p\">Marc\u00f3 ante el Madrid y se ha convertido en un jugador fundamental para Flick. Lleva tres goles este a\u00f1o, adem\u00e1s del hat-trick en Champions ante Olympiacos. <\/p>\n<p>18:08<\/p>\n<p>Y este es el once del excul\u00e9 Eder Sarabia<\/p>\n<p class=\"voc-p\"><strong>I\u00f1aki Pe\u00f1a, Pedrosa, Bigas, Aguado, Da Silva, Mir, Febas, \u00c1lvaro, Neto, Affengruber. <\/strong><\/p>\n<p>18:06<\/p>\n<p>\u00a1El once de Flick! Ojo porque va con todo<\/p>\n<p class=\"voc-p\">Pese a tener compromiso europeo el mi\u00e9rcoles en Brujas, el t\u00e9cnico alem\u00e1n saca a sus once jugadores m\u00e1s fiables. Tan solo sorprende la presencia de Araujo, que deja a Cubars\u00ed en el banquillo.<\/p>\n<p class=\"voc-p\"><strong>Szcz\u0119sny, Balde, Araujo, Eric, Kound\u00e9, Casad\u00f3, De Jong, Ferm\u00edn, Lamine, Rashford, Ferran.<\/strong><\/p>\n<p>17:12<\/p>\n<p>Olmo y Lewandowski, recuperados y en la lista<\/p>\n<p class=\"voc-p\">Sigue padeciendo un alud de bajas el Bar\u00e7a, pero Flick recupera a dos jugadores fundamentales. Todav\u00eda faltan <strong>Gavi y Raphinha<\/strong>, adem\u00e1s de Pedri, expulsado ante el Madrid. <\/p>\n<p>17:09<\/p>\n<p>El Bar\u00e7a viene un momento dif\u00edcil y con necesidad de puntuar<\/p>\n<p class=\"voc-p\">Vienen encadenando una <strong>racha complicada<\/strong> los de Flick. Desde que perdieron con el PSG en Champions, cayeron por 4-1 en el Pizju\u00e1n, ganaron al Girona en el 93 y el Madrid les venci\u00f3 en el cl\u00e1sico. Hoy, ante un reci\u00e9n ascendido que viene haci\u00e9dolo muy bien, tiene la oportunidad de dar un <strong>golpe sobre la mesa<\/strong> en casa y acortar distancias en la tabla. <\/p>\n<p>17:05<\/p>\n<p>\u00a1Bienvenidos al Bar\u00e7a-Elche! \u00a1Toda la presi\u00f3n sobre el Barcelona!<\/p>\n<p class=\"voc-p\">Muy buenas tardes y sean bienvenidos a este Barcelona-Elche en Montjuic. Ayer gan\u00f3 el <strong>Real Madrid por 4 a 0 al Valencia<\/strong> y la presi\u00f3n sobre el Bar\u00e7a es total, terceros ahora mismo y a ocho de los blancos.<\/p>\n","protected":false},"excerpt":{"rendered":"18:40 Goooooooooooooooool de Lamiiiiiineeeeeeeeee 18:38 Llega con peligro el Elche, pero Rafa Mir duerme la jugada Recibi\u00f3 el&hellip;\n","protected":false},"author":2,"featured_media":214783,"comment_status":"","ping_status":"","sticky":false,"template":"","format":"standard","meta":{"footnotes":""},"categories":[93],"tags":[210,168,2125,2006,25,24,315,293,1044,1045,23,167],"class_list":{"0":"post-214782","1":"post","2":"type-post","3":"status-publish","4":"format-standard","5":"has-post-thumbnail","7":"category-deportes","8":"tag-barcelona","9":"tag-deportes","10":"tag-directo","11":"tag-elche","12":"tag-es","13":"tag-espana","14":"tag-hoy","15":"tag-jornada","16":"tag-liga","17":"tag-partido","18":"tag-spain","19":"tag-sports"},"share_on_mastodon":{"url":"https:\/\/pubeurope.com\/@es\/115481342361922292","error":""},"_links":{"self":[{"href":"https:\/\/www.europesays.com\/es\/wp-json\/wp\/v2\/posts\/214782","targetHints":{"allow":["GET"]}}],"collection":[{"href":"https:\/\/www.europesays.com\/es\/wp-json\/wp\/v2\/posts"}],"about":[{"href":"https:\/\/www.europesays.com\/es\/wp-json\/wp\/v2\/types\/post"}],"author":[{"embeddable":true,"href":"https:\/\/www.europesays.com\/es\/wp-json\/wp\/v2\/users\/2"}],"replies":[{"embeddable":true,"href":"https:\/\/www.europesays.com\/es\/wp-json\/wp\/v2\/comments?post=214782"}],"version-history":[{"count":0,"href":"https:\/\/www.europesays.com\/es\/wp-json\/wp\/v2\/posts\/214782\/revisions"}],"wp:featuredmedia":[{"embeddable":true,"href":"https:\/\/www.europesays.com\/es\/wp-json\/wp\/v2\/media\/214783"}],"wp:attachment":[{"href":"https:\/\/www.europesays.com\/es\/wp-json\/wp\/v2\/media?parent=214782"}],"wp:term":[{"taxonomy":"category","embeddable":true,"href":"https:\/\/www.europesays.com\/es\/wp-json\/wp\/v2\/categories?post=214782"},{"taxonomy":"post_tag","embeddable":true,"href":"https:\/\/www.europesays.com\/es\/wp-json\/wp\/v2\/tags?post=214782"}],"curies":[{"name":"wp","href":"https:\/\/api.w.org\/{rel}","templated":true}]}}