{"id":214791,"date":"2025-11-02T17:47:09","date_gmt":"2025-11-02T17:47:09","guid":{"rendered":"https:\/\/www.europesays.com\/es\/214791\/"},"modified":"2025-11-02T17:47:09","modified_gmt":"2025-11-02T17:47:09","slug":"muerta-fernanda-maroca-hallada-muerta-a-los-30-anos-la-politica-e-influencer-fernanda-maroca-en-su-domicilio","status":"publish","type":"post","link":"https:\/\/www.europesays.com\/es\/214791\/","title":{"rendered":"MUERTA FERNANDA MAROCA | Hallada muerta a los 30 a\u00f1os la pol\u00edtica e influencer Fernanda Maroca en su domicilio"},"content":{"rendered":"<p class=\"ft-text\">La <strong>pol\u00edtica e influencer brasile\u00f1a Fernanda Oliveira<\/strong> Da Silva ha sido hallada muerta en su domicilio, a los 30 a\u00f1os de edad, en estado de descomposici\u00f3n.<\/p>\n<p class=\"ft-text\">M\u00e1s conocida como Fernanda Maroca, por su nombre en Instagram, fu<strong>e encontrada por su propia familia tras muchas horas sin saber de ella<\/strong>. Los servicios de emergencia afirmaron que el estado del cuerpo mostraba que l<strong>levaba varios d\u00edas muerta. <\/strong><\/p>\n<p class=\"ft-text\"><strong>\u00abSin vida y con evidentes signos de descomposici\u00f3n\u00bb, i<\/strong>ndic\u00f3 la polic\u00eda brasile\u00f1a. Aunque todav\u00eda no hay una versi\u00f3n oficial, algunos medios brasile\u00f1os <strong>detallan que muri\u00f3 por \u00abahorcamiento\u00bb. <\/strong>De momento, las autoridades siguen investigando las circunstancias de su fallecimiento.<\/p>\n<p class=\"ft-text\">Oliveira fue <strong>concejal en su ciudad natal, Lago Verde, y<\/strong> era una personalidad muy reconocida en el pa\u00eds. M\u00e1s all\u00e1 de su profesi\u00f3n, ten\u00eda 54.000 seguidores en Instagram, donde compart\u00eda su vida profesional, pero tambi\u00e9n daba &#8216;tips&#8217; de &#8216;fitness&#8217; y salud.<\/p>\n<p class=\"ft-text\">\u00abFernanda fue un<strong>a figura destacada y respetada en la comunidad<\/strong> y dedic\u00f3 su vida al servicio p\u00fablico con amor y mucho compromiso\u00bb, ha publicado el ayuntamiento, quien ha decretado tres d\u00edas de luto oficial.<\/p>\n","protected":false},"excerpt":{"rendered":"La pol\u00edtica e influencer brasile\u00f1a Fernanda Oliveira Da Silva ha sido hallada muerta en su domicilio, a los&hellip;\n","protected":false},"author":2,"featured_media":214792,"comment_status":"","ping_status":"","sticky":false,"template":"","format":"standard","meta":{"footnotes":""},"categories":[42],"tags":[1881,988,17,18,4482,367,13,14,23028,11,57774,4536,61,62,63,64,19,20,13470,9,10,15,16,586,952,12,21,22,65,66,67],"class_list":{"0":"post-214791","1":"post","2":"type-post","3":"status-publish","4":"format-standard","5":"has-post-thumbnail","7":"category-internacional","8":"tag-1881","9":"tag-anos","10":"tag-breaking-news","11":"tag-breakingnews","12":"tag-dv","13":"tag-familia","14":"tag-featured-news","15":"tag-featurednews","16":"tag-hallada","17":"tag-headlines","18":"tag-influencer-fernanda-maroca","19":"tag-instagram","20":"tag-internacional","21":"tag-international","22":"tag-international-news","23":"tag-internationalnews","24":"tag-latest-news","25":"tag-latestnews","26":"tag-muerta","27":"tag-news","28":"tag-noticias","29":"tag-noticias-destacadas","30":"tag-noticiasdestacadas","31":"tag-policia","32":"tag-politica","33":"tag-titulares","34":"tag-ultimas-noticias","35":"tag-ultimasnoticias","36":"tag-world","37":"tag-world-news","38":"tag-worldnews"},"share_on_mastodon":{"url":"","error":""},"_links":{"self":[{"href":"https:\/\/www.europesays.com\/es\/wp-json\/wp\/v2\/posts\/214791","targetHints":{"allow":["GET"]}}],"collection":[{"href":"https:\/\/www.europesays.com\/es\/wp-json\/wp\/v2\/posts"}],"about":[{"href":"https:\/\/www.europesays.com\/es\/wp-json\/wp\/v2\/types\/post"}],"author":[{"embeddable":true,"href":"https:\/\/www.europesays.com\/es\/wp-json\/wp\/v2\/users\/2"}],"replies":[{"embeddable":true,"href":"https:\/\/www.europesays.com\/es\/wp-json\/wp\/v2\/comments?post=214791"}],"version-history":[{"count":0,"href":"https:\/\/www.europesays.com\/es\/wp-json\/wp\/v2\/posts\/214791\/revisions"}],"wp:featuredmedia":[{"embeddable":true,"href":"https:\/\/www.europesays.com\/es\/wp-json\/wp\/v2\/media\/214792"}],"wp:attachment":[{"href":"https:\/\/www.europesays.com\/es\/wp-json\/wp\/v2\/media?parent=214791"}],"wp:term":[{"taxonomy":"category","embeddable":true,"href":"https:\/\/www.europesays.com\/es\/wp-json\/wp\/v2\/categories?post=214791"},{"taxonomy":"post_tag","embeddable":true,"href":"https:\/\/www.europesays.com\/es\/wp-json\/wp\/v2\/tags?post=214791"}],"curies":[{"name":"wp","href":"https:\/\/api.w.org\/{rel}","templated":true}]}}