{"id":214793,"date":"2025-11-02T17:48:11","date_gmt":"2025-11-02T17:48:11","guid":{"rendered":"https:\/\/www.europesays.com\/es\/214793\/"},"modified":"2025-11-02T17:48:11","modified_gmt":"2025-11-02T17:48:11","slug":"siete-magistrados-seis-jornadas-y-40-testigos-para-un-juicio-historico-al-fiscal-general-del-estado","status":"publish","type":"post","link":"https:\/\/www.europesays.com\/es\/214793\/","title":{"rendered":"Siete magistrados, seis jornadas y 40 testigos para un juicio hist\u00f3rico al fiscal general del Estado"},"content":{"rendered":"<p style=\"\">\u00bfFiltr\u00f3 el fiscal general del Estado, <a href=\"https:\/\/www.abc.es\/noticias\/alvaro-garcia-ortiz\/\" title=\"www.abc.es\" data-voc-vtm-id=\"in-text-traffic\" data-mrf-link=\"www.abc.es\" rel=\"nofollow noopener\" target=\"_blank\">\u00c1lvaro Garc\u00eda Ortiz <\/a>informaci\u00f3n reservada sobre un investigado, Alberto Gonz\u00e1lez Amador, pareja de la presidenta de la Comunidad de Madrid, Isabel D\u00edaz Ayuso, a un medio de comunicaci\u00f3n vulnerando as\u00ed su derecho a la defensa y la relaci\u00f3n  &#8230; de confidencialidad entre fiscales y letrados? Esa es la cuesti\u00f3n clave que tendr\u00e1 que responder el juicio hist\u00f3rico que arranca este lunes el Tribunal Supremo, una vista in\u00e9dita en democracia que el acusado ha decidido afrontar desde su cargo de fiscal general con el respaldo del Gobierno.<\/p>\n<p class=\"voc-p\" style=\"\">Sobre \u00e9l pesan la acusaci\u00f3n por delitos de revelaci\u00f3n de secretos, infidelidad en la custodia de los documentos y prevaricaci\u00f3n, que podr\u00edan conllevar <strong>penas de entre tres y seis a\u00f1os de c\u00e1rcel e inhabilitaci\u00f3n. <\/strong>Eso al margen de los 300.000 euros de indemnizaci\u00f3n que Alberto Gonz\u00e1lez Amador pide por da\u00f1os morales. <\/p>\n<p class=\"voc-p\" style=\"\">En la sala estar\u00e1 un tribunal compuesto por siete magistrados, que tendr\u00e1n que escuchar los argumentos de la Abogac\u00eda del Estado que ejerce las labores de defensa, y de la Fiscal\u00eda, que alineada con los anteriores, pide la absoluci\u00f3n de su jefe. Frente a ellos, la acusaci\u00f3n particular que ejerce la pareja de Ayuso y varias acusaciones populares: el Colegio de la Abogac\u00eda de Madrid, Manos Limpias, la asociaci\u00f3n de fiscales APIF y Foro Libertad y Alternativa, que a su vez lleva la direcci\u00f3n letrada de Vox y Hazte O\u00edr. <\/p>\n<p class=\"voc-p\" style=\"\">De la importancia de la vista da buena muestra el hecho de que vayan a <strong>asistir m\u00e1s de 200 periodistas de 59 medios acreditados<\/strong>, entre ellos peri\u00f3dicos y digitales, 10 cadenas de radio y 16 televisiones. A diferencia del juicio del &#8216;proc\u00e9s&#8217;, la vista no ser\u00e1 retransmitida en directo pero s\u00ed se podr\u00e1 seguir desde el Supremo a trav\u00e9s del circuito interno, lo que garantiza el principio de publicidad. <\/p>\n<p><img decoding=\"async\" id=\"g-juicio-gracia-ortiz1-size-S-img\" class=\"g-juicio-gracia-ortiz1-size-S-img g-aiImg\" alt=\"\" src=\"https:\/\/www.europesays.com\/es\/wp-content\/uploads\/2025\/11\/juicio-gracia-ortiz1-size-S.png\"\/><\/p>\n<p class=\"g-pstyle0\">El tribunal del juicio<\/p>\n<p class=\"g-pstyle0\">al fiscal general del Estado<\/p>\n<p class=\"g-pstyle4\">Andr\u00e9s<\/p>\n<p class=\"g-pstyle4\">Mart\u00ednez-Arrieta<\/p>\n<p class=\"g-pstyle4\">(presidente de la Sala Segunda)<\/p>\n<p class=\"g-pstyle7\">Acusaci\u00f3n particular Gonz\u00e1lez Amador<\/p>\n<p class=\"g-pstyle10\">Ignacio de Luis<\/p>\n<p class=\"g-pstyle10\">y Pablo Morenilla <\/p>\n<p class=\"g-pstyle10\">(Colegio de la Abogac\u00eda de Madrid)<\/p>\n<p class=\"g-pstyle10\">Juan Antonio Frago<\/p>\n<p class=\"g-pstyle10\">(Asociaci\u00f3n Profesional<\/p>\n<p class=\"g-pstyle10\">e Independiente de Fiscales)<\/p>\n<p class=\"g-pstyle10\">V\u00edctor Soriano<\/p>\n<p class=\"g-pstyle10\">(Manos Limpias)<\/p>\n<p class=\"g-pstyle10\">Fernando Garc\u00eda Capelo<\/p>\n<p class=\"g-pstyle10\">(Foro Libertad y Alternativa, Vox, Hazte O\u00edr)<\/p>\n<p class=\"g-pstyle11\">Marta Castro (Vox) y Javier Mar\u00eda P\u00e9rez Rold\u00e1n (Hazte O\u00edr) est\u00e1n bajo la direcci\u00f3n letrada de Foro Libertad y Alternativa<\/p>\n<p class=\"g-pstyle12\">M. \u00c1ngeles<\/p>\n<p class=\"g-pstyle12\">S\u00e1nchez Conde<\/p>\n<p class=\"g-pstyle12\">(teniente fiscal)<\/p>\n<p class=\"g-pstyle4\">Francisco J.<\/p>\n<p class=\"g-pstyle4\">Montero Juanes<\/p>\n<p class=\"g-pstyle4\">(Fiscal Superior de Extremadura)<\/p>\n<p class=\"g-pstyle14\">Entre fiscales, pol\u00edticos, periodistas<\/p>\n<p class=\"g-pstyle14\">y agentes policiales<\/p>\n<p class=\"g-pstyle16\">Revelaci\u00f3n de secretos, infidelidad en<\/p>\n<p class=\"g-pstyle16\">la custodia de documentos, prevaricaci\u00f3n<\/p>\n<p class=\"g-pstyle16\">Entre 3 y 6 a\u00f1os e inhabilitaci\u00f3n<\/p>\n<p class=\"g-pstyle16\">Indemnizaci\u00f3n<\/p>\n<p class=\"g-pstyle16\">(pedida por la acusaci\u00f3n particular):<\/p>\n<p class=\"g-pstyle16\">300.000 euros<\/p>\n<p class=\"g-pstyle16\">3, 4 y 5, 11, 12 y 13 de noviembre<\/p>\n<p class=\"g-pstyle16\">en sesiones de ma\u00f1ana y tarde<\/p>\n<p class=\"g-pstyle17\">Fuente: Elaboraci\u00f3n propia<\/p>\n<p><img decoding=\"async\" id=\"g-juicio-gracia-ortiz1-size-M-img\" class=\"g-juicio-gracia-ortiz1-size-M-img g-aiImg\" alt=\"\" src=\"https:\/\/www.europesays.com\/es\/wp-content\/uploads\/2025\/11\/juicio-gracia-ortiz1-size-M.png\"\/><\/p>\n<p class=\"g-pstyle0\">El tribunal del juicio<\/p>\n<p class=\"g-pstyle0\">al fiscal general del Estado<\/p>\n<p class=\"g-pstyle5\">Andr\u00e9s<\/p>\n<p class=\"g-pstyle5\">Mart\u00ednez-Arrieta<\/p>\n<p class=\"g-pstyle5\">(presidente<\/p>\n<p class=\"g-pstyle5\">Sala 2\u00aa)<\/p>\n<p class=\"g-pstyle7\">I\u00f1aki Ocio<\/p>\n<p class=\"g-pstyle7\">Abogac\u00eda del Estado<\/p>\n<p class=\"g-pstyle6\">Acusaci\u00f3n particular Gonz\u00e1lez Amador<\/p>\n<p class=\"g-pstyle8\">Ignacio de Luis<\/p>\n<p class=\"g-pstyle8\">y Pablo Morenilla <\/p>\n<p class=\"g-pstyle8\">(ICAM) (1)<\/p>\n<p class=\"g-pstyle8\">V\u00edctor<\/p>\n<p class=\"g-pstyle8\">Soriano<\/p>\n<p class=\"g-pstyle8\">(Manos Limpias)<\/p>\n<p class=\"g-pstyle8\">Fernando Garc\u00eda Capelo<\/p>\n<p class=\"g-pstyle8\">(Foro Libertad y Alternativa,<\/p>\n<p class=\"g-pstyle8\">Vox, Hazte O\u00edr) (3)<\/p>\n<p class=\"g-pstyle8\">Juan Antonio<\/p>\n<p class=\"g-pstyle8\">Frago<\/p>\n<p class=\"g-pstyle8\">(APIF) (2)<\/p>\n<p class=\"g-pstyle9\">(1) ICAM: Colegio de la Abogac\u00eda de Madrid<\/p>\n<p class=\"g-pstyle9\">(2) APIF: Asociaci\u00f3n Profesional e Independiente de Fiscales<\/p>\n<p class=\"g-pstyle9\">(3) Marta Castro (Vox) y Javier Mar\u00eda P\u00e9rez Rold\u00e1n (Hazte O\u00edr) est\u00e1n bajo la direcci\u00f3n letrada<\/p>\n<p class=\"g-pstyle9\">de Foro Libertad y Alternativa<\/p>\n<p class=\"g-pstyle5\">Francisco J.<\/p>\n<p class=\"g-pstyle5\">Montero Juanes<\/p>\n<p class=\"g-pstyle5\">(Fiscal Superior de Extremadura)<\/p>\n<p class=\"g-pstyle7\">M. \u00c1ngeles<\/p>\n<p class=\"g-pstyle7\">S\u00e1nchez Conde<\/p>\n<p class=\"g-pstyle7\">(teniente fiscal)<\/p>\n<p class=\"g-pstyle11\">Entre fiscales, pol\u00edticos, periodistas y agentes policiales<\/p>\n<p class=\"g-pstyle13\">Revelaci\u00f3n de secretos, infidelidad en la custodia de documentos, prevaricaci\u00f3n<\/p>\n<p class=\"g-pstyle13\">Entre 3 y 6 a\u00f1os e inhabilitaci\u00f3n<\/p>\n<p class=\"g-pstyle13\">Indemnizaci\u00f3n (pedida por la acusaci\u00f3n particular): 300.000 euros<\/p>\n<p class=\"g-pstyle13\">3, 4 y 5, 11, 12 y 13 de noviembre en sesiones de ma\u00f1ana y tarde<\/p>\n<p class=\"g-pstyle14\">Fuente: Elaboraci\u00f3n propia<\/p>\n<p class=\"voc-d-c__pretitle\">El calendario del juicio<\/p>\n<p>Seis sesiones y 40 testigos<\/p>\n<p class=\"voc-p\" style=\"\">El juicio contra el fiscal general del Estado estar\u00e1 dividido en<strong> seis sesiones previstas en dos semanas<\/strong>, en jornadas de ma\u00f1ana y tarde. Esta semana, los d\u00edas 3, 4 y 5 (lunes, martes y mi\u00e9rcoles); y la pr\u00f3xima, 11, 12 y 13 (martes, mi\u00e9rcoles y jueves), desfilar\u00e1n por la sala 40 testigos, m\u00e1s el propio acusado que declarar\u00e1 en \u00faltimo lugar, en la pen\u00faltima jornada. La \u00faltima est\u00e1 destinada a los informes de las partes y a la elevaci\u00f3n a definitivas o modificaci\u00f3n, en su caso, de las conclusiones provisionales. <\/p>\n<p>\n3 de noviembre: los fiscales\n<\/p>\n<p class=\"voc-p\" style=\"\">La primera sesi\u00f3n estar\u00e1 dedicada a la declaraci\u00f3n de distintos miembros del equipo de la Fiscal\u00eda relacionados con el caso. Entre ellos, el del fiscal de delitos econ\u00f3micos, Juli\u00e1n Salto, cuyas comunicaciones con Carlos Neira, el abogado querellante, fueron filtrados la noche del 13 de marzo de 2024. El inter\u00e9s de Garc\u00eda Ortiz en recabar los correos intercambiados con el letrado llev\u00f3 a que la superior de Salto lo sacara de un partido de f\u00fatbol al que asist\u00eda para atender a la solicitud del fiscal general. Tambi\u00e9n declarar\u00e1n Pilar Rodr\u00edguez, la fiscal jefe provincial que medi\u00f3 entre el fiscal general y su subordinado Salto; y Almudena Lastra, pieza clave de la investigaci\u00f3n, fiscal superior de Madrid, que afe\u00f3 a Rodr\u00edguez que le pasara los mails a su jefe -\u00ab<strong>\u00bfPara qu\u00e9 se los mandas? Los va a filtrar<\/strong>\u00bb- y sospech\u00f3 de Garc\u00eda Ortiz desde el primer momento -\u00ab\u00c1lvaro, \u00bflos has filtrado t\u00fa?\u00bb, a lo que \u00e9l contest\u00f3: \u00abEso ahora no importa\u00bb-.<\/p>\n<ul class=\"oc-d-c-list__list\">\n<li class=\"voc-d-c-list__item\">\n<p class=\"voc-d-c-list__paragraph\">10 de la ma\u00f1ana: Juli\u00e1n Salto Torres, fiscal de delitos econ\u00f3micos<\/p>\n<\/li>\n<li class=\"voc-d-c-list__item\">\n<p class=\"voc-d-c-list__paragraph\">M\u00aa Pilar Rodr\u00edguez Fern\u00e1ndez, fiscal jefe provincial<\/p>\n<\/li>\n<li class=\"voc-d-c-list__item\">\n<p class=\"voc-d-c-list__paragraph\">Almudena Lastra De In\u00e9s, fiscal superior de Madrid<\/p>\n<\/li>\n<li class=\"voc-d-c-list__item\">\n<p class=\"voc-d-c-list__paragraph\">Diego Villafa\u00f1e D\u00edez, fiscal jefe fiscal\u00eda t\u00e9cnica<\/p>\n<\/li>\n<li class=\"voc-d-c-list__item\">\n<p class=\"voc-d-c-list__paragraph\">15:30 Mar\u00eda Del Mar Hed\u00f3 Casinello, jefa gabinete del fiscal General del Estado<\/p>\n<\/li>\n<li class=\"voc-d-c-list__item\">\n<p class=\"voc-d-c-list__paragraph\">\u00cd\u00f1igo Corral Lozano, jefe gabinete TSJ<\/p>\n<\/li>\n<\/ul>\n<p>\n4 de noviembre: Miguel \u00c1ngel Rodr\u00edguez y Gonz\u00e1lez Amador\n<\/p>\n<p class=\"voc-p\" style=\"\">En la segunda jornada del juicio, todo apunta a que los focos se los llevar\u00e1n dos testigos: <strong>el propio querellante Alberto Gonz\u00e1lez Amador y el jefe de gabinete de la presidenta de la Comunidad de Madrid, Miguel \u00c1ngel Rodr\u00edguez<\/strong>, sobre el que la defensa pretende descargar la responsabilidad de la filtraci\u00f3n de las comunicaciones. A ellos, se sumar\u00e1 el testimonio del por entonces jefe de la comunicaci\u00f3n de la Moncloa, aunque el tribunal haya sacado de la vista la posible implicaci\u00f3n del Gobierno que el juez instructor, \u00c1ngel Hurtado, s\u00ed vio clara: \u00ab(&#8230;) siguiendo instrucciones de Presidencia del Gobierno\u00bb.<\/p>\n<ul class=\"oc-d-c-list__list\">\n<li class=\"voc-d-c-list__item\">\n<p class=\"voc-d-c-list__paragraph\">10:00 Esmeralda Rasillo L\u00f3pez, fiscal de Sala Jefa de la Unidad de Apoyo FGE<\/p>\n<\/li>\n<li class=\"voc-d-c-list__item\">\n<p class=\"voc-d-c-list__paragraph\">Diego Lucas \u00c1lvarez, fiscal de Fiscal\u00eda Especial contra la Corrupci\u00f3n<\/p>\n<\/li>\n<li class=\"voc-d-c-list__item\">\n<p class=\"voc-d-c-list__paragraph\">Miguel \u00c1ngel Rodr\u00edguez Baj\u00f3n, jefe gabinete presidenta Comunidad de Madrid<\/p>\n<\/li>\n<li class=\"voc-d-c-list__item\">\n<p class=\"voc-d-c-list__paragraph\">Francesc Vall\u00e9s Vives, jefe de oficina de comunicaci\u00f3n de Moncloa<\/p>\n<\/li>\n<li class=\"voc-d-c-list__item\">\n<p class=\"voc-d-c-list__paragraph\">Alberto Gonz\u00e1lez Amador, querellante<\/p>\n<\/li>\n<li class=\"voc-d-c-list__item\">\n<p class=\"voc-d-c-list__paragraph\">Carlos Neira Herrera, abogado del querellante en el momento de los hechos<\/p>\n<\/li>\n<\/ul>\n<p>\n5 de noviembre: Juan Lobato\n<\/p>\n<p class=\"voc-p\" style=\"\">Pol\u00edticos y periodistas se mezclan en esta sesi\u00f3n de la vista. El ex secretario general del PSOE de Madrid Juan Lobato, cuya decisi\u00f3n de acreditar ante notario la comunicaci\u00f3n de Moncloa en el que se le ofrec\u00eda el correo filtrado, una hora antes de publicarse, <a href=\"https:\/\/www.abc.es\/espana\/moncloa-filtro-informacion-secreta-novio-ayuso-quiso-20241125203543-nt.html\" title=\"www.abc.es\" data-voc-vtm-id=\"in-text-traffic\" data-mrf-link=\"www.abc.es\" rel=\"nofollow noopener\" target=\"_blank\">tal y como adelant\u00f3 en exclusiva ABC en su momento<\/a>, le cost\u00f3 su puesto, testificar\u00e1 en el proceso. Tras \u00e9l, lo har\u00e1 Pilar S\u00e1nchez Acera, por aquel entonces, mano derecha del jefe de Gabinete de Presidencia \u00d3scar L\u00f3pez. <\/p>\n<ul class=\"oc-d-c-list__list\">\n<li class=\"voc-d-c-list__item\">\n<p class=\"voc-d-c-list__paragraph\">10:00 Juan Lobato Gandarias-S\u00e1nchez, ex Secretario General del PSOE Madrid<\/p>\n<\/li>\n<li class=\"voc-d-c-list__item\">\n<p class=\"voc-d-c-list__paragraph\">Pilar S\u00e1nchez Acera, directora de gabinete del Secretario de Estado,director del gabinete de Presidencia de Gobierno<\/p>\n<\/li>\n<li class=\"voc-d-c-list__item\">\n<p class=\"voc-d-c-list__paragraph\">Isaac Blasco Ruiz, periodista de Vozpopuli<\/p>\n<\/li>\n<li class=\"voc-d-c-list__item\">\n<p class=\"voc-d-c-list__paragraph\">Olivia Moya Gonz\u00e1lez, periodista de Libertad digital<\/p>\n<\/li>\n<li class=\"voc-d-c-list__item\">\n<p class=\"voc-d-c-list__paragraph\">Esteban Urreiztieta N\u00fa\u00f1ez, periodista de El Mundo<\/p>\n<\/li>\n<li class=\"voc-d-c-list__item\">\n<p class=\"voc-d-c-list__paragraph\">15:30 horas: Jos\u00e9 Precedo Nouche, periodista de Eldiario.es<\/p>\n<\/li>\n<li class=\"voc-d-c-list__item\">\n<p class=\"voc-d-c-list__paragraph\">Marcos Pinheiro Lozano, periodista de Eldiario.es<\/p>\n<\/li>\n<li class=\"voc-d-c-list__item\">\n<p class=\"voc-d-c-list__paragraph\">Alfonso P\u00e9rez Medina, periodista de la Sexta<\/p>\n<\/li>\n<\/ul>\n<p>\n11 de noviembre: m\u00e1s periodistas\n<\/p>\n<p class=\"voc-p\" style=\"\">Testifican nuevos miembros del personal de fiscal\u00eda, el decano del Colegio de la Abogac\u00eda de Madrid, Eugenio Rib\u00f3n (el colegio es acusaci\u00f3n popular), y m\u00e1s periodistas relacionados con el caso.<\/p>\n<ul class=\"oc-d-c-list__list\">\n<li class=\"voc-d-c-list__item\">\n<p class=\"voc-d-c-list__paragraph\">10 de la ma\u00f1ana: Eugenio Rib\u00f3n Seisdedos, decano del ICAM<\/p>\n<\/li>\n<li class=\"voc-d-c-list__item\">\n<p class=\"voc-d-c-list__paragraph\">M\u00aa Antonia Sanz Gaite, fiscal jefa de la Inspecci\u00f3n fiscal FGE<\/p>\n<\/li>\n<li class=\"voc-d-c-list__item\">\n<p class=\"voc-d-c-list__paragraph\">Agust\u00edn Hidalgo de Morillo Jim\u00e9nez, fiscal TS y delegado de protecci\u00f3n de datos de la FGE<\/p>\n<\/li>\n<li class=\"voc-d-c-list__item\">\n<p class=\"voc-d-c-list__paragraph\">Miguel \u00c1ngel Campos Pe\u00f1arroja, periodista de Cadena SER<\/p>\n<\/li>\n<li class=\"voc-d-c-list__item\">\n<p class=\"voc-d-c-list__paragraph\">Jos\u00e9 Manuel Romero-Salazar P\u00e9rez Cejuela, antiguo subdirector de El Pa\u00eds <\/p>\n<\/li>\n<li class=\"voc-d-c-list__item\">\n<p class=\"voc-d-c-list__paragraph\">15:30 Fernando Peinado Alcaraz, periodista de El Pa\u00eds<\/p>\n<\/li>\n<li class=\"voc-d-c-list__item\">\n<p class=\"voc-d-c-list__paragraph\">Berta Ferrero Franch, periodista de El Pa\u00eds<\/p>\n<\/li>\n<li class=\"voc-d-c-list__item\">\n<p class=\"voc-d-c-list__paragraph\">Juan Jos\u00e9 Mateo Ruiz-G\u00e1lvez, periodista de El Pa\u00eds<\/p>\n<\/li>\n<li class=\"voc-d-c-list__item\">\n<p class=\"voc-d-c-list__paragraph\">Cynthia Coiduras Iglesias, periodista de El Plural<\/p>\n<\/li>\n<\/ul>\n<p>\n12 de noviembre: agentes de la UCO y Garc\u00eda Ortiz\n<\/p>\n<p class=\"voc-p\" style=\"\">La pen\u00faltima sesi\u00f3n del juicio ser\u00e1 especialmente clave. Primero, porque testificar\u00e1n doce agentes de la Unidad Central Operativa de la Guardia Civil que participaron en los registros de la Fiscal\u00eda General del Estado y la Fiscal\u00eda Provincial, el volcado de datos de los terminales y los informes que se trasladaron. Su testimonio es crucial por ser lo derivado de estos registros, especialmente el analisis de los mensajes incautados a la fiscal provincial Pilar Rodr\u00edguez, el<strong> sost\u00e9n fundamental de la causa<\/strong>. Concluir\u00e1 el d\u00eda la declaraci\u00f3n del acusado, el propio \u00c1lvaro Garc\u00eda Ortiz.<\/p>\n<ul class=\"oc-d-c-list__list\">\n<li class=\"voc-d-c-list__item\">\n<p class=\"voc-d-c-list__paragraph\">10:00: tres agentes de la UCO que participaron en el registro de la Fiscal\u00eda General del Estado<\/p>\n<\/li>\n<li class=\"voc-d-c-list__item\">\n<p class=\"voc-d-c-list__paragraph\">Cinco agentes de la UCO que participaron en el registro de la Fiscal\u00eda Provincial<\/p>\n<\/li>\n<li class=\"voc-d-c-list__item\">\n<p class=\"voc-d-c-list__paragraph\">Un agente de la UCO que volc\u00f3 los dispositivos de Garc\u00eda Ortiz<\/p>\n<\/li>\n<li class=\"voc-d-c-list__item\">\n<p class=\"voc-d-c-list__paragraph\">Dos agentes, autores de los informes de la causa<\/p>\n<\/li>\n<li class=\"voc-d-c-list__item\">\n<p class=\"voc-d-c-list__paragraph\">Un agente para ratificar el informe pericial con fecha del 6 de febrero de 2025<\/p>\n<\/li>\n<li class=\"voc-d-c-list__item\">\n<p class=\"voc-d-c-list__paragraph\">\u00c1lvaro Garc\u00eda Ortiz, fiscal general del Estado<\/p>\n<\/li>\n<\/ul>\n<p>\n13 de noviembre: informes de las partes\n<\/p>\n<p class=\"voc-p\" style=\"\">La \u00faltima sesi\u00f3n se centrar\u00e1 en los informes y conclusiones de las partes. A la vista de las testificacales, periciales y declaraci\u00f3n del acusado, acusaci\u00f3n particular y populares modificar\u00e1n o, en caso contrario, elevar\u00e1n sus conclusiones provisionales a definitivas. El juicio quedar\u00e1 as\u00ed visto para sentencia, un fallo que llegar\u00e1 como muy pronto antes de que acabe el a\u00f1o o ya en los primeros meses de 2026.<\/p>\n","protected":false},"excerpt":{"rendered":"\u00bfFiltr\u00f3 el fiscal general del Estado, \u00c1lvaro Garc\u00eda Ortiz informaci\u00f3n reservada sobre un investigado, Alberto Gonz\u00e1lez Amador, pareja&hellip;\n","protected":false},"author":2,"featured_media":214794,"comment_status":"","ping_status":"","sticky":false,"template":"","format":"standard","meta":{"footnotes":""},"categories":[8],"tags":[17,18,25,24,693,13,14,6987,3015,11,1903,10101,5541,19,20,57775,9,10,15,16,1139,5294,23,7970,12,21,22],"class_list":{"0":"post-214793","1":"post","2":"type-post","3":"status-publish","4":"format-standard","5":"has-post-thumbnail","7":"category-espana","8":"tag-breaking-news","9":"tag-breakingnews","10":"tag-es","11":"tag-espana","12":"tag-estado","13":"tag-featured-news","14":"tag-featurednews","15":"tag-fiscal","16":"tag-general","17":"tag-headlines","18":"tag-historico","19":"tag-jornadas","20":"tag-juicio","21":"tag-latest-news","22":"tag-latestnews","23":"tag-magistrados","24":"tag-news","25":"tag-noticias","26":"tag-noticias-destacadas","27":"tag-noticiasdestacadas","28":"tag-seis","29":"tag-siete","30":"tag-spain","31":"tag-testigos","32":"tag-titulares","33":"tag-ultimas-noticias","34":"tag-ultimasnoticias"},"share_on_mastodon":{"url":"https:\/\/pubeurope.com\/@es\/115481366513320705","error":""},"_links":{"self":[{"href":"https:\/\/www.europesays.com\/es\/wp-json\/wp\/v2\/posts\/214793","targetHints":{"allow":["GET"]}}],"collection":[{"href":"https:\/\/www.europesays.com\/es\/wp-json\/wp\/v2\/posts"}],"about":[{"href":"https:\/\/www.europesays.com\/es\/wp-json\/wp\/v2\/types\/post"}],"author":[{"embeddable":true,"href":"https:\/\/www.europesays.com\/es\/wp-json\/wp\/v2\/users\/2"}],"replies":[{"embeddable":true,"href":"https:\/\/www.europesays.com\/es\/wp-json\/wp\/v2\/comments?post=214793"}],"version-history":[{"count":0,"href":"https:\/\/www.europesays.com\/es\/wp-json\/wp\/v2\/posts\/214793\/revisions"}],"wp:featuredmedia":[{"embeddable":true,"href":"https:\/\/www.europesays.com\/es\/wp-json\/wp\/v2\/media\/214794"}],"wp:attachment":[{"href":"https:\/\/www.europesays.com\/es\/wp-json\/wp\/v2\/media?parent=214793"}],"wp:term":[{"taxonomy":"category","embeddable":true,"href":"https:\/\/www.europesays.com\/es\/wp-json\/wp\/v2\/categories?post=214793"},{"taxonomy":"post_tag","embeddable":true,"href":"https:\/\/www.europesays.com\/es\/wp-json\/wp\/v2\/tags?post=214793"}],"curies":[{"name":"wp","href":"https:\/\/api.w.org\/{rel}","templated":true}]}}