{"id":214805,"date":"2025-11-02T18:00:14","date_gmt":"2025-11-02T18:00:14","guid":{"rendered":"https:\/\/www.europesays.com\/es\/214805\/"},"modified":"2025-11-02T18:00:14","modified_gmt":"2025-11-02T18:00:14","slug":"quien-es-ewa-juszkiewicz-la-artista-de-los-retratos-sin-rostro-que-cuestiona-los-estandares-de-genero-y-ha-colaborado-con-firmas-como-louis-vuitton","status":"publish","type":"post","link":"https:\/\/www.europesays.com\/es\/214805\/","title":{"rendered":"Qui\u00e9n es Ewa Juszkiewicz, la artista de los retratos sin rostro que cuestiona los est\u00e1ndares de g\u00e9nero y ha colaborado con firmas como Louis Vuitton"},"content":{"rendered":"<p data-journey-content=\"true\" data-node-id=\"0\" class=\"body-dropcap css-1vn2egp emevuu60\">A primera vista, las obras de <strong data-node-id=\"0.1\">Ewa Juszkiewicz (Gda\u0144sk, 1984)<\/strong> podr\u00edan pasar por piezas reci\u00e9n salidas de un museo del siglo XVII. Pero basta con mirarlas dos veces para que esa impresi\u00f3n se desmorone, pues las mujeres que retrata <strong data-node-id=\"0.3\">no tienen rostro<\/strong>. En lugar de facciones, aparecen trenzas que ocultan toda la cabeza, telas que envuelven el rostro por completo, vendas o elementos surrealistas que sustituyen la identidad de las protagonistas.<\/p>\n<p data-journey-content=\"true\" data-node-id=\"1\" class=\"css-6wxqfj emevuu60\">Cualquier espectador puede sentirse desconcertado ante estos retratos que, parad\u00f3jicamente, parecen retratos sin cara. Esa ausencia no es un gesto caprichoso, sino una declaraci\u00f3n. Ewa Juszkiewicz utiliza este mecanismo para <strong data-node-id=\"1.1\">se\u00f1alar y desmontar los <a href=\"https:\/\/www.harpersbazaar.com\/es\/cultura\/viajes-planes\/a35711517\/dia-de-la-mujer-desigualdad-cifras-empleo-mujeres-hombres\/\" target=\"_blank\" data-vars-ga-outbound-link=\"https:\/\/www.harpersbazaar.com\/es\/cultura\/viajes-planes\/a35711517\/dia-de-la-mujer-desigualdad-cifras-empleo-mujeres-hombres\/\" data-vars-ga-ux-element=\"Hyperlink\" data-vars-ga-call-to-action=\"estereotipos de belleza\" data-node-id=\"1.1.1\" class=\"body-link css-156jt4g emevuu60\" rel=\"nofollow noopener\">estereotipos de belleza<\/a> <\/strong>que han dominado la historia del arte y cuestionar la representaci\u00f3n pasiva de la mujer en los grandes lienzos del pasado.<\/p>\n<p><img draggable=\"true\" alt=\"ewa juszkiewicz, la artista de los rostros sin cara\" title=\"Ewa Juszkiewicz, la artista de los rostros sin cara\" loading=\"lazy\" width=\"6408\" height=\"4272\" decoding=\"async\" data-nimg=\"1\" style=\"color:transparent;width:100%;height:auto;\"   src=\"https:\/\/www.europesays.com\/es\/wp-content\/uploads\/2025\/11\/gettyimages-1345481314-min-69034b8bab460.jpg\" class=\"css-0 e1g79fud0\"\/><\/p>\n<p>Getty Images<\/p>\n<p data-journey-content=\"true\" data-node-id=\"3\" class=\"css-6wxqfj emevuu60\">La fascinaci\u00f3n por lo antiguo forma parte de su ADN creativo. Creci\u00f3 en <strong data-node-id=\"3.1\">Gda\u0144sk<\/strong>, una ciudad cargada de arte medieval, y desde ni\u00f1a se sinti\u00f3 atra\u00edda por la pintura flamenca y holandesa, especialmente por autores como <strong data-node-id=\"3.3\">Robert Campin<\/strong> y <strong data-node-id=\"3.5\">Jan van Eyck<\/strong>. Esa formaci\u00f3n cl\u00e1sica convive en su obra con una visi\u00f3n contempor\u00e1nea y cr\u00edtica: sus cuadros <strong data-node-id=\"3.7\">parecen antiguos, pero hablan del presente<\/strong>, reconstruyen la tradici\u00f3n para liberar a sus protagonistas de los papeles impuestos durante siglos.<\/p>\n<p data-journey-content=\"true\" data-node-id=\"6\" class=\"css-6wxqfj emevuu60\">En su obra, Ewa Juszkiewicz <strong data-node-id=\"6.1\">reimagina el g\u00e9nero del retrato<\/strong>, especialmente el que alcanz\u00f3 su esplendor entre los siglos XVI y XVIII, rompiendo la idea de la mujer como sujeto pasivo y decorativo. En sus pinturas al \u00f3leo, la figura femenina se vuelve enigm\u00e1tica, activa e imposible de reducir a un ideal.<\/p>\n<p data-journey-content=\"true\" data-node-id=\"7\" class=\"css-6wxqfj emevuu60\">La moda tambi\u00e9n ha marcado su imaginario. Admira a <strong data-node-id=\"7.1\">Rei Kawakubo, Iris van Herpen y Alexander McQueen<\/strong>, dise\u00f1adores que entienden el cuerpo femenino como una forma escult\u00f3rica. Su lenguaje visual ha llegado incluso al \u00e1mbito del lujo: en 2023 colabor\u00f3 con <strong data-node-id=\"7.3\">Louis Vuitton<\/strong> en la colecci\u00f3n <a href=\"https:\/\/www.harpersbazaar.com\/es\/moda\/noticias-moda\/a44217442\/bolsos-espectaculares-louis-vuitton-subasta-sothebys\/\" target=\"_blank\" data-vars-ga-outbound-link=\"https:\/\/www.harpersbazaar.com\/es\/moda\/noticias-moda\/a44217442\/bolsos-espectaculares-louis-vuitton-subasta-sothebys\/\" data-vars-ga-ux-element=\"Hyperlink\" data-vars-ga-call-to-action=\"Artycapucines\" data-node-id=\"7.5.0\" class=\"body-link css-156jt4g emevuu60\" rel=\"nofollow noopener\">Artycapucines<\/a>, transfiriendo una de sus obras a un bolso Capucines mediante impresi\u00f3n digital en 3D.<\/p>\n<p data-journey-content=\"true\" data-node-id=\"9\" class=\"css-6wxqfj emevuu60\">Su trayectoria no deja de crecer. En 2026, el <strong data-node-id=\"9.1\"><a href=\"https:\/\/www.harpersbazaar.com\/es\/famosas\/el-estilo-de\/a60495011\/carmen-thyssen-bornemisza-baronesa-vida-museo-historia\/\" target=\"_blank\" data-vars-ga-outbound-link=\"https:\/\/www.harpersbazaar.com\/es\/famosas\/el-estilo-de\/a60495011\/carmen-thyssen-bornemisza-baronesa-vida-museo-historia\/\" data-vars-ga-ux-element=\"Hyperlink\" data-vars-ga-call-to-action=\"Museo Thyssen-Bornemisza de Madrid\" data-node-id=\"9.1.0\" class=\"body-link css-156jt4g emevuu60\" rel=\"nofollow noopener\">Museo Thyssen-Bornemisza de Madrid<\/a><\/strong> le dedicar\u00e1 una exposici\u00f3n temporal, que podr\u00e1 visitarse del <strong data-node-id=\"9.3\">26 de mayo al 6 de septiembre<\/strong>. Una oportunidad \u00fanica para contemplar de cerca la obra de una artista que est\u00e1 reescribiendo el retrato femenino desde una mirada poderosa, cr\u00edtica y absolutamente actual.<\/p>\n<p>Contenidos relacionados<img src=\"https:\/\/www.europesays.com\/es\/wp-content\/uploads\/2025\/11\/27ba7a4c-edf4-44ff-95a0-45ba0d84a0d0_1686121238.file\" alt=\"Headshot of Paula Mart\u00edns\" title=\"Headshot of Paula Mart\u00edns\" width=\"100%\" height=\"100%\" decoding=\"async\" loading=\"lazy\" class=\"css-o0wq4v ev8dhu53\"\/><\/p>\n<p>\u00a0<\/p>\n<p>Paula Mart\u00edns (1993) es editora de lifestyle y cultura. Es apasionada de moverse de ciudad en ciudad y catadora confesable de cualquier cafeter\u00eda y restaurante. En su tiempo libre la ver\u00e1s moverse entre exposiciones, en cualquier establecimiento devorando libros y probando caf\u00e9s de especialidad o haciendo fotograf\u00edas a las fachadas y de los rincones m\u00e1s secretos cualquier paraje que visite. Por la noche, disfruta\u00a0bailando en los conciertos, enganch\u00e1ndose a toda pel\u00edcula o serie que haya en streaming y buscando festivales de cine.<\/p>\n<p>En sus art\u00edculos ense\u00f1a las ciudades bajo su prisma, descubriendo detalles que no encontrar\u00e1s en ninguna gu\u00eda de viaje. Desentra\u00f1a la personalidad de los personajes sobre los que escribe y\u00a0siempre busca comunicar desde un enfoque social, derribando estereotipos.<\/p>\n<p>Paula Mart\u00edns es una pontevedrea que en su af\u00e1n por estudiar en una gran ciudad termin\u00f3 en Cuenca, estudiando un grado en Periodismo por la UCLM. Guiada por su \u00edmpetu viajero busc\u00f3 unas pr\u00e1cticas en el peri\u00f3dico de El Ib\u00e9rico de Londres y, con una beca de Erasmus + se fue a conocer Reino Unido. A su vuelta a Espa\u00f1a persigui\u00f3 una de las primeras razones que le llevaron a dedicarse al periodismo: la moda. Estudi\u00f3 un m\u00e1ster en Digital Communication and marketing in fashion (s\u00ed, en ingl\u00e9s) en el Istituto Europeo di Design (IED) mientras trabajaba los fines de semana en aquella marca de Inditex llamada Uterq\u00fce. Al mismo tiempo\u00a0realizaba pr\u00e1cticas en revistas como VEIN magazine y en agencias de comunicaci\u00f3n como OnTwice.\u00a0<\/p>\n<p>Con esta misma pasi\u00f3n por el universo textil comenz\u00f3 su andadura en Harper&#8217;s Bazaar Espa\u00f1a desde Madrid: primero como becaria de la edici\u00f3n de papel, y despu\u00e9s como colaboradora web. Dentro de Harper&#8217;s Bazaar fue la encargada de las guardias del fin de semana, community manager, y ahora es la responsable de la secci\u00f3n de lifestyle y cultura, aunque es multidisciplinar y tambi\u00e9n apoya al equipo de moda y celebrities. Adem\u00e1s, como confesa workalcoholic, ocupa su tiempo escribiendo tambi\u00e9n para otros medios como \u00a1HOLA!, donde trata moda y lifestyle. Tambi\u00e9n es coordinadora de la revista cultural de la editorial de Bamba, y realiza notas de prensa y labores de comunicaci\u00f3n para varias agencias de comunicaci\u00f3n. A\u00fan hay m\u00e1s: ha fundado su propia revista digital de arte y cultura, llamada Kaldo magazine y ahora vive la vida n\u00f3mada. Ha vivido en Pontevedra, Cuenca, Londres, Madrid, Lisboa y Barcelona.\u00a0<\/p>\n","protected":false},"excerpt":{"rendered":"A primera vista, las obras de Ewa Juszkiewicz (Gda\u0144sk, 1984) podr\u00edan pasar por piezas reci\u00e9n salidas de un&hellip;\n","protected":false},"author":2,"featured_media":214806,"comment_status":"","ping_status":"","sticky":false,"template":"","format":"standard","meta":{"footnotes":""},"categories":[173],"tags":[229,233,231,230,232,253,234,146,147,25,24,23],"class_list":{"0":"post-214805","1":"post","2":"type-post","3":"status-publish","4":"format-standard","5":"has-post-thumbnail","7":"category-arte-y-diseno","8":"tag-arte","9":"tag-arte-y-diseno","10":"tag-arts","11":"tag-arts-and-design","12":"tag-design","13":"tag-discover","14":"tag-diseno","15":"tag-entertainment","16":"tag-entretenimiento","17":"tag-es","18":"tag-espana","19":"tag-spain"},"share_on_mastodon":{"url":"https:\/\/pubeurope.com\/@es\/115481413340831728","error":""},"_links":{"self":[{"href":"https:\/\/www.europesays.com\/es\/wp-json\/wp\/v2\/posts\/214805","targetHints":{"allow":["GET"]}}],"collection":[{"href":"https:\/\/www.europesays.com\/es\/wp-json\/wp\/v2\/posts"}],"about":[{"href":"https:\/\/www.europesays.com\/es\/wp-json\/wp\/v2\/types\/post"}],"author":[{"embeddable":true,"href":"https:\/\/www.europesays.com\/es\/wp-json\/wp\/v2\/users\/2"}],"replies":[{"embeddable":true,"href":"https:\/\/www.europesays.com\/es\/wp-json\/wp\/v2\/comments?post=214805"}],"version-history":[{"count":0,"href":"https:\/\/www.europesays.com\/es\/wp-json\/wp\/v2\/posts\/214805\/revisions"}],"wp:featuredmedia":[{"embeddable":true,"href":"https:\/\/www.europesays.com\/es\/wp-json\/wp\/v2\/media\/214806"}],"wp:attachment":[{"href":"https:\/\/www.europesays.com\/es\/wp-json\/wp\/v2\/media?parent=214805"}],"wp:term":[{"taxonomy":"category","embeddable":true,"href":"https:\/\/www.europesays.com\/es\/wp-json\/wp\/v2\/categories?post=214805"},{"taxonomy":"post_tag","embeddable":true,"href":"https:\/\/www.europesays.com\/es\/wp-json\/wp\/v2\/tags?post=214805"}],"curies":[{"name":"wp","href":"https:\/\/api.w.org\/{rel}","templated":true}]}}