{"id":214807,"date":"2025-11-02T18:02:11","date_gmt":"2025-11-02T18:02:11","guid":{"rendered":"https:\/\/www.europesays.com\/es\/214807\/"},"modified":"2025-11-02T18:02:11","modified_gmt":"2025-11-02T18:02:11","slug":"el-consejo-de-informativos-de-tve-denuncia-mala-praxis-de-gonzalo-miro-por-lanzar-conjeturas-sobre-mazon","status":"publish","type":"post","link":"https:\/\/www.europesays.com\/es\/214807\/","title":{"rendered":"El Consejo de Informativos de TVE denuncia \u00abmala praxis\u00bb de Gonzalo Mir\u00f3 por lanzar \u00abconjeturas\u00bb sobre Maz\u00f3n"},"content":{"rendered":"<p id=\"paragraph_1\">El Consejo de Informativos de RTVE denuncia que <a href=\"https:\/\/www.elespanol.com\/bluper\/20251031\/gonzalo-miro-dice-dar-campanadas-pepa-bueno-rompedor-habla-sueldo-tve-llegara\/1003743995159_0.html?utm_cmp_rs=linksinline\" rel=\"nofollow noopener\" target=\"_blank\"><strong>Gonzalo Mir\u00f3<\/strong>, en su labor como presentador del magac\u00edn Directo al grano<\/a>, <strong>ha cometido \u201cmala praxis\u201d<\/strong> al \u201cincumplir el Manual de Estilo, el Estatuto de Informaci\u00f3n y la Ley General de Comunicaci\u00f3n Audiovisual\u201d por <strong>sus \u201cconjeturas\u201d sobre Carlos Maz\u00f3n<\/strong> el d\u00eda de la DANA.<\/p>\n<p class=\"paragraph\" id=\"paragraph_2\">As\u00ed lo ha anunciado el Consejo de Informativos (CDI) en un extenso comunicado, haciendo referencia a unas palabras que <strong>Mir\u00f3 verti\u00f3 contra el presidente de la Generalitat de la Comunidad Valenciana<\/strong> en el programa emitido el pasado 7 de octubre de 2025.<\/p>\n<p class=\"paragraph\" id=\"paragraph_3\">En el minuto 49:02 del formato producido por La Osa para TVE, <strong>Mir\u00f3 lanz\u00f3 \u201cgraves acusaciones sin pruebas\u201d<\/strong> contra el l\u00edder valenciano.<\/p>\n<p><img loading=\"lazy\" decoding=\"async\" alt=\"Jes\u00fas Cintora en 'Malas lenguas'.\" height=\"180\" src=\"https:\/\/www.europesays.com\/es\/wp-content\/uploads\/2025\/11\/1003743991575_259649356_320x180.jpg\" width=\"320\" data-lazy-status=\"processed\" data-lazy-info=\"remove loading item 1\"\/><\/p>\n<p class=\"paragraph\" id=\"paragraph_4\">\u201c\u2026 Bueno, pues parece que, a pesar de todos los esfuerzos de la Generalitat para que no se conozca la verdad, <strong>hay algunas cosas que s\u00ed podemos ir sabiendo<\/strong>. Hay otras que est\u00e1n por saber\u201d, expresaba el comunicador.<\/p>\n<p class=\"paragraph\" id=\"paragraph_5\">\u201cDe momento no sabemos qu\u00e9 pas\u00f3 en esa comida tan larga de Carlos Maz\u00f3n, no sabemos si estaba despierto, estaba dormido, <strong>si ten\u00eda los pantalones puestos o quitados o cu\u00e1l era su tasa de alcohol en sangre<\/strong>\u2026\u201d, opinaba.<\/p>\n<p class=\"paragraph\" id=\"paragraph_6\">\u201cCarlos Maz\u00f3n y <strong>su cara de cemento armado<\/strong>, porque no puede tener m\u00e1s rostro, resulta que todav\u00eda cree que los v\u00eddeos que est\u00e1n saliendo le favorecen\u2026\u201d, declaraba.<\/p>\n<p class=\"paragraph\" id=\"paragraph_7\">Palabras que <strong><a href=\"https:\/\/www.elespanol.com\/invertia\/medios\/20251029\/sindicato-tve-denuncia-machismo-falta-neutralidad-malas-lenguas-jesus-cintora\/1003743991324_0.html?utm_cmp_rs=linksinline\" rel=\"nofollow noopener\" target=\"_blank\">ya fueron denunciadas por los sindicatos de RTVE<\/a><\/strong>. El pasado 10 de octubre, CCOO, desde su sede en la Corporaci\u00f3n en Catalu\u00f1a, emiti\u00f3 un comunicado denunciando la actitud del conductor.<\/p>\n<p><img decoding=\"async\" alt=\"Gonzalo Mir\u00f3 presentando el programa 'Directo al grano'.\" data-imgm=\"true\" height=\"180\" loading=\"lazy\"  src=\"https:\/\/www.europesays.com\/es\/wp-content\/uploads\/2025\/11\/1003743996389_259712272_1024x576.jpg\"  width=\"320\"\/><\/p>\n<p>                                                            Gonzalo Mir\u00f3 presentando el programa &#8216;Directo al grano&#8217;.<\/p>\n<p>                    RTVE<\/p>\n<p class=\"paragraph\" id=\"paragraph_8\">\u201c<strong>Es un hecho que perjudica la credibilidad del servicio<\/strong> que debe ofrecer la radiotelevisi\u00f3n p\u00fablica estatal. Las salidas de tono, las afirmaciones sin fundamento y el lenguaje vulgar con el \u00fanico objetivo de desacreditar al contrario no deben tener cabida en las antenas de esta empresa\u201d, afirmaba la uni\u00f3n.<\/p>\n<p class=\"paragraph\" id=\"paragraph_9\">El CDI ha llegado a la misma conclusi\u00f3n. \u201cEs inaceptable que un presentador, que no debe dar opini\u00f3n, lo haga con <strong>supuestos hechos no documentados<\/strong>, sin ning\u00fan fundamento ni prueba\u201d, afirma el organismo.<\/p>\n<p><img decoding=\"async\" alt=\"Silvia Intxaurrondo en 'La hora de La 1'.\" height=\"180\" loading=\"lazy\" width=\"320\" data-lazy-status=\"processed\" id=\"6f343ed04d\" src=\"https:\/\/www.elespanol.com\/invertia\/medios\/20251102\/consejo-informativos-tve-denuncia-mala-praxis-gonzalo-miro-lanzar-conjeturas-mazon\/[\" https:=\"\" data-lazy-info=\"changed src\"\/><\/p>\n<p class=\"paragraph\" id=\"paragraph_10\">El consejo recuerda que los formatos de TVE deben dejar \u201csiempre una clara distinci\u00f3n entre los hechos y las opiniones, evitando toda confusi\u00f3n entre ambas cosas, as\u00ed como la <strong>difusi\u00f3n de conjeturas y rumores sin especificar<\/strong> claramente su condici\u00f3n de tales\u201d.<\/p>\n<p class=\"paragraph\" id=\"paragraph_11\">Aunque el CDI reconoce que <strong>el presentador <a href=\"https:\/\/www.elespanol.com\/invertia\/medios\/20251028\/jose-pablo-lopez-defiende-mananeros-malas-lenguas-no-informativos-cnmc-dejo-claro\/1003743988717_0.html?utm_cmp_rs=linksinline\" rel=\"nofollow noopener\" target=\"_blank\">es \u201cpersonal externo\u201d del ente<\/a><\/strong><a href=\"https:\/\/www.elespanol.com\/invertia\/medios\/20251028\/jose-pablo-lopez-defiende-mananeros-malas-lenguas-no-informativos-cnmc-dejo-claro\/1003743988717_0.html?utm_cmp_rs=linksinline\" rel=\"nofollow noopener\" target=\"_blank\">, s\u00ed que consideran que debe ajustarse a la normativa<\/a>. \u201cAunque Gonzalo Mir\u00f3 sea personal externo a RTVE y contratado por una productora, debe cumplir con nuestra normativa\u201d, denuncia.<\/p>\n<p><img decoding=\"async\" alt=\"Marta Flich y Gonzalo Mir\u00f3 en el plat\u00f3 de 'Directo al grano'.\" data-imgm=\"true\" height=\"180\" loading=\"lazy\"  src=\"https:\/\/www.europesays.com\/es\/wp-content\/uploads\/2025\/11\/1003743996388_259712251_1024x576.jpg\"  width=\"320\"\/><\/p>\n<p>                                                            Marta Flich y Gonzalo Mir\u00f3 en el plat\u00f3 de &#8216;Directo al grano&#8217;.<\/p>\n<p>                    RTVE<\/p>\n<p class=\"paragraph\" id=\"paragraph_12\">En el mismo comunicado, el consejo se\u00f1ala a la <strong>directora de Magacines de TVE, Esther Gonz\u00e1lez Gar\u00edn,<\/strong> a quien se le pregunt\u00f3 por las palabras y el tono de Mir\u00f3. Sin embargo, la periodista no ha respondido al CDI.<\/p>\n<p class=\"paragraph\" id=\"paragraph_13\">\u201c<strong>La Direcci\u00f3n no ha rectificado estas declaraciones<\/strong> y tampoco ha respondido a nuestros requerimientos\u201d, expresa el CDI. \u201cLamentamos su falta de colaboraci\u00f3n, que estudiaremos para ver c\u00f3mo actuar dentro de nuestras competencias y responsabilidades\u201d, a\u00f1ade.<\/p>\n<p><img decoding=\"async\" alt=\"Emisi\u00f3n de los sorteos de la Loter\u00eda como secci\u00f3n dentro de 'La Revuelta'.\" height=\"180\" loading=\"lazy\" width=\"320\" data-lazy-status=\"processed\" id=\"8898d1abaa\" src=\"https:\/\/www.elespanol.com\/invertia\/medios\/20251102\/consejo-informativos-tve-denuncia-mala-praxis-gonzalo-miro-lanzar-conjeturas-mazon\/[\" https:=\"\" data-lazy-info=\"changed src\"\/><\/p>\n<p class=\"paragraph\" id=\"paragraph_14\">De hecho, el CDI revela que Gonz\u00e1lez Gar\u00edn les hab\u00eda planteado que \u201c<strong>el Consejo de Informativos de TVE no tiene competencias<\/strong> sobre el conjunto de programas de actualidad de la Corporaci\u00f3n\u201d.<\/p>\n<p class=\"paragraph\" id=\"paragraph_15\">El consejo aprovecha para desmentir esta respuesta. \u201cEl CDI de TVE, de \u00e1mbito estatal, con sede en Madrid, con competencias sobre la programaci\u00f3n general de los Servicios informativos, as\u00ed como <strong>los contenidos informativos emitidos en cualquier otro programa de televisi\u00f3n<\/strong> o generados para Internet o cualquier otra plataforma interactiva multimedia\u201d, argumenta.<\/p>\n<p class=\"paragraph\" id=\"paragraph_16\">De esta manera, el consejo se\u00f1ala que, aunque Directo al grano sea un programa de actualidad y no est\u00e9 regido por la obligaci\u00f3n de que sea un formato de producci\u00f3n propia interna, s\u00ed que <strong>debe regirse por los principios y normativa<\/strong> de la Corporaci\u00f3n.<\/p>\n","protected":false},"excerpt":{"rendered":"El Consejo de Informativos de RTVE denuncia que Gonzalo Mir\u00f3, en su labor como presentador del magac\u00edn Directo&hellip;\n","protected":false},"author":2,"featured_media":214808,"comment_status":"","ping_status":"","sticky":false,"template":"","format":"standard","meta":{"footnotes":""},"categories":[171],"tags":[2007,146,147,25,24,26322,1827,1533,23,807,214,3156,31033],"class_list":{"0":"post-214807","1":"post","2":"type-post","3":"status-publish","4":"format-standard","5":"has-post-thumbnail","7":"category-tv","8":"tag-carlos-mazon","9":"tag-entertainment","10":"tag-entretenimiento","11":"tag-es","12":"tag-espana","13":"tag-gonzalo-miro","14":"tag-medios","15":"tag-rtve-radiotelevision-espanola","16":"tag-spain","17":"tag-television","18":"tag-tv","19":"tag-tve","20":"tag-tve-television-espanola"},"share_on_mastodon":{"url":"https:\/\/pubeurope.com\/@es\/115481421166730970","error":""},"_links":{"self":[{"href":"https:\/\/www.europesays.com\/es\/wp-json\/wp\/v2\/posts\/214807","targetHints":{"allow":["GET"]}}],"collection":[{"href":"https:\/\/www.europesays.com\/es\/wp-json\/wp\/v2\/posts"}],"about":[{"href":"https:\/\/www.europesays.com\/es\/wp-json\/wp\/v2\/types\/post"}],"author":[{"embeddable":true,"href":"https:\/\/www.europesays.com\/es\/wp-json\/wp\/v2\/users\/2"}],"replies":[{"embeddable":true,"href":"https:\/\/www.europesays.com\/es\/wp-json\/wp\/v2\/comments?post=214807"}],"version-history":[{"count":0,"href":"https:\/\/www.europesays.com\/es\/wp-json\/wp\/v2\/posts\/214807\/revisions"}],"wp:featuredmedia":[{"embeddable":true,"href":"https:\/\/www.europesays.com\/es\/wp-json\/wp\/v2\/media\/214808"}],"wp:attachment":[{"href":"https:\/\/www.europesays.com\/es\/wp-json\/wp\/v2\/media?parent=214807"}],"wp:term":[{"taxonomy":"category","embeddable":true,"href":"https:\/\/www.europesays.com\/es\/wp-json\/wp\/v2\/categories?post=214807"},{"taxonomy":"post_tag","embeddable":true,"href":"https:\/\/www.europesays.com\/es\/wp-json\/wp\/v2\/tags?post=214807"}],"curies":[{"name":"wp","href":"https:\/\/api.w.org\/{rel}","templated":true}]}}