{"id":214884,"date":"2025-11-02T18:58:16","date_gmt":"2025-11-02T18:58:16","guid":{"rendered":"https:\/\/www.europesays.com\/es\/214884\/"},"modified":"2025-11-02T18:58:16","modified_gmt":"2025-11-02T18:58:16","slug":"nicki-nicole-loca-noche-de-fiesta-tras-su-ruptura-con-lamine-yamal-ustedes-saben","status":"publish","type":"post","link":"https:\/\/www.europesays.com\/es\/214884\/","title":{"rendered":"Nicki Nicole, loca noche de fiesta tras su ruptura con Lamine Yamal: \u00abUstedes saben&#8230;\u00bb"},"content":{"rendered":"<p class=\"c-paragraph\">Despu\u00e9s de d\u00edas de rumores, este s\u00e1bado <a href=\"https:\/\/www.20minutos.es\/gente\/lamine-yamal-nicki-nicole-anuncian-su-ruptura-no-ha-sido-por-ninguna-infidelidad_6663661_0.html\" title=\"Lamine Yamal y Nicki Nicole anuncian su ruptura: &quot;No ha sido por ninguna infidelidad&quot;\" rel=\"nofollow noopener\" target=\"_blank\">Lamine Yamal y Nicki Nicole anunciaban, no de forma conjunta, su ruptura<\/a> meses despu\u00e9s de haber confirmado su relaci\u00f3n.<\/p>\n<p class=\"c-paragraph\">\u00ab<b><b>No estamos juntos<\/b><\/b>\u00ab, anunciaba el presentador de\u00a0D coraz\u00f3n\u00a0Javier de Hoyos de boca del jugador. Adem\u00e1s, Yamal quiso dejar claro que \u00abno ha sido por ninguna infidelidad\u00bb: \u00abSimplemente,<b><b>\u00a0nos hemos separado y ya<\/b><\/b>. Todo lo que est\u00e1 saliendo no tiene nada que ver con nuestra relaci\u00f3n\u00bb.<\/p>\n<p class=\"c-paragraph\">\u00ab<b><b>No le he sido infiel ni he estado con otra persona<\/b><\/b>\u00ab, zanjaba el jugador, sobre los comentarios rumores que dicen que\u00a0<a href=\"https:\/\/www.20minutos.es\/gente\/lamine-yamal-nicki-nicole-podrian-haber-roto-por-una-infidelidad-jugador-con-anna-gegnoso-insolita-version-futbolista_6663602_0.html\" rel=\"nofollow noopener\" target=\"_blank\">habr\u00eda pasado una noche en Mil\u00e1n con la modelo italiana\u00a0Anna Gegnoso<\/a>.<\/p>\n<p class=\"c-paragraph\">Por su parte, la artista argentina tambi\u00e9n ha confirmado la ruptura a Jordi Mart\u00edn. \u00abNo soy de hacer estas cosas, pero te quer\u00eda aclarar que con Lamine\u00a0<b><b>no estamos juntos desde hace unos d\u00edas<\/b><\/b>, despu\u00e9s de que me fui de Barcelona\u00bb, aclara la artista.<\/p>\n<p class=\"c-paragraph\">Solo unas horas despu\u00e9s de hacerse p\u00fablica la ruptura, <b>Nicole se subi\u00f3 al escenario en el concierto de Tini en Buenos Aires<\/b> para interpretar el tema Blackout, que tienen junto a a Emilia Mernes.<\/p>\n<p class=\"c-paragraph\">Precisamente junto a Emilia se la vio tambi\u00e9n despu\u00e9s, disfrazada. Lo hizo en una <b>salida de fiesta por su cumplea\u00f1os<\/b>. Antes, la artista se hab\u00eda grabado <b>un v\u00eddeo en el que se mostraba muy sensual enfundada en un disfraz de Spiderman negro bailando al ritmo de Puter\u00eda<\/b>, de Doble P y Peipper. \u00abUstedes saben que amo Halloween, \u00bfno?\u00bb, aseguraba ante sus fans. Sin duda, planes ideales para olvidar el mal de amores tras su ruptura con el jugador del Bar\u00e7a.<\/p>\n","protected":false},"excerpt":{"rendered":"Despu\u00e9s de d\u00edas de rumores, este s\u00e1bado Lamine Yamal y Nicki Nicole anunciaban, no de forma conjunta, su&hellip;\n","protected":false},"author":2,"featured_media":214885,"comment_status":"","ping_status":"","sticky":false,"template":"","format":"standard","meta":{"footnotes":""},"categories":[5],"tags":[17,18,25,24,13,14,2328,11,19,20,9,14781,14782,193,10,15,16,23,12,575,21,22],"class_list":{"0":"post-214884","1":"post","2":"type-post","3":"status-publish","4":"format-standard","5":"has-post-thumbnail","7":"category-titulares","8":"tag-breaking-news","9":"tag-breakingnews","10":"tag-es","11":"tag-espana","12":"tag-featured-news","13":"tag-featurednews","14":"tag-fiesta","15":"tag-headlines","16":"tag-latest-news","17":"tag-latestnews","18":"tag-news","19":"tag-nicki","20":"tag-nicole","21":"tag-noche","22":"tag-noticias","23":"tag-noticias-destacadas","24":"tag-noticiasdestacadas","25":"tag-spain","26":"tag-titulares","27":"tag-tras","28":"tag-ultimas-noticias","29":"tag-ultimasnoticias"},"share_on_mastodon":{"url":"https:\/\/pubeurope.com\/@es\/115481641153548641","error":""},"_links":{"self":[{"href":"https:\/\/www.europesays.com\/es\/wp-json\/wp\/v2\/posts\/214884","targetHints":{"allow":["GET"]}}],"collection":[{"href":"https:\/\/www.europesays.com\/es\/wp-json\/wp\/v2\/posts"}],"about":[{"href":"https:\/\/www.europesays.com\/es\/wp-json\/wp\/v2\/types\/post"}],"author":[{"embeddable":true,"href":"https:\/\/www.europesays.com\/es\/wp-json\/wp\/v2\/users\/2"}],"replies":[{"embeddable":true,"href":"https:\/\/www.europesays.com\/es\/wp-json\/wp\/v2\/comments?post=214884"}],"version-history":[{"count":0,"href":"https:\/\/www.europesays.com\/es\/wp-json\/wp\/v2\/posts\/214884\/revisions"}],"wp:featuredmedia":[{"embeddable":true,"href":"https:\/\/www.europesays.com\/es\/wp-json\/wp\/v2\/media\/214885"}],"wp:attachment":[{"href":"https:\/\/www.europesays.com\/es\/wp-json\/wp\/v2\/media?parent=214884"}],"wp:term":[{"taxonomy":"category","embeddable":true,"href":"https:\/\/www.europesays.com\/es\/wp-json\/wp\/v2\/categories?post=214884"},{"taxonomy":"post_tag","embeddable":true,"href":"https:\/\/www.europesays.com\/es\/wp-json\/wp\/v2\/tags?post=214884"}],"curies":[{"name":"wp","href":"https:\/\/api.w.org\/{rel}","templated":true}]}}