{"id":214888,"date":"2025-11-02T19:04:12","date_gmt":"2025-11-02T19:04:12","guid":{"rendered":"https:\/\/www.europesays.com\/es\/214888\/"},"modified":"2025-11-02T19:04:12","modified_gmt":"2025-11-02T19:04:12","slug":"milan-con-el-maillot-verde-se-lleva-el-criterium-de-singapur","status":"publish","type":"post","link":"https:\/\/www.europesays.com\/es\/214888\/","title":{"rendered":"Milan, con el maillot verde, se lleva el Crit\u00e9rium de Singapur"},"content":{"rendered":"<p class=\"\"><b>Jonathan Milan,<\/b> ciclista italiano del Lidl-Trek, <a href=\"https:\/\/as.com\/ciclismo\/tour_francia\/israel-suena-con-el-tour-de-francia-f202510-n\/\" target=\"_self\" rel=\"nofollow noopener\" title=\"https:\/\/as.com\/ciclismo\/tour_francia\/israel-suena-con-el-tour-de-francia-f202510-n\/\"><b>venci\u00f3 en el Crit\u00e9rium de Singapur 2025<\/b><\/a> este domingo, marcado por la lluvia, ataviado con el maillot verde del pasado Tour de Francia. El corredor transalpino volvi\u00f3 a demostrar sus excelentes cualidades al esprint y termin\u00f3 por delante en el podio de otros dos especialistas como <b>Biniam Girmay, <\/b>del Intermarch\u00e9-Wanty, y <b>Jasper Philipsen<\/b>, del Alpecin-Deceuninck, segundo y tercero respectivamente.<\/p>\n<p class=\"\">Milan registr\u00f3 un tiempo de 1:23:13 y fue el m\u00e1s r\u00e1pido de la jornada, marcada nuevamente por las condiciones meteorol\u00f3gicas adversas en el pa\u00eds asi\u00e1tico durante todo el fin de semana, que <b>obligaron a suspender la prueba de contrarreloj. <\/b>Sobre ello, habl\u00f3 el italiano a la organizaci\u00f3n tras finalizar la carrera: \u201cTengo sentimientos encontrados. A veces me siento seguro bajo la lluvia, otras veces no tanto. Pero hoy la carretera estaba limpia y en muy buenas condiciones, as\u00ed que, <b>aunque estaba mojada, me sent\u00ed bien sobre la bicicleta\u201d.<\/b><\/p>\n<p>Noticias relacionadas<\/p>\n<p class=\"\">Con este t\u00edtulo, <b>Milan une su nombre al de corredores como Jonas Vingegaard, Jasper Philipsen y Mark Cavendish,<\/b> que tambi\u00e9n consiguieron hacerse con el Crit\u00e9rium de Singapur, una de las \u00faltimas pruebas de la temporada. \u201cEra mi pen\u00faltima carrera de la temporada y estoy contento de haber conseguido un buen resultado aqu\u00ed, gracias a mis compa\u00f1eros de equipo. Estoy contento con c\u00f3mo ha terminado nuestra temporada\u201d, finaliz\u00f3.<\/p>\n<p class=\"\"><b>\u00a1Tus opiniones importan!<\/b> Comenta en los art\u00edculos y suscr\u00edbete gratis a nuestra <a href=\"https:\/\/asfan.as.com\/newsletters\/\" target=\"_blank\" rel=\"nofollow noopener\" title=\"https:\/\/asfan.as.com\/newsletters\/\">newsletter<\/a> y a las alertas informativas en la <a href=\"https:\/\/as.com\/aplicacion-de-as-n\/\" target=\"_blank\" rel=\"nofollow noopener\" title=\"https:\/\/as.com\/aplicacion-de-as-n\/\">App<\/a> o el canal de <a href=\"https:\/\/www.whatsapp.com\/channel\/0029VaAasdA7j6g745nz9M10\" target=\"_blank\" rel=\"nofollow noopener\" title=\"https:\/\/www.whatsapp.com\/channel\/0029VaAasdA7j6g745nz9M10\">WhatsApp<\/a>. \u00bfBuscas licenciar contenido? Haz clic <a href=\"https:\/\/profesional.elpais.com\/soluciones-sindicacion?utm_medium=interno&amp;utm_source=crosslinking&amp;utm_campaign=sindicacion_as_pie_articulos\" target=\"_blank\" rel=\"nofollow noopener\" title=\"https:\/\/profesional.elpais.com\/soluciones-sindicacion?utm_medium=interno&amp;utm_source=crosslinking&amp;utm_campaign=sindicacion_as_pie_articulos\">aqu\u00ed<\/a><\/p>\n","protected":false},"excerpt":{"rendered":"Jonathan Milan, ciclista italiano del Lidl-Trek, venci\u00f3 en el Crit\u00e9rium de Singapur 2025 este domingo, marcado por la&hellip;\n","protected":false},"author":2,"featured_media":214889,"comment_status":"","ping_status":"","sticky":false,"template":"","format":"standard","meta":{"footnotes":""},"categories":[273],"tags":[313,312,168,25,24,23,167],"class_list":{"0":"post-214888","1":"post","2":"type-post","3":"status-publish","4":"format-standard","5":"has-post-thumbnail","7":"category-ciclismo","8":"tag-ciclismo","9":"tag-cycling","10":"tag-deportes","11":"tag-es","12":"tag-espana","13":"tag-spain","14":"tag-sports"},"share_on_mastodon":{"url":"https:\/\/pubeurope.com\/@es\/115481664760633294","error":""},"_links":{"self":[{"href":"https:\/\/www.europesays.com\/es\/wp-json\/wp\/v2\/posts\/214888","targetHints":{"allow":["GET"]}}],"collection":[{"href":"https:\/\/www.europesays.com\/es\/wp-json\/wp\/v2\/posts"}],"about":[{"href":"https:\/\/www.europesays.com\/es\/wp-json\/wp\/v2\/types\/post"}],"author":[{"embeddable":true,"href":"https:\/\/www.europesays.com\/es\/wp-json\/wp\/v2\/users\/2"}],"replies":[{"embeddable":true,"href":"https:\/\/www.europesays.com\/es\/wp-json\/wp\/v2\/comments?post=214888"}],"version-history":[{"count":0,"href":"https:\/\/www.europesays.com\/es\/wp-json\/wp\/v2\/posts\/214888\/revisions"}],"wp:featuredmedia":[{"embeddable":true,"href":"https:\/\/www.europesays.com\/es\/wp-json\/wp\/v2\/media\/214889"}],"wp:attachment":[{"href":"https:\/\/www.europesays.com\/es\/wp-json\/wp\/v2\/media?parent=214888"}],"wp:term":[{"taxonomy":"category","embeddable":true,"href":"https:\/\/www.europesays.com\/es\/wp-json\/wp\/v2\/categories?post=214888"},{"taxonomy":"post_tag","embeddable":true,"href":"https:\/\/www.europesays.com\/es\/wp-json\/wp\/v2\/tags?post=214888"}],"curies":[{"name":"wp","href":"https:\/\/api.w.org\/{rel}","templated":true}]}}