{"id":214900,"date":"2025-11-02T19:12:13","date_gmt":"2025-11-02T19:12:13","guid":{"rendered":"https:\/\/www.europesays.com\/es\/214900\/"},"modified":"2025-11-02T19:12:13","modified_gmt":"2025-11-02T19:12:13","slug":"soy-un-pendulo-emocional-sin-duda-jenesaispop-com","status":"publish","type":"post","link":"https:\/\/www.europesays.com\/es\/214900\/","title":{"rendered":"\u00ab\u00a1Soy un p\u00e9ndulo emocional, sin duda!\u00bb \u2013 jenesaispop.com"},"content":{"rendered":"<p>Una d\u00e9cada despu\u00e9s de \u2018<a href=\"https:\/\/jenesaispop.com\/2015\/11\/12\/243077\/lean-on-de-major-lazer-con-dj-snake-y-mo-la-cancion-mas-reproducida-de-la-historia-en-spotify\/\" rel=\"nofollow noopener\" target=\"_blank\">Lean On<\/a>\u2018, el mastod\u00f3ntico \u00e9xito global de Major Lazer en el que M\u00d8 pon\u00eda la voz principal, y que en alg\u00fan momento fue la canci\u00f3n m\u00e1s reproducida de la historia de Spotify, la cantante danesa ha publicado su cuarto disco. \u2018<a href=\"https:\/\/jenesaispop.com\/2025\/05\/23\/499622\/mo-plaeygirl\/\" rel=\"nofollow noopener\" target=\"_blank\">Pl\u00e6girl<\/a>\u2018 es su pretendido regreso a los or\u00edgenes, dentro de una carrera que nunca ha dejado de ofrecer pop electr\u00f3nico de calidad, explorando diferentes niveles de \u00e9xito comercial. Esta vez, la paleta es m\u00e1s oscura, y singles como \u2018<a href=\"https:\/\/jenesaispop.com\/2025\/03\/27\/495511\/mo-pota-keep-moving\/\" rel=\"nofollow noopener\" target=\"_blank\">Keep Moving<\/a>\u2018 deben ser contados ya entre los mejores de su cat\u00e1logo. <\/p>\n<p>M\u00d8 presentar\u00e1 \u2018Pl\u00e6girl\u2019 en Espa\u00f1a, el d\u00eda 18 de noviembre en La 2 de Apolo de Barcelona, y el 19 de noviembre en la Sala Copernico de Madrid. Entradas, en <a href=\"https:\/\/www.primaverasound.com\/es\/tours\/mo-barcelona-la-2-de-apolo-madrid-sala-copernico-lisbon-lav2-noviembre-2025\" rel=\"nofollow noopener\" target=\"_blank\">Primavera Tours<\/a>. Antes de que lleguen estas fechas, Karen Marie \u00d8rsted Andersen contesta un breve cuestionario a JENESAISPOP.<\/p>\n<p><strong>\u00bfQu\u00e9 significa para ti la palabra \u201cPl\u00e6ygirl\u201d en el contexto del \u00e1lbum?<\/strong><br \/>Significa dejarte ser libre, divertirte y ser t\u00fa misma sin importar lo que los dem\u00e1s piensen.<\/p>\n<p><strong>Cu\u00e9ntame sobre el proceso de creaci\u00f3n de este \u00e1lbum, \u00bfpart\u00edas de un concepto que ya ten\u00edas en mente, o el proceso fue m\u00e1s intuitivo?<\/strong><br \/>Desde el principio del proceso de creaci\u00f3n de este \u00e1lbum, me promet\u00ed a m\u00ed misma que quer\u00eda seguir mi intuici\u00f3n y divertirme. Y <a href=\"https:\/\/jenesaispop.com\/2017\/01\/17\/286429\/la-interesante-evolucion-hacia-la-electronica-mai-lan\/\" rel=\"nofollow noopener\" target=\"_blank\">Nick Sylvester<\/a>, el productor ejecutivo del \u00e1lbum, fue el colaborador perfecto para lograrlo. Quer\u00eda que la m\u00fasica y las canciones se sintieran libres, que mostraran vulnerabilidad y fuerza al mismo tiempo, y que las producciones fueran electr\u00f3nicas con un toque punk rock.<\/p>\n<p><strong>Has querido hacer m\u00fasica que se sintiera \u201clibre\u201d y m\u00e1s \u201ct\u00fa\u201d. \u00bfTus \u00e1lbumes anteriores no te parec\u00edan tan libres o aut\u00e9nticos?  <\/strong><br \/>No es que mis discos anteriores sean menos \u00abyo\u00bb. Pero con este \u00e1lbum ten\u00eda la necesidad de profundizar realmente en la esencia de qui\u00e9n soy, de d\u00f3nde vengo y qu\u00e9 me gusta. En lugar de explorar qui\u00e9n \u201cpodr\u00eda ser\u201d, quer\u00eda explorar exactamente qui\u00e9n soy ahora, en este momento y \u00e9poca. Puede sonar abstracto, pero creo que durante a\u00f1os estuve explorando el espectro de qui\u00e9n era y qui\u00e9n pod\u00eda ser como artista, pero en este \u00e1lbum quer\u00eda que todo se sintiera muy cercano al origen.<\/p>\n<p><strong>\u00bfCu\u00e1l es tu canci\u00f3n favorita del \u00e1lbum y por qu\u00e9?<\/strong><br \/>Amo a todos mis \u201cbeb\u00e9s\u201d, pero destaco \u2018Keep M\u00f8ving\u2019, porque fue muy divertida de hacer y me encanta tocarla en vivo. Y tambi\u00e9n \u2018Who Said\u2019, porque el estribillo lo escrib\u00ed hace 10 a\u00f1os, siempre me encant\u00f3, y creo que la producci\u00f3n que Nick hizo para ella es espectacular.<\/p>\n<p><strong>Estas nuevas canciones tienen una energ\u00eda muy de club, lo cual es interesante porque has mencionado que no eres muy de salir de fiesta. \u00bfQu\u00e9 te inspir\u00f3 a tomar esa direcci\u00f3n?<\/strong><br \/>Jaja, s\u00ed. Bueno, creo que la energ\u00eda discotequera viene definitivamente de Nick Sylvester. Dicho esto, siempre he visto mi m\u00fasica dentro del espacio electr\u00f3nico, y habiendo cantado en algunas grandes canciones de club a lo largo de los a\u00f1os, siento que mi voz encaja en un espacio cercano al club. Es como si yo fuera la hija punk rebelde de la m\u00fasica de club: no encajo del todo, pero de alguna manera encajo perfectamente al mismo tiempo.<\/p>\n<p><strong>El sonido es oscuro, pero las melod\u00edas son edificantes. \u00bfC\u00f3mo te sent\u00edas mientras escrib\u00edas este \u00e1lbum? \u00bfCu\u00e1les son las principales emociones que recorren las canciones?<\/strong><br \/>\u00a1Esa es mi combinaci\u00f3n favorita! \u00a1Sonido oscuro pero melod\u00edas grandes! Sent\u00eda todas las emociones posibles dentro del gran espectro de sentimientos. \u00a1Soy un p\u00e9ndulo emocional, sin duda! Pero creo que los sentimientos principales en ese momento -como refleja el t\u00edtulo del \u00e1lbum, junto con el arte de la portada fotografiado por <a href=\"https:\/\/www.instagram.com\/caspersejersenstudio\/\" rel=\"nofollow noopener\" target=\"_blank\">Casper Sejersen<\/a>\u2013 eran una mezcla entre sentirme libre y en aceptaci\u00f3n de m\u00ed misma, mientras lidiaba con una vida y un mundo que est\u00e1n en constante cambio, y no siempre para mejor.<\/p>\n<p><strong>\u00bfCu\u00e1l es la canci\u00f3n del \u00e1lbum que tom\u00f3 m\u00e1s tiempo en terminar?<\/strong><br \/>Creo que fue \u2018Heartbreak\u2019. Fue una de esas canciones en las que tuvimos varias versiones y direcciones diferentes, y fue muy dif\u00edcil decidir exactamente qu\u00e9 energ\u00eda era la correcta para ese tipo de tema.<\/p>\n<p><strong>Salieron hasta seis sencillos antes de que saliera el \u00e1lbum, es decir, la mitad del disco. \u00bfQu\u00e9 opinas de esta estrategia? Parece que ahora lanzar singles es la era, y  que el \u00e1lbum la completa. Por supuesto, la gira extiende la era una vez que el disco sale. \u00bfC\u00f3mo lo ves?<\/strong><br \/>Siento que vivimos en una \u00e9poca en la que puedes hacer lo que quieras. Ya no hay una f\u00f3rmula estricta, y eso me encanta. Pero creo que tienes raz\u00f3n: lo que se lleva ahora es lanzar varios sencillos y luego cerrar la era con el \u00e1lbum, y luego se extiende con la gira. S\u00ed, me gusta esta estrategia, pero de nuevo, creo que cada quien puede hacerlo como quiera, siempre que lo haga bien.<\/p>\n<p><strong>\u00bfQu\u00e9 te motiv\u00f3 a versionar \u2018Wake Me Up\u2019 y hacer una interpretaci\u00f3n tan distinta de la original?<\/strong><br \/>Tengo un tema con Avicii, \u2018Dear Boy\u2019, incluido en su \u00e1lbum \u2018<a href=\"https:\/\/jenesaispop.com\/2013\/09\/24\/156975\/avicii-true\/\" rel=\"nofollow noopener\" target=\"_blank\">True<\/a>\u2018, el que contiene \u2018Wake Me Up\u2019. Recuerdo escuchar esa canci\u00f3n una y otra vez en la radio durante mi primera gira por Estados Unidos en 2014. Y como este \u00e1lbum, \u2018Pl\u00e6ygirl\u2019, trata sobre reencontrarte contigo misma y volver al origen y la alegr\u00eda de las cosas, pens\u00e9 que ten\u00eda sentido versionarla. Adem\u00e1s, aunque la canci\u00f3n original es muy animada, creo que la melod\u00eda principal tiene mucha melancol\u00eda, y por eso quise hacer una versi\u00f3n m\u00e1s suave y mel\u00f3dica.<\/p>\n<p><strong>\u00bfC\u00f3mo te sientes respecto al \u00e9xito de \u2018Lean On\u2019, 10 a\u00f1os despu\u00e9s?<\/strong><br \/>\u00a1Me siento genial! \u00a1Fue una maldita locura!<\/p>\n<p><strong>Vas a tocar en Espa\u00f1a en noviembre. \u00bfQu\u00e9 quieres que tus fans sepan antes de ir?<\/strong><br \/>\u00a1Que los he echado much\u00edsimo de menos y que estoy muy emocionada de volver por fin! La \u00faltima vez que hice mi \u00faltima gira propia en Espa\u00f1a, creo que fue en 2015 o algo as\u00ed.<\/p>\n<p><script async src=\"\/\/www.instagram.com\/embed.js\"><\/script><\/p>\n","protected":false},"excerpt":{"rendered":"Una d\u00e9cada despu\u00e9s de \u2018Lean On\u2018, el mastod\u00f3ntico \u00e9xito global de Major Lazer en el que M\u00d8 pon\u00eda&hellip;\n","protected":false},"author":2,"featured_media":214901,"comment_status":"","ping_status":"","sticky":false,"template":"","format":"standard","meta":{"footnotes":""},"categories":[170],"tags":[146,147,25,24,57793,184,185,23],"class_list":{"0":"post-214900","1":"post","2":"type-post","3":"status-publish","4":"format-standard","5":"has-post-thumbnail","7":"category-musica","8":"tag-entertainment","9":"tag-entretenimiento","10":"tag-es","11":"tag-espana","12":"tag-mo","13":"tag-music","14":"tag-musica","15":"tag-spain"},"share_on_mastodon":{"url":"https:\/\/pubeurope.com\/@es\/115481697288488086","error":""},"_links":{"self":[{"href":"https:\/\/www.europesays.com\/es\/wp-json\/wp\/v2\/posts\/214900","targetHints":{"allow":["GET"]}}],"collection":[{"href":"https:\/\/www.europesays.com\/es\/wp-json\/wp\/v2\/posts"}],"about":[{"href":"https:\/\/www.europesays.com\/es\/wp-json\/wp\/v2\/types\/post"}],"author":[{"embeddable":true,"href":"https:\/\/www.europesays.com\/es\/wp-json\/wp\/v2\/users\/2"}],"replies":[{"embeddable":true,"href":"https:\/\/www.europesays.com\/es\/wp-json\/wp\/v2\/comments?post=214900"}],"version-history":[{"count":0,"href":"https:\/\/www.europesays.com\/es\/wp-json\/wp\/v2\/posts\/214900\/revisions"}],"wp:featuredmedia":[{"embeddable":true,"href":"https:\/\/www.europesays.com\/es\/wp-json\/wp\/v2\/media\/214901"}],"wp:attachment":[{"href":"https:\/\/www.europesays.com\/es\/wp-json\/wp\/v2\/media?parent=214900"}],"wp:term":[{"taxonomy":"category","embeddable":true,"href":"https:\/\/www.europesays.com\/es\/wp-json\/wp\/v2\/categories?post=214900"},{"taxonomy":"post_tag","embeddable":true,"href":"https:\/\/www.europesays.com\/es\/wp-json\/wp\/v2\/tags?post=214900"}],"curies":[{"name":"wp","href":"https:\/\/api.w.org\/{rel}","templated":true}]}}