{"id":214921,"date":"2025-11-02T19:27:13","date_gmt":"2025-11-02T19:27:13","guid":{"rendered":"https:\/\/www.europesays.com\/es\/214921\/"},"modified":"2025-11-02T19:27:13","modified_gmt":"2025-11-02T19:27:13","slug":"lars-van-der-haar-anuncia-su-retirada-del-ciclocross-tras-casi-25-anos-de-carrera","status":"publish","type":"post","link":"https:\/\/www.europesays.com\/es\/214921\/","title":{"rendered":"Lars van der Haar anuncia su retirada del ciclocross tras casi 25 a\u00f1os de carrera"},"content":{"rendered":"<p>Lars van der Haar, una de las figuras m\u00e1s constantes del ciclocross internacional en la \u00faltima d\u00e9cada, ha anunciado que la temporada 2025-2026 ser\u00e1 la \u00faltima de su carrera profesional. El ciclista neerland\u00e9s, de 34 a\u00f1os, comunic\u00f3 su decisi\u00f3n a trav\u00e9s de sus redes sociales, poniendo fecha al final de una trayectoria que abarca casi un cuarto de siglo sobre la bicicleta.<\/p>\n<p><img decoding=\"async\" loading=\"lazy\" width=\"1200\" height=\"1200\" style=\"aspect-ratio: 1200\/1200;\" alt=\"Lars van der Haar. Imagen: Instagram\" src=\"https:\/\/www.europesays.com\/es\/wp-content\/uploads\/2025\/11\/lars-van-der-haar-retirada-profesional.jpg\"\/>Lars van der Haar. Imagen: InstagramEl veterano neerland\u00e9s disputar\u00e1 su \u00faltima temporada profesional durante el curso 2025-2026<\/p>\n<p>En su mensaje, Van der Haar explic\u00f3 que la decisi\u00f3n no ha sido f\u00e1cil. Tras un periodo de reflexi\u00f3n, en el que reconoci\u00f3 haber perdido parte de la motivaci\u00f3n para entrenar con la misma intensidad de a\u00f1os anteriores, opt\u00f3 por disputar una \u00faltima campa\u00f1a antes de iniciar una nueva etapa personal y profesional. Despu\u00e9s de un a\u00f1o complicado, lleno de dudas y pensamientos encontrados, he decidido darlo todo una temporada m\u00e1s y cerrar este cap\u00edtulo de mi vida, expres\u00f3.<\/p>\n<p>El corredor, integrante del equipo Baloise Trek Lions, ha sido uno de los referentes del ciclocross neerland\u00e9s, destacando por su t\u00e9cnica, constancia y combatividad en los circuitos m\u00e1s exigentes del calendario internacional. A lo largo de su carrera, Van der Haar ha acumulado t\u00edtulos nacionales, victorias en la Copa del Mundo y podios en campeonatos europeos y mundiales, consolid\u00e1ndose como uno de los especialistas m\u00e1s respetados de su generaci\u00f3n.<\/p>\n<p>Adem\u00e1s de sus logros deportivos, el neerland\u00e9s destac\u00f3 el papel que el ciclismo ha tenido en su vida personal. Record\u00f3 que gracias a este deporte encontr\u00f3 a su esposa, con quien forma una familia que est\u00e1 a punto de ampliarse. El ciclismo me lo ha dado todo: una carrera, amigos, familia y la oportunidad de compartirlo con las personas que quiero, se\u00f1al\u00f3.<\/p>\n<p>Van der Haar, conocido por su car\u00e1cter cercano y su conexi\u00f3n con los aficionados, quiso agradecer el apoyo recibido a lo largo de los a\u00f1os, desde su entorno m\u00e1s \u00edntimo hasta los seguidores que han llenado los circuitos europeos. Gracias a todos los que me hab\u00e9is acompa\u00f1ado durante este viaje. Hagamos que esta \u00faltima temporada sea especial, concluy\u00f3.<\/p>\n<p>Con su anuncio, el ciclocross se prepara para despedir a uno de sus grandes protagonistas. La pr\u00f3xima temporada servir\u00e1 como homenaje a un corredor que, m\u00e1s all\u00e1 de los resultados, ha dejado una huella profunda en el deporte por su profesionalidad y pasi\u00f3n.<\/p>\n","protected":false},"excerpt":{"rendered":"Lars van der Haar, una de las figuras m\u00e1s constantes del ciclocross internacional en la \u00faltima d\u00e9cada, ha&hellip;\n","protected":false},"author":2,"featured_media":214922,"comment_status":"","ping_status":"","sticky":false,"template":"","format":"standard","meta":{"footnotes":""},"categories":[273],"tags":[313,312,168,25,24,23,167],"class_list":{"0":"post-214921","1":"post","2":"type-post","3":"status-publish","4":"format-standard","5":"has-post-thumbnail","7":"category-ciclismo","8":"tag-ciclismo","9":"tag-cycling","10":"tag-deportes","11":"tag-es","12":"tag-espana","13":"tag-spain","14":"tag-sports"},"share_on_mastodon":{"url":"https:\/\/pubeurope.com\/@es\/115481755427896594","error":""},"_links":{"self":[{"href":"https:\/\/www.europesays.com\/es\/wp-json\/wp\/v2\/posts\/214921","targetHints":{"allow":["GET"]}}],"collection":[{"href":"https:\/\/www.europesays.com\/es\/wp-json\/wp\/v2\/posts"}],"about":[{"href":"https:\/\/www.europesays.com\/es\/wp-json\/wp\/v2\/types\/post"}],"author":[{"embeddable":true,"href":"https:\/\/www.europesays.com\/es\/wp-json\/wp\/v2\/users\/2"}],"replies":[{"embeddable":true,"href":"https:\/\/www.europesays.com\/es\/wp-json\/wp\/v2\/comments?post=214921"}],"version-history":[{"count":0,"href":"https:\/\/www.europesays.com\/es\/wp-json\/wp\/v2\/posts\/214921\/revisions"}],"wp:featuredmedia":[{"embeddable":true,"href":"https:\/\/www.europesays.com\/es\/wp-json\/wp\/v2\/media\/214922"}],"wp:attachment":[{"href":"https:\/\/www.europesays.com\/es\/wp-json\/wp\/v2\/media?parent=214921"}],"wp:term":[{"taxonomy":"category","embeddable":true,"href":"https:\/\/www.europesays.com\/es\/wp-json\/wp\/v2\/categories?post=214921"},{"taxonomy":"post_tag","embeddable":true,"href":"https:\/\/www.europesays.com\/es\/wp-json\/wp\/v2\/tags?post=214921"}],"curies":[{"name":"wp","href":"https:\/\/api.w.org\/{rel}","templated":true}]}}