{"id":21493,"date":"2025-08-02T22:14:07","date_gmt":"2025-08-02T22:14:07","guid":{"rendered":"https:\/\/www.europesays.com\/es\/21493\/"},"modified":"2025-08-02T22:14:07","modified_gmt":"2025-08-02T22:14:07","slug":"62-84-la-u18m-asegura-la-primera-medalla-del-verano-en-masculino","status":"publish","type":"post","link":"https:\/\/www.europesays.com\/es\/21493\/","title":{"rendered":"62-84 | La U18M asegura la primera medalla del verano en masculino"},"content":{"rendered":"<p>La Selecci\u00f3n consigue llegar a la final con una gran defensa y rozando de nuevo los tres d\u00edgitos en el marcador. Los de Marco Justo ganaron\u00a0 a Italia para luchar por el Oro continental ante Francia (21:00 horas en el Youtube de FIBA).<\/p>\n<p>La U18 lo ha vuelto a hacer. Est\u00e1 en la final de Europeo de Belgrado tras ganar a Italia en un gran partido en el que demostraron que tambi\u00e9n saben ganar partidos remontando. El encuentro empez\u00f3 con una Italia muy s\u00f3lida en ataque que fue por delante hasta mitad del tercer cuarto. Fue ah\u00ed donde Espa\u00f1a consigui\u00f3 mostrar de nuevo su mejor versi\u00f3n, a la que nos ha tenido acostumbrados durante todo el campeonato. Una versi\u00f3n que sobresale desde la defensa para generar desde ah\u00ed en ataque.<\/p>\n<p>Raul Villar lideraba la remontada desde el ataque, con 20 puntos anotados y\u00a0Ian Platteeuw desde la defensa, convirti\u00e9ndose en el m\u00e1ximo reboteador de los espa\u00f1oles (10) en un encuentro en el que tambi\u00e9n fueron defisivos los puntos de Gildas Gim\u00e9ndez y Guillermo del Pino.<\/p>\n<p>Los de Marco Justo llegan a la final invictos y ah\u00ed se enfrentar\u00e1n con una Francia que gan\u00f3 de manera contundente en semifinales a Letonia. Ma\u00f1ana jugar\u00e1n a las 21 horas en el Youtube oficial de FIBA.\u00a0<\/p>\n<p>Un pase a la final que supone que la U18 se colgar\u00e1 la primera medalla de las Selecciones masculinas de este verano.<\/p>\n","protected":false},"excerpt":{"rendered":"La Selecci\u00f3n consigue llegar a la final con una gran defensa y rozando de nuevo los tres d\u00edgitos&hellip;\n","protected":false},"author":2,"featured_media":21494,"comment_status":"","ping_status":"","sticky":false,"template":"","format":"standard","meta":{"footnotes":""},"categories":[93],"tags":[4605,299,1918,4597,4613,4616,4609,4608,4610,168,4603,4606,25,24,4120,4598,4614,2713,4601,830,4599,4600,4602,4615,4617,4607,4604,23,167,4611,4612],"class_list":{"0":"post-21493","1":"post","2":"type-post","3":"status-publish","4":"format-standard","5":"has-post-thumbnail","7":"category-deportes","8":"tag-arbitros-baloncesto","9":"tag-baloncesto","10":"tag-basket","11":"tag-basquet","12":"tag-canalfeb","13":"tag-clasificacion","14":"tag-copa-princesa","15":"tag-copa-principe","16":"tag-copa-reina","17":"tag-deportes","18":"tag-eba","19":"tag-entrenadores-baloncesto","20":"tag-es","21":"tag-espana","22":"tag-estadisticas","23":"tag-federacion-baloncesto","24":"tag-jornada-virtual","25":"tag-jugadores","26":"tag-laeb-plata","27":"tag-leb-oro","28":"tag-liga-espana","29":"tag-liga-espanola-baloncesto","30":"tag-liga-femenina","31":"tag-marcadores-baloncesto","32":"tag-rankings","33":"tag-reglas-baloncesto","34":"tag-seleccion-baloncesto","35":"tag-spain","36":"tag-sports","37":"tag-supercopa","38":"tag-television-baloncesto"},"share_on_mastodon":{"url":"","error":""},"_links":{"self":[{"href":"https:\/\/www.europesays.com\/es\/wp-json\/wp\/v2\/posts\/21493","targetHints":{"allow":["GET"]}}],"collection":[{"href":"https:\/\/www.europesays.com\/es\/wp-json\/wp\/v2\/posts"}],"about":[{"href":"https:\/\/www.europesays.com\/es\/wp-json\/wp\/v2\/types\/post"}],"author":[{"embeddable":true,"href":"https:\/\/www.europesays.com\/es\/wp-json\/wp\/v2\/users\/2"}],"replies":[{"embeddable":true,"href":"https:\/\/www.europesays.com\/es\/wp-json\/wp\/v2\/comments?post=21493"}],"version-history":[{"count":0,"href":"https:\/\/www.europesays.com\/es\/wp-json\/wp\/v2\/posts\/21493\/revisions"}],"wp:featuredmedia":[{"embeddable":true,"href":"https:\/\/www.europesays.com\/es\/wp-json\/wp\/v2\/media\/21494"}],"wp:attachment":[{"href":"https:\/\/www.europesays.com\/es\/wp-json\/wp\/v2\/media?parent=21493"}],"wp:term":[{"taxonomy":"category","embeddable":true,"href":"https:\/\/www.europesays.com\/es\/wp-json\/wp\/v2\/categories?post=21493"},{"taxonomy":"post_tag","embeddable":true,"href":"https:\/\/www.europesays.com\/es\/wp-json\/wp\/v2\/tags?post=21493"}],"curies":[{"name":"wp","href":"https:\/\/api.w.org\/{rel}","templated":true}]}}