{"id":214953,"date":"2025-11-02T19:50:08","date_gmt":"2025-11-02T19:50:08","guid":{"rendered":"https:\/\/www.europesays.com\/es\/214953\/"},"modified":"2025-11-02T19:50:08","modified_gmt":"2025-11-02T19:50:08","slug":"ni-la-lluvia-freno-al-peloton-en-una-jornada-de-bici-y-convivencia-la-voz-de-galicia","status":"publish","type":"post","link":"https:\/\/www.europesays.com\/es\/214953\/","title":{"rendered":"Ni la lluvia fren\u00f3 al pelot\u00f3n en una jornada de bici y convivencia &#8211; La Voz de Galicia"},"content":{"rendered":"<ol>\n<li><a href=\"https:\/\/news.google.com\/rss\/articles\/CBMizAFBVV95cUxQSXRhcTZZQTBpMVp3VjlfXzcxRUlTc3o5ZGxtc05wY3lnYUREY1JpMExfYm1GWkxnaHhHLU1qNkRHb3ZUU2lhaTdpd0poT1ZCTFg5UVYyQTkwb2NRSHQtYXVKVUJSclNSOElOblRLaWJUZkhmOXhZSC1EM2FHMHRHQVZiT29WRGNGc19YU3NZelg5THAwU25qemNjZkxJS1F2dk50ZnYtOGFER0wxY1VpdGs4RENmdWt4TG85amJybGNjcnNTYWwxeWRzWGo?oc=5\" target=\"_blank\" rel=\"nofollow noopener\">Ni la lluvia fren\u00f3 al pelot\u00f3n en una jornada de bici y convivencia<\/a>&nbsp;&nbsp;La Voz de Galicia<\/li>\n<li><a href=\"https:\/\/news.google.com\/rss\/articles\/CBMi9AFBVV95cUxPbE91ZUNXMzY1Q1hSeFJNanhWdVozS1VNX0NnUUhKdUdzdEdQWUdPckZpZXFBeW5zOWw2cmxVOUZxX3VfRVRFckU4QUJtSWJCcHNGTm80SXdxUzZ6S2lWdzdDTlo3c1JhQmFEN0dRdlpfX1JjYjVHM0hVSXVHVEdJbVhOR1h6c0tveXltZG83TUhucWJxdDM4OV9nZHNKNjNhdVVvRFRPdFZlT2stUjZLZ1Rjek16dWtLejZibkRzVUZNV2dNcWZPcHRORFBwdl9SbVJpa0Z6MFV0UGJFRXRoVzVWUGlhaDhsWkV5NXp0M2NTRFRO?oc=5\" target=\"_blank\" rel=\"nofollow noopener\">Cerca de medio millar de personas formar\u00e1n el pelot\u00f3n que tomar\u00e1 la salida en el D\u00eda da Bicicleta<\/a>&nbsp;&nbsp;La Voz de Galicia<\/li>\n<li><a href=\"https:\/\/news.google.com\/rss\/articles\/CBMi5wFBVV95cUxNWl9FU0IwajFicmFTdW5Gd19ENzVfR3pScXhSdnlGcnlRSGJIMXpDTE4zX25PLWxhdWdXWW9MWnQ4d2UtZ0tlaVhXWmpSYTl0RU5jeGRxbXBwUzd6YUJkTXlMeGZQR2o3amt3c1k1bTBkcTdqRHZVM0FDMWZnSFpfSFl3THhCOEs4RjB3QW9FYmd2ZmdEc1VubndFUmZneEdVS2dIQ0hUYUl1dGo5aWl4UXJETXMtbXdFWGlPNy0zOUhMVHRWbUhaTnN5Um5ETVA5T01QWGFzRmprMmNDdjFCdWRKTUNGblHSAYMCQVVfeXFMUE9LRTFfOE02VTB1S2ZzMDFhYjRGTUFuTU5Idk9ZRTFkRXRudFEwMWM3TXM1WlM4Sk5UcGZFUnFjR1RrTUZCalZHenZVQUNjRlRESC0wNDM0UWVKd3p0QVBMN3Y2SURoR1hKcHVVb2ZJX3FRSVFDNGs5R2FHYXBSNXNGWVVNeTEtcVppN3l2dndnWDFZTnU5dWVaQUVaV29QV20tUXRsVmxpeU82aVdBV3NCZlBYU2kwUU5zTDlncndqTzNEVW5jR1l4TzBIZW0tQ19Da3FUOFJMQ3k4dTRKVlRfS1ltbTE2SHhscHladE1QdlBDQUtrNDR1T01rUlVVVTZ1WQ?oc=5\" target=\"_blank\" rel=\"nofollow noopener\">Fuerzas de seguridad y decenas de voluntarios velar\u00e1n por el pelot\u00f3n del D\u00eda da Bicicleta<\/a>&nbsp;&nbsp;La Voz de Galicia<\/li>\n<li><a href=\"https:\/\/news.google.com\/rss\/articles\/CBMi1AFBVV95cUxQUVRvbjgtam9fYjZmNUlXcDVRY3BUZjJnd1dZNnVuQ3V5ZnV5VTllWDRFdTN5b09RRnFVNUk1TkZzb1JET0FDYnVmNFlnbVVEYWtPTUZndXJrV2x6WGYtYnlULU9PbF9iNnV2bGo5TVNvWDdyLUk4V1Y1b0RBMEtFYVdMQ1J3cjI1QXlGSUdqQ292NXhfbGE3QUlCOW9lNGdTaWZkQ21abmRlRk1DcnZXTEI3MVlXaWRacTA1ZzJrUjZOVHdaQVA2ZGdicHdOS2dfdWVZZtIB8AFBVV95cUxQR3FhaURkNDRET1loSUNtWk5ObU1ERklvaFJTVENRODd5MldYMjY2bHZOLVFFd3NDSWRjSERadFVPNnFRd2Q5LUNTbm5HekcyQi0wSFVwV3dVVVVkWExkTGpzdXo2UDIzYmxLZ1JCQWhwaGRyTkMzNFdrUUowd1dRVEtkWEk1b2RiY0I1SS1melZUa2I0X2R5VldKRy12Nk9vbUZvOXFJLXFIdXBLVWEzTlJuaUtsUUF4cVowRnRrdzhMNmtNXy1vTE1XelljbloxOHNxTW9OTURVekthcGE1ZkZVa213QVZmbk0zSGtSUVM?oc=5\" target=\"_blank\" rel=\"nofollow noopener\">El D\u00eda da Bicicleta, m\u00e1s de una d\u00e9cada promoviendo el ciclismo en Boiro<\/a>&nbsp;&nbsp;La Voz de Galicia<\/li>\n<li><a href=\"https:\/\/news.google.com\/rss\/articles\/CBMiywFBVV95cUxOQlRHZkFOUFZwN3lZbTdrdWdJMDRxSlJOV1YwNFZYOUdjNU1KRlk1MjlfV3U1SEpwR2s2T2hVVndSX0ItUURibTBrenA2SUFjWFMxNHRIOHlVdE1QTUFEc3dlc0VDTmFjMWlVYTcxMTJWZVBZVXBzU2pZX3MtS0U3VmVIdDQwdHM0UVpmWUQ0UTZXZklfSkszai1NX0lKWVo0SXlyRGxrUzI1NGIwX2hVSW1xMjRjczc2cnNCRldUcGxVSGNXX2d0NVpvc9IB5wFBVV95cUxPOElEckpGSWR5ODVoX0ViTnpxZUh1LVFuXzd0T3I0UGprVUE4MXI5LU5Ca1gzQVlnWC1Qc29vbUY2RDRxeTlaWEp0R0NiZ3RSNnFWTHpvd01JNXo0MXBrZVVTSUtiMjJ1b2RIUGRzb25OVExMbk1iX0Q0RFdKQ2h4M2lSMUFsNUtjamhfQzBidTRlM2pYWFl3ckhnemduV2h4N2NSSGFIb0g5Qkotd0pMOUVibXNvQU0tWDhDLVlnWWxOYUFGbVFaSHdJanppY1BjSHlCQ0RjVnJqMElnenc0dFJESndwWnM?oc=5\" target=\"_blank\" rel=\"nofollow noopener\">El D\u00eda da Bicicleta plantea un recorrido para todos los p\u00fablicos<\/a>&nbsp;&nbsp;La Voz de Galicia<\/li>\n<\/ol>\n","protected":false},"excerpt":{"rendered":"Ni la lluvia fren\u00f3 al pelot\u00f3n en una jornada de bici y convivencia&nbsp;&nbsp;La Voz de Galicia Cerca de&hellip;\n","protected":false},"author":2,"featured_media":214954,"comment_status":"","ping_status":"","sticky":false,"template":"","format":"standard","meta":{"footnotes":""},"categories":[273],"tags":[21390,313,21386,312,168,25,24,57796,31816,23,167],"class_list":{"0":"post-214953","1":"post","2":"type-post","3":"status-publish","4":"format-standard","5":"has-post-thumbnail","7":"category-ciclismo","8":"tag-boiro","9":"tag-ciclismo","10":"tag-comarca-do-barbanza","11":"tag-cycling","12":"tag-deportes","13":"tag-es","14":"tag-espana","15":"tag-jealsa","16":"tag-la-voz-de-galicia","17":"tag-spain","18":"tag-sports"},"share_on_mastodon":{"url":"https:\/\/pubeurope.com\/@es\/115481845642349843","error":""},"_links":{"self":[{"href":"https:\/\/www.europesays.com\/es\/wp-json\/wp\/v2\/posts\/214953","targetHints":{"allow":["GET"]}}],"collection":[{"href":"https:\/\/www.europesays.com\/es\/wp-json\/wp\/v2\/posts"}],"about":[{"href":"https:\/\/www.europesays.com\/es\/wp-json\/wp\/v2\/types\/post"}],"author":[{"embeddable":true,"href":"https:\/\/www.europesays.com\/es\/wp-json\/wp\/v2\/users\/2"}],"replies":[{"embeddable":true,"href":"https:\/\/www.europesays.com\/es\/wp-json\/wp\/v2\/comments?post=214953"}],"version-history":[{"count":0,"href":"https:\/\/www.europesays.com\/es\/wp-json\/wp\/v2\/posts\/214953\/revisions"}],"wp:featuredmedia":[{"embeddable":true,"href":"https:\/\/www.europesays.com\/es\/wp-json\/wp\/v2\/media\/214954"}],"wp:attachment":[{"href":"https:\/\/www.europesays.com\/es\/wp-json\/wp\/v2\/media?parent=214953"}],"wp:term":[{"taxonomy":"category","embeddable":true,"href":"https:\/\/www.europesays.com\/es\/wp-json\/wp\/v2\/categories?post=214953"},{"taxonomy":"post_tag","embeddable":true,"href":"https:\/\/www.europesays.com\/es\/wp-json\/wp\/v2\/tags?post=214953"}],"curies":[{"name":"wp","href":"https:\/\/api.w.org\/{rel}","templated":true}]}}