{"id":214961,"date":"2025-11-02T19:55:11","date_gmt":"2025-11-02T19:55:11","guid":{"rendered":"https:\/\/www.europesays.com\/es\/214961\/"},"modified":"2025-11-02T19:55:11","modified_gmt":"2025-11-02T19:55:11","slug":"el-archivo-del-photo-club-sobre-el-que-la-diputacion-de-burgos-acaba-de-editar-un-libro-es-oro","status":"publish","type":"post","link":"https:\/\/www.europesays.com\/es\/214961\/","title":{"rendered":"El Archivo del Photo Club, sobre el que la Diputaci\u00f3n de Burgos acaba de editar un libro, es oro"},"content":{"rendered":"<p>Cuando Gonzalo Miguel Ojeda decidi\u00f3 abrir en el Burgos de 1923 el Photo Club, su curiosa mirada ya se hab\u00eda educado en otros lugares, pa\u00edses que le llevaban a Espa\u00f1a mucha ventaja en cuestiones de modernidad y manera de observar las cosas. Aquel establecimiento ubicado en el n\u00famero 9 del Paseo de la Isla tomaba el relevo de unos ultramarinos que hab\u00edan sido de su familia; un gesto que constitu\u00eda toda una apuesta de futuro. Lo fue: tan es as\u00ed, que merced a la aventura que Miguel Ojeda emprendi\u00f3 junto con su mujer, la inglesa May Waneke, avezada fot\u00f3grafa, hoy se puede conocer mejor el pasado de cuatro d\u00e9cadas de esta tierra merced al fondo fotogr\u00e1fico que ambos legaron y que custodia el archivo de la Diputaci\u00f3n de Burgos, que ahora ha dado a conocer parte del mismo en una espl\u00e9ndida edici\u00f3n coordinada por Miguel Moreno y Lena Saladina Iglesias.<\/p>\n<p>En el libro, la investigadora Ana Mar\u00eda Pe\u00f1a Var\u00f3 explica que parte de la trascendencia del Photo Club tuvo que ver con el car\u00e1cter innovador del negocio, tal y como se anunciaba en la prensa de la \u00e9poca: &#8216;Aparatos y material fotogr\u00e1fico en general. Ampliaciones, reproducciones y toda clase de trabajos fotogr\u00e1ficos. Grandes laboratorios para aficionados&#8217;. Prest\u00f3, as\u00ed, diversos servicios, am\u00e9n de funcionar como agencia fotogr\u00e1fica para ilustrar peri\u00f3dicos y revistas, monograf\u00edas de todo tipo y con especial dedicaci\u00f3n al patrimonio burgal\u00e9s. Explica en la obra Miguel Moreno que casi 13.000 de las 20.000 im\u00e1genes de que consta el archivo del Photo Club, son documentos gr\u00e1ficos del patrimonio cultural, siquiera por el hecho de que Gonzalo Miguel Ojeda form\u00f3 parte de la Comisi\u00f3n Provincial de Monumentos y de la Asociaci\u00f3n para el Fomento del Turismo, llegando a convertirse en acad\u00e9mico de la Instituci\u00f3n Fern\u00e1n Gonz\u00e1lez.<\/p>\n<blockquote class=\"QuoteComentario\">\n<p>El objetivo de Gonzalo Miguel Ojeda estuvo siempre atento a cuanto ve\u00eda<\/p>\n<p><img decoding=\"async\" loading=\"lazy\" src=\"https:\/\/www.europesays.com\/es\/wp-content\/uploads\/2025\/11\/25549C7E-4F02-4774-9DCA73EC350105E2.JPG\" alt=\"Pastora con una oveja en Quintanar de la Sierra.\" border=\"0\"\/>Pastora con una oveja en Quintanar de la Sierra. &#8211; Foto: Archivo Photo Club. Fondo Gonzalo Miguel Ojeda<\/p><\/blockquote>\n<p>Pero, siendo as\u00ed, el fondo que se ha dado a conocer con mayor profundidad en el reci\u00e9n editado libro pone de manifiesto que el objetivo de las c\u00e1maras del Photo Club fue m\u00e1s all\u00e1, dejando constancia fehaciente de hechos hist\u00f3ricos -como la Guerra Civil- y de la realidad y evoluci\u00f3n de la sociedad burgalesa durante aquellas cuatro d\u00e9cadas. As\u00ed, hay tambi\u00e9n cierto protagonismo femenino en este ingente archivo. \u00abUna diversidad de im\u00e1genes que refleja el papel de la mujer(&#8230;) bien es verdad que moderada, como reflejo de las limitadas oportunidades que pose\u00eda la mujer por entonces para situarse con fortaleza en el espacio p\u00fablico\u00bb, explica Mar Chicharro en su estudio de la imagen de la mujer en el fondo del Photo Club. Aunque hay im\u00e1genes que ejemplifican la presencia de la mujer en la vida p\u00fablica, son muy pocas las fotograf\u00edas de estas \u00aben las que podemos identificar nombres propios; la mayor\u00eda obedecen a mujeres an\u00f3nimas que a trav\u00e9s de su d\u00eda a d\u00eda, inmortalizado en estas im\u00e1genes, han ido haciendo historia y ensanchando las oportunidades\u00bb.<\/p>\n<p><strong>Un retrato de la sociedad. <\/strong>Ainara Miguel, que se ocupa del cap\u00edtulo que abunda en el retrato que el Photo Club hace de la sociedad burgalesa (4.300 im\u00e1genes que corresponden a retratos, fotos de grupo e instant\u00e1neas de prensa), afirma que es una colecci\u00f3n que \u00abno s\u00f3lo refleja la sociedad de la \u00e9poca, sino que tambi\u00e9n la transforma, construyendo un imaginario visual que no tiene por qu\u00e9 corresponderse con el discurso hist\u00f3rico al uso ni con los textos autorizados. Porque en esta colecci\u00f3n, como en todas, se juntan lo que el fot\u00f3grafo quiere retratar y lo que sus modelos quisieron mostrarle. En el caso que nos ocupa, no hay un solo autor (se trata de un establecimiento fotogr\u00e1fico), no hay una sola intenci\u00f3n, pero s\u00ed una l\u00ednea ideol\u00f3gica y un estilo, ambos conservadores\u00bb. Apunta la historiadora, as\u00ed, que el fondo a estudio \u00abno ser\u00e1 jam\u00e1s el retrato de la sociedad burgalesa de la primera mitad del siglo XX, sino un retrato posible. Uno de los miles que se hubieran podido hacer en su momento (mejor, en sus momentos), uno de los cientos que todav\u00eda pueden hacerse al mirar este archivo ingente\u00bb.<\/p>\n<p>Gonzalo Miguel Ojeda, en sus viajes por la provincia, tambi\u00e9n document\u00f3 cuanto vio: un tiempo que se iba, un pasado que no regresar\u00eda, como recoge el libro: oficios tradicionales, ese cosmos rural que parec\u00eda casi neol\u00edtico con sus carros, sus burros, sus mulas, sus hilanderas, sus le\u00f1adores&#8230; Tambi\u00e9n se hizo eco, claro, del tiempo que llegaba, de aquella modernidad que represent\u00f3 el ferrocarril, por ejemplo, as\u00ed como las f\u00e1bricas, los nuevos y grandes bloques de edificios que se constru\u00edan en la capital, los autom\u00f3viles y los nuevos ocios: el f\u00fatbol, el golf, el cine&#8230; Tambi\u00e9n se fotografiaba a los muertos, como tambi\u00e9n recoge el archivo de Miguel Ojeda<\/p>\n<p>M\u00e1s fotos:<img decoding=\"async\" loading=\"lazy\" src=\"https:\/\/www.europesays.com\/es\/wp-content\/uploads\/2025\/11\/F62CBA27-A3F8-452F-A0C090295E522555.JPG\" alt=\"El cad\u00e1ver de Carmen Gimeno, \u2018La Venus de Valencia\u2019, con su madre y hermano.\" border=\"0\"\/>El cad\u00e1ver de Carmen Gimeno, \u2018La Venus de Valencia\u2019, con su madre y hermano. &#8211; Foto: Archivo Photo Club. Fondo Gonzalo Miguel Ojeda<img decoding=\"async\" loading=\"lazy\" src=\"https:\/\/www.europesays.com\/es\/wp-content\/uploads\/2025\/11\/BE650440-F4AB-42CE-87E39BFA93E8C7A4.JPG\" alt=\"Grupo de estudiantes.\" border=\"0\"\/>Grupo de estudiantes. &#8211; Foto: Archivo Photo Club. Fondo Gonzalo Miguel Ojeda<\/p>\n<p>Otro cap\u00edtulo importante del fondo tiene que ver con los retratos. \u00abMujeres solitarias sentadas frente al fot\u00f3grafo, en su estudio o en la calle, siempre en actitud pasiva, contemplativa, pero con una extraordinaria fuerza en la mirada, en el gesto y en la pose. Hay caras modernas y otras antiguas (&#8230;) Los hombres que posan en las p\u00e1ginas siguientes ofrecen dos im\u00e1genes: los trajeados en el estudio y los que se visten de faena en la calle. Los primeros no hacen alarde de su ropa, al contrario que las mujeres; y tambi\u00e9n al contrario que las mujeres, pr\u00e1cticamente ninguno sonr\u00ede\u00bb. Los retratos de grupo constituyen tambi\u00e9n un bloque importante, y revelador, toda vez que la importancia de la Iglesia queda patente. El fondo del Photo Club puede consultarse digitalmente, aunque no resulta nada sencillo (e igual era el momento para contar con un mejor buscador) en la web <a href=\"http:\/\/mosa.burgos.es\/\" target=\"_blank\" rel=\"nofollow noopener\">mosa.burgos.es<\/a><\/p>\n","protected":false},"excerpt":{"rendered":"Cuando Gonzalo Miguel Ojeda decidi\u00f3 abrir en el Burgos de 1923 el Photo Club, su curiosa mirada ya&hellip;\n","protected":false},"author":2,"featured_media":214962,"comment_status":"","ping_status":"","sticky":false,"template":"","format":"standard","meta":{"footnotes":""},"categories":[173],"tags":[229,233,231,230,232,48999,234,146,147,25,24,244,225,45405,31484,4193,23],"class_list":{"0":"post-214961","1":"post","2":"type-post","3":"status-publish","4":"format-standard","5":"has-post-thumbnail","7":"category-arte-y-diseno","8":"tag-arte","9":"tag-arte-y-diseno","10":"tag-arts","11":"tag-arts-and-design","12":"tag-design","13":"tag-diputacion-de-burgos","14":"tag-diseno","15":"tag-entertainment","16":"tag-entretenimiento","17":"tag-es","18":"tag-espana","19":"tag-fotografia","20":"tag-libros","21":"tag-paseo-de-la-isla","22":"tag-real-academia-burgense-de-historia-y-bellas-artes","23":"tag-siglo-xx","24":"tag-spain"},"share_on_mastodon":{"url":"https:\/\/pubeurope.com\/@es\/115481865333043430","error":""},"_links":{"self":[{"href":"https:\/\/www.europesays.com\/es\/wp-json\/wp\/v2\/posts\/214961","targetHints":{"allow":["GET"]}}],"collection":[{"href":"https:\/\/www.europesays.com\/es\/wp-json\/wp\/v2\/posts"}],"about":[{"href":"https:\/\/www.europesays.com\/es\/wp-json\/wp\/v2\/types\/post"}],"author":[{"embeddable":true,"href":"https:\/\/www.europesays.com\/es\/wp-json\/wp\/v2\/users\/2"}],"replies":[{"embeddable":true,"href":"https:\/\/www.europesays.com\/es\/wp-json\/wp\/v2\/comments?post=214961"}],"version-history":[{"count":0,"href":"https:\/\/www.europesays.com\/es\/wp-json\/wp\/v2\/posts\/214961\/revisions"}],"wp:featuredmedia":[{"embeddable":true,"href":"https:\/\/www.europesays.com\/es\/wp-json\/wp\/v2\/media\/214962"}],"wp:attachment":[{"href":"https:\/\/www.europesays.com\/es\/wp-json\/wp\/v2\/media?parent=214961"}],"wp:term":[{"taxonomy":"category","embeddable":true,"href":"https:\/\/www.europesays.com\/es\/wp-json\/wp\/v2\/categories?post=214961"},{"taxonomy":"post_tag","embeddable":true,"href":"https:\/\/www.europesays.com\/es\/wp-json\/wp\/v2\/tags?post=214961"}],"curies":[{"name":"wp","href":"https:\/\/api.w.org\/{rel}","templated":true}]}}