{"id":214990,"date":"2025-11-02T20:17:10","date_gmt":"2025-11-02T20:17:10","guid":{"rendered":"https:\/\/www.europesays.com\/es\/214990\/"},"modified":"2025-11-02T20:17:10","modified_gmt":"2025-11-02T20:17:10","slug":"gonzalo-miro-bromea-con-su-sueldo-en-rtve-y-reacciona-ante-la-posibilidad-de-presentar-las-campanadas","status":"publish","type":"post","link":"https:\/\/www.europesays.com\/es\/214990\/","title":{"rendered":"Gonzalo Mir\u00f3 bromea con su sueldo en RTVE y reacciona ante la posibilidad de presentar las Campanadas"},"content":{"rendered":"<p class=\"article-text\">\n        <strong>Juanma Casta\u00f1o<\/strong> y <strong>Gonzalo Mir\u00f3<\/strong> conversaron este viernes en <strong>El Partidazo de COPE<\/strong> sobre el nuevo trabajo del tertuliano en <strong>RTVE<\/strong>. Desde mediados de septiembre, Mir\u00f3 presenta cada tarde en La 1 <strong>Directo al grano<\/strong>, un programa de actualidad que ha comenzado su andadura con buenos datos de audiencia.\n    <\/p>\n<p>    <a href=\"https:\/\/www.eldiario.es\/vertele\/noticias\/bailando-con-las-estrellas-barbara-rey-anuncia-retirada-lesion-sara-escudero_1_12734481.html\" data-mrf-recirculation=\"saber-mas\" data-dl-event=\"saber-mas\" rel=\"nofollow noopener\" target=\"_blank\"><\/p>\n<p class=\"know-more__title\">&#8216;Bailando con las estrellas&#8217; sufri\u00f3 otra baja m\u00e9dica que facilit\u00f3 el reingreso de uno de los concursantes eliminados<\/p>\n<p>            <img decoding=\"async\" class=\"lazy\" loading=\"lazy\" data-src=\"https:\/\/static.eldiario.es\/clip\/ff46d813-b242-4ad5-b06a-6219c52035ad_16-9-aspect-ratio_default_0.jpg\" src=\"data:image\/svg+xml,%3Csvg xmlns=\" http:=\"\" viewbox=\"0 0 880 495\" alt=\"'Bailando con las estrellas' sufri\u00f3 otra baja m\u00e9dica que facilit\u00f3 el reingreso de uno de los concursantes eliminados\"\/><\/p>\n<p>                        <\/a><\/p>\n<p class=\"article-text\">\n        Este es, de momento, el \u00fanico proyecto que est\u00e1 sobre la mesa del presentador, aunque pronto podr\u00eda llegar otro encargo. Seg\u00fan Casta\u00f1o, Torrespa\u00f1a ha barajado la posibilidad de que Gonzalo Mir\u00f3 y Marta Flich conduzcan las Campanadas de RTVE esta Navidad. <strong>\u201cNo creo. \u00bfEso es lo que dice tu topo? Pues ya sabe m\u00e1s que yo\u201d<\/strong>, contest\u00f3 el aludido. \u201cA m\u00ed no se me ha hecho ning\u00fan planteamiento\u201d, insisti\u00f3.\n    <\/p>\n<p class=\"article-text\">\n        Adem\u00e1s, llegado el momento de presentar las Campanadas, Mir\u00f3 preferir\u00eda hacer algo \u201crevolucionario\u201d. <strong>Por ejemplo, comerse las uvas con Pepa Bueno<\/strong>. \u201cEso ser\u00eda rompedor\u201d, sugiri\u00f3 ante sus compa\u00f1eros de <a href=\"https:\/\/www.cope.es\/programas\/el-partidazo-de-cope\/audios\/gonzalo-miro-desvela-sueldo-rtve-juanma-castano-costando-espanoles-20251031_3242602.html\" target=\"_blank\" data-mrf-recirculation=\"links-noticia\" class=\"link\" rel=\"nofollow noopener\">COPE<\/a>, que se echaron a re\u00edr al escuchar la propuesta. En cualquier caso, Mir\u00f3 aclar\u00f3 que no confirmar\u00eda esta informaci\u00f3n si supiera que es cierta.\n    <\/p>\n<p>    <a href=\"https:\/\/www.eldiario.es\/vertele\/noticias\/susto-maria-casado-carmen-corazzini-informativos-telecinco-halloween-video_1_12734725.html\" data-mrf-recirculation=\"saber-mas-abajo\" data-dl-event=\"saber-mas-abajo\" rel=\"nofollow noopener\" target=\"_blank\"><\/p>\n<p class=\"know-more__title\">El susto de Mar\u00eda Casado a Carmen Corazzini en &#8216;Informativos Telecinco&#8217; por Halloween: \u201cLleva as\u00ed todo el d\u00eda\u201d<\/p>\n<p>            <img decoding=\"async\" class=\"lazy\" loading=\"lazy\" data-src=\"https:\/\/static.eldiario.es\/clip\/3b49e825-7d76-46a6-bd7d-dbbe0f2260c0_16-9-aspect-ratio_default_0.jpg\" src=\"data:image\/svg+xml,%3Csvg xmlns=\" http:=\"\" viewbox=\"0 0 880 495\" alt=\"El susto de Mar\u00eda Casado a Carmen Corazzini en 'Informativos Telecinco' por Halloween: &quot;Lleva as\u00ed todo el d\u00eda&quot;\"\/><\/p>\n<p>                        <\/a><\/p>\n<p class=\"article-text\">\n        La charla fue distendida y Casta\u00f1o aprovech\u00f3 para preguntarle cu\u00e1nto le est\u00e1n pagando en la cadena p\u00fablica por ponerse al frente de Directo al grano cada tarde. \u201c\u00bfCu\u00e1nto nos est\u00e1s costando, Gonzalo?\u201d, le dijo con sorna el locutor de COPE. <strong>\u201cUn poquito m\u00e1s de lo que me pag\u00e1is ah\u00ed\u201d<\/strong>, respondi\u00f3 Mir\u00f3 para no dar cifras concretas. No obstante, est\u00e1 convencido de que \u201cya llegar\u00e1\u201d el d\u00eda en el que se haga p\u00fablico el dato, pues eso es lo que ha ocurrido con muchos de sus compa\u00f1eros de RTVE.\n    <\/p>\n","protected":false},"excerpt":{"rendered":"Juanma Casta\u00f1o y Gonzalo Mir\u00f3 conversaron este viernes en El Partidazo de COPE sobre el nuevo trabajo del&hellip;\n","protected":false},"author":2,"featured_media":214991,"comment_status":"","ping_status":"","sticky":false,"template":"","format":"standard","meta":{"footnotes":""},"categories":[174],"tags":[255,20690,146,147,25,24,256,4799,10288,57804,518,23,15563],"class_list":{"0":"post-214990","1":"post","2":"type-post","3":"status-publish","4":"format-standard","5":"has-post-thumbnail","7":"category-famosos","8":"tag-celebrities","9":"tag-directo-al-grano","10":"tag-entertainment","11":"tag-entretenimiento","12":"tag-es","13":"tag-espana","14":"tag-famosos","15":"tag-gonzalo","16":"tag-miro","17":"tag-presentador-campanadas","18":"tag-rtve","19":"tag-spain","20":"tag-sueldo"},"share_on_mastodon":{"url":"https:\/\/pubeurope.com\/@es\/115481951981711885","error":""},"_links":{"self":[{"href":"https:\/\/www.europesays.com\/es\/wp-json\/wp\/v2\/posts\/214990","targetHints":{"allow":["GET"]}}],"collection":[{"href":"https:\/\/www.europesays.com\/es\/wp-json\/wp\/v2\/posts"}],"about":[{"href":"https:\/\/www.europesays.com\/es\/wp-json\/wp\/v2\/types\/post"}],"author":[{"embeddable":true,"href":"https:\/\/www.europesays.com\/es\/wp-json\/wp\/v2\/users\/2"}],"replies":[{"embeddable":true,"href":"https:\/\/www.europesays.com\/es\/wp-json\/wp\/v2\/comments?post=214990"}],"version-history":[{"count":0,"href":"https:\/\/www.europesays.com\/es\/wp-json\/wp\/v2\/posts\/214990\/revisions"}],"wp:featuredmedia":[{"embeddable":true,"href":"https:\/\/www.europesays.com\/es\/wp-json\/wp\/v2\/media\/214991"}],"wp:attachment":[{"href":"https:\/\/www.europesays.com\/es\/wp-json\/wp\/v2\/media?parent=214990"}],"wp:term":[{"taxonomy":"category","embeddable":true,"href":"https:\/\/www.europesays.com\/es\/wp-json\/wp\/v2\/categories?post=214990"},{"taxonomy":"post_tag","embeddable":true,"href":"https:\/\/www.europesays.com\/es\/wp-json\/wp\/v2\/tags?post=214990"}],"curies":[{"name":"wp","href":"https:\/\/api.w.org\/{rel}","templated":true}]}}