{"id":215021,"date":"2025-11-02T20:40:15","date_gmt":"2025-11-02T20:40:15","guid":{"rendered":"https:\/\/www.europesays.com\/es\/215021\/"},"modified":"2025-11-02T20:40:15","modified_gmt":"2025-11-02T20:40:15","slug":"alaves-2-1-espanyol-sufrido-golpe-de-autoridad","status":"publish","type":"post","link":"https:\/\/www.europesays.com\/es\/215021\/","title":{"rendered":"Alav\u00e9s 2-1 Espanyol: sufrido golpe de autoridad"},"content":{"rendered":"<p>\n        Sufri\u00f3\u00a0<strong>m\u00e1s de lo debido y merecido<\/strong>, sobre todo analizando lo ocurrido en la\u00a0<strong>primera mitad<\/strong>, pero el\u00a0<strong>Deportivo Alav\u00e9s<\/strong>consigui\u00f3 dar un\u00a0<strong>golpe sobre la mesa<\/strong>\u00a0este domingo en\u00a0<strong>Mendizorroza<\/strong>. Los goles de\u00a0<strong>Denis Su\u00e1rez<\/strong>\u00a0y\u00a0<strong>Lucas Boy\u00e9<\/strong>, el mejor de la tarde pese a la expulsi\u00f3n, fueron suficientes para superar al\u00a0<strong>Espanyol<\/strong>, que estaba siendo la\u00a0<strong>gran revelaci\u00f3n<\/strong>.\u00a0<strong>Roberto Fern\u00e1ndez<\/strong>\u00a0marc\u00f3 el \u00fanico tanto perico (2-1).\n<\/p>\n<p class=\"article-body__text \">\n        Apenas sorprendi\u00f3 el\u00a0<strong>Chacho<\/strong>\u00a0con su once inicial. Considerando el reparto de minutos en\u00a0<strong>Copa<\/strong>, la \u00fanica inc\u00f3gnita estaba en la zaga, fruto de la baja de\u00a0<strong>Pacheco<\/strong>, y el argentino opt\u00f3 ah\u00ed por\u00a0<strong>Parada<\/strong>\u00a0como pareja de\u00a0<strong>Tenaglia<\/strong>.\u00a0<strong>Sivera<\/strong>\u00a0en porter\u00eda,\u00a0<strong>Jonny<\/strong>\u00a0y\u00a0<strong>Yusi<\/strong>\u00a0en los laterales;\u00a0<strong>Blanco<\/strong>\u00a0y\u00a0<strong>Denis<\/strong>\u00a0como doble pivote;\u00a0<strong>Calebe<\/strong>\u00a0y\u00a0<strong>Ale\u00f1\u00e1<\/strong>\u00a0en las bandas; y\u00a0<strong>Boy\u00e9<\/strong>\u00a0y\u00a0<strong>Toni Mart\u00ednez<\/strong>\u00a0arriba completaron el esquema habitual (1-4-4-2).\n<\/p>\n<p>            <a href=\"https:\/\/www.noticiasdealava.eus\/alaves\/2025\/11\/02\/1x1-alaves-espanyol-tenaglia-capital-10296479.html\" title=\"El 1x1 del Alav\u00e9s ante el Espanyol: Tenaglia, capital en defensa\" class=\"new__media\" rel=\"nofollow noopener\" target=\"_blank\"><\/p>\n<p>                <img alt=\"El 1x1 del Alav\u00e9s ante el Espanyol: Tenaglia, capital en defensa\" data-src=\"https:\/\/www.europesays.com\/es\/wp-content\/uploads\/2025\/11\/3098ecbf-1e17-4f15-ba0a-ff5f5e7890a9_16-9-aspect-ratio_default_0.jpg\" class=\"lozad\"\/><\/p>\n<p>        <\/a><\/p>\n<p>        <a href=\"https:\/\/www.noticiasdealava.eus\/alaves\/2025\/11\/02\/1x1-alaves-espanyol-tenaglia-capital-10296479.html\" title=\"El 1x1 del Alav\u00e9s ante el Espanyol: Tenaglia, capital en defensa\" class=\"new__headline\" rel=\"nofollow noopener\" target=\"_blank\"><br \/>\n            El 1&#215;1 del Alav\u00e9s ante el Espanyol: Tenaglia, capital en defensa<br \/>\n        <\/a><\/p>\n<p class=\"article-body__text \">\n        La tarde comenz\u00f3 de manera\u00a0<strong>inmejorable para el Alav\u00e9s<\/strong>. Tras unos minutos de tanteo, en los que los locales tuvieron que jugar en exceso con\u00a0<strong>Sivera<\/strong>\u00a0debido al orden defensivo del\u00a0<strong>Espanyol<\/strong>, fue\u00a0<strong>Boy\u00e9<\/strong>\u00a0quien rompi\u00f3 esa telara\u00f1a con su pelea: el argentino recuper\u00f3 un bal\u00f3n desde el suelo, abri\u00f3 a la banda y all\u00ed apareci\u00f3\u00a0<strong>Ale\u00f1\u00e1<\/strong>\u00a0para asistir a\u00a0<strong>Denis<\/strong>, que no perdon\u00f3 con el interior delante de la meta (1-0, min. 5).\n<\/p>\n<p class=\"article-body__text \">\n        Y ah\u00ed no acab\u00f3 el peligro de los\u00a0<strong>babazorros<\/strong>. El gol tempranero dej\u00f3\u00a0<strong>grogui<\/strong>\u00a0a los jugadores pericos y, antes de cumplirse el primer cuarto de hora de juego,\u00a0<strong>Boy\u00e9<\/strong>\u00a0y\u00a0<strong>Yusi<\/strong>\u00a0tuvieron ocasiones para ampliar la ventaja. Ninguna de esas dos acab\u00f3 en el fondo de la red, en gran parte por el sobresaliente hacer de\u00a0<strong>Dmitrovic<\/strong>. Y tampoco lo hizo la que lleg\u00f3 poco despu\u00e9s, esta vez de\u00a0<strong>Calebe<\/strong>, en una jugada individual.\n<\/p>\n<p class=\"article-body__text \">\n        Cuando\u00a0<strong>perdonas tanto<\/strong>, claro est\u00e1, le das opciones al rival, y el\u00a0<strong>Espanyol<\/strong>\u00a0tuvo la suya para el empate. Menos mal que\u00a0<strong>Jonny<\/strong>, siempre de notable, apareci\u00f3 en el \u00faltimo momento para evitar que el disparo de\u00a0<strong>Pere Milla<\/strong>, en boca de gol y asistido por\u00a0<strong>Jofre<\/strong>, tomara porter\u00eda. Salvo por esa acci\u00f3n, que no se acab\u00f3 pagando, el\u00a0<strong>Alav\u00e9s<\/strong>\u00a0fue muy superior a la escuadra de\u00a0<strong>Manolo Gonz\u00e1lez<\/strong>\u00a0en esta primera media hora.\n<\/p>\n<p>            <a href=\"https:\/\/www.noticiasdealava.eus\/alaves\/2025\/11\/02\/coudet-causa-gracia-partido-10296518.html\" title=\"Coudet: &quot;No me causa tanta gracia un partido como este&quot;\" class=\"new__media\" rel=\"nofollow noopener\" target=\"_blank\"><\/p>\n<p>                <img alt=\"Coudet: &quot;No me causa tanta gracia un partido como este&quot;\" data-src=\"https:\/\/www.europesays.com\/es\/wp-content\/uploads\/2025\/11\/93750f34-afd5-468e-ae1b-96b5187cdaaa_16-9-aspect-ratio_default_0.jpg\" class=\"lozad\"\/><\/p>\n<p>        <\/a><\/p>\n<p>        <a href=\"https:\/\/www.noticiasdealava.eus\/alaves\/2025\/11\/02\/coudet-causa-gracia-partido-10296518.html\" title=\"Coudet: &quot;No me causa tanta gracia un partido como este&quot;\" class=\"new__headline\" rel=\"nofollow noopener\" target=\"_blank\"><br \/>\n            Coudet: \u00abNo me causa tanta gracia un partido como este\u00bb<br \/>\n        <\/a><\/p>\n<p class=\"article-body__text \">\n        Ampli\u00e1ndolo a lo ocurrido hasta el descanso, podr\u00eda decirse, incluso, que lo vivido en\u00a0<strong>Mendizorroza<\/strong>\u00a0fueron los\u00a0<strong>mejores minutos del Glorioso<\/strong>\u00a0en todo el curso, al menos a nivel ofensivo. Nunca se hab\u00eda generado no tanto, sino\u00a0<strong>tan claro<\/strong>. Adem\u00e1s, hubo algo m\u00e1s de acierto.\u00a0<strong>Boy\u00e9<\/strong>, cerca del descanso, sorprendi\u00f3 a\u00a0<strong>Dmitrovic<\/strong>\u00a0con un potente derechazo al palo corto, colocando el 2-0.\u00a0<strong>Qu\u00e9 primera mitad la suya<\/strong>.\n<\/p>\n<p>  SUFRIR Y VOLVER A SUFRIR<\/p>\n<p class=\"article-body__text \">\n        Tras el paso por los vestuarios, lo cierto es que el\u00a0<strong>Alav\u00e9s<\/strong>\u00a0salt\u00f3 al c\u00e9sped con\u00a0<strong>menos pulsaciones<\/strong>, algo adormecido, permitiendo al\u00a0<strong>Espanyol<\/strong>\u00a0tomar la batuta del duelo. El reci\u00e9n incorporado\u00a0<strong>Roberto Fern\u00e1ndez<\/strong>, con todo a favor, avis\u00f3 primero mediante un disparo que se le march\u00f3 desviado, y no perdon\u00f3 despu\u00e9s, de cabeza (2-1, min. 56). Algo que provoc\u00f3 la\u00a0<strong>reacci\u00f3n por parte de Coudet<\/strong>\u00a0en el banquillo.\n<\/p>\n<p class=\"article-body__text \">\n        Para tratar de cortar el\u00a0<strong>buen momento del Espanyol<\/strong>, el entrenador albiazul dio entrada a tres revulsivos a la vez:\u00a0<strong>Guevara<\/strong>\u00a0(Toni),\u00a0<strong>Abde<\/strong>\u00a0(Ale\u00f1\u00e1) y\u00a0<strong>Carlos Vicente<\/strong>\u00a0(Calebe). As\u00ed reforz\u00f3 el centro del campo y renov\u00f3 fuerzas en los costados. En esa misma pausa, tambi\u00e9n abandon\u00f3 el terreno de juego\u00a0<strong>Kike Garc\u00eda<\/strong>, ovacionado por\u00a0<strong>Mendizorroza<\/strong>. Nadie ha olvidado la labor del ariete manchego en\u00a0<strong>Vitoria-Gasteiz<\/strong>.\n<\/p>\n<p class=\"article-body__text \">\n        Los cambios, sin embargo, no modificaron el rumbo del choque. El\u00a0<strong>Alav\u00e9s<\/strong>\u00a0sufri\u00f3 mucho en los minutos posteriores y tuvo que entrar\u00a0<strong>Pablo Ib\u00e1\u00f1ez<\/strong>, en lugar de\u00a0<strong>Denis<\/strong>, para tener m\u00e1s m\u00fasculo sobre el c\u00e9sped. Justo despu\u00e9s de esa sustituci\u00f3n, lleg\u00f3 la opci\u00f3n m\u00e1s clara para el 3-1, que no aprovech\u00f3\u00a0<strong>Vicente<\/strong>. Se qued\u00f3 corto el ma\u00f1o al lanzarse a rematar.\u00a0<strong>Poco o nada le sale \u00faltimamente<\/strong>, obviando la Copa.\n<\/p>\n<p class=\"article-body__text \">\n        Ya en la\u00a0<strong>recta final<\/strong>, los\u00a0<strong>babazorros<\/strong>\u00a0tuvieron que hacer frente a las muchas\u00a0<strong>tentativas del Espanyol<\/strong>\u00a0y tambi\u00e9n el err\u00e1tico arbitraje.\u00a0<strong>Cuadra Fern\u00e1ndez<\/strong>\u00a0dej\u00f3 jugar m\u00e1s de lo debido, favoreciendo a los de\u00a0<strong>Manolo Gonz\u00e1lez<\/strong>\u00a0casi siempre. Menos mal que el marcador no se movi\u00f3.\u00a0<strong>Protesoni<\/strong>\u00a0(Yusi) fue la \u00faltima sustituci\u00f3n,\u00a0<strong>Abde<\/strong>\u00a0tuvo la sentencia y la desaprovech\u00f3 y\u00a0<strong>Boy\u00e9<\/strong>\u00a0fue expulsado por segunda amarilla en el descuento.<\/p>\n","protected":false},"excerpt":{"rendered":"Sufri\u00f3\u00a0m\u00e1s de lo debido y merecido, sobre todo analizando lo ocurrido en la\u00a0primera mitad, pero el\u00a0Deportivo Alav\u00e9sconsigui\u00f3 dar&hellip;\n","protected":false},"author":2,"featured_media":215022,"comment_status":"","ping_status":"","sticky":false,"template":"","format":"standard","meta":{"footnotes":""},"categories":[268],"tags":[8113,10903,1334,168,25,24,16789,280,282,281,23,167,31115],"class_list":{"0":"post-215021","1":"post","2":"type-post","3":"status-publish","4":"format-standard","5":"has-post-thumbnail","7":"category-futbol","8":"tag-10903","9":"tag-alaves","10":"tag-deportes","11":"tag-es","12":"tag-espana","13":"tag-espanyol","14":"tag-football","15":"tag-futbol","16":"tag-soccer","17":"tag-spain","18":"tag-sports","19":"tag-sufrido"},"share_on_mastodon":{"url":"https:\/\/pubeurope.com\/@es\/115482042370974758","error":""},"_links":{"self":[{"href":"https:\/\/www.europesays.com\/es\/wp-json\/wp\/v2\/posts\/215021","targetHints":{"allow":["GET"]}}],"collection":[{"href":"https:\/\/www.europesays.com\/es\/wp-json\/wp\/v2\/posts"}],"about":[{"href":"https:\/\/www.europesays.com\/es\/wp-json\/wp\/v2\/types\/post"}],"author":[{"embeddable":true,"href":"https:\/\/www.europesays.com\/es\/wp-json\/wp\/v2\/users\/2"}],"replies":[{"embeddable":true,"href":"https:\/\/www.europesays.com\/es\/wp-json\/wp\/v2\/comments?post=215021"}],"version-history":[{"count":0,"href":"https:\/\/www.europesays.com\/es\/wp-json\/wp\/v2\/posts\/215021\/revisions"}],"wp:featuredmedia":[{"embeddable":true,"href":"https:\/\/www.europesays.com\/es\/wp-json\/wp\/v2\/media\/215022"}],"wp:attachment":[{"href":"https:\/\/www.europesays.com\/es\/wp-json\/wp\/v2\/media?parent=215021"}],"wp:term":[{"taxonomy":"category","embeddable":true,"href":"https:\/\/www.europesays.com\/es\/wp-json\/wp\/v2\/categories?post=215021"},{"taxonomy":"post_tag","embeddable":true,"href":"https:\/\/www.europesays.com\/es\/wp-json\/wp\/v2\/tags?post=215021"}],"curies":[{"name":"wp","href":"https:\/\/api.w.org\/{rel}","templated":true}]}}