{"id":215025,"date":"2025-11-02T20:42:09","date_gmt":"2025-11-02T20:42:09","guid":{"rendered":"https:\/\/www.europesays.com\/es\/215025\/"},"modified":"2025-11-02T20:42:09","modified_gmt":"2025-11-02T20:42:09","slug":"la-cabanillera-begona-arderius-premio-de-fotografia-de-la-asociacion-cermi-mujeres-nuevaalcarria","status":"publish","type":"post","link":"https:\/\/www.europesays.com\/es\/215025\/","title":{"rendered":"La cabanillera Bego\u00f1a Arderius, premio de fotograf\u00eda de la Asociaci\u00f3n CERMI Mujeres | NuevaAlcarria"},"content":{"rendered":"<p>&#13;<\/p>\n<p>La vecina de Cabanillas del Campo Bego\u00f1a Arderius, que adem\u00e1s es alumna de la Escuela de Fotograf\u00eda \u00abLa Photoescuela\u00bb de la localidad, ha resultado elegida como una de las ganadoras en los \u00abX Premios Generosidad de Fotograf\u00eda\u00bb, un certamen que convoca anualmente la\u00a0<a href=\"https:\/\/fundacioncermimujeres.es\/entries\/fallados-los-premios-de-fotografia-y-video-generosidad-2025-de-fundacion-cermi-mujeres\" role=\"link\" rel=\"nofollow noopener\" target=\"_blank\">Fundaci\u00f3n CERMI Mujeres<\/a>\u00a0gracias a una subvenci\u00f3n del Ministerio de Derechos Sociales, Consumo y Agenda 2030, y que tambi\u00e9n patrocina la Fundaci\u00f3n ONCE.<\/p>\n<p>Publicidad<\/p>\n<p>La cabanillera se alz\u00f3 con el primer premio en la categor\u00eda de Fotograf\u00eda (hay otra sobre V\u00eddeo), un galard\u00f3n dotado con 3.000 euros, gracias una imagen titulada \u201cEl tes\u00f3n de una sirena\u201d. Estos premios \u00abGenerosidad\u00bb de Cermi Mujeres buscan defender valores como la visibilidad, la igualdad y los derechos humanos de las mujeres con discapacidad, promoviendo la sensibilidad social, la cr\u00edtica constructiva y la inclusi\u00f3n a trav\u00e9s del arte fotogr\u00e1fico y audiovisual.<br \/>&#13;<br \/>\nLos galardones de esta edici\u00f3n se entregar\u00e1n en Madrid, en una gala prevista para el pr\u00f3ximo lunes 1 de diciembre de 2025, D\u00eda Internacional de las Personas con Discapacidad.<\/p>\n<p>&#13;<\/p>\n","protected":false},"excerpt":{"rendered":"&#13; La vecina de Cabanillas del Campo Bego\u00f1a Arderius, que adem\u00e1s es alumna de la Escuela de Fotograf\u00eda&hellip;\n","protected":false},"author":2,"featured_media":215026,"comment_status":"","ping_status":"","sticky":false,"template":"","format":"standard","meta":{"footnotes":""},"categories":[173],"tags":[442,229,233,231,230,50908,232,234,146,147,25,24,244,439,441,2461,443,440,23],"class_list":{"0":"post-215025","1":"post","2":"type-post","3":"status-publish","4":"format-standard","5":"has-post-thumbnail","7":"category-arte-y-diseno","8":"tag-actualidad-guadalajara","9":"tag-arte","10":"tag-arte-y-diseno","11":"tag-arts","12":"tag-arts-and-design","13":"tag-cabanillas","14":"tag-design","15":"tag-diseno","16":"tag-entertainment","17":"tag-entretenimiento","18":"tag-es","19":"tag-espana","20":"tag-fotografia","21":"tag-guadalajara","22":"tag-informacion-guadalajara","23":"tag-mujer","24":"tag-noticias-guadalajara","25":"tag-nueva-alcarria","26":"tag-spain"},"share_on_mastodon":{"url":"https:\/\/pubeurope.com\/@es\/115482050081160819","error":""},"_links":{"self":[{"href":"https:\/\/www.europesays.com\/es\/wp-json\/wp\/v2\/posts\/215025","targetHints":{"allow":["GET"]}}],"collection":[{"href":"https:\/\/www.europesays.com\/es\/wp-json\/wp\/v2\/posts"}],"about":[{"href":"https:\/\/www.europesays.com\/es\/wp-json\/wp\/v2\/types\/post"}],"author":[{"embeddable":true,"href":"https:\/\/www.europesays.com\/es\/wp-json\/wp\/v2\/users\/2"}],"replies":[{"embeddable":true,"href":"https:\/\/www.europesays.com\/es\/wp-json\/wp\/v2\/comments?post=215025"}],"version-history":[{"count":0,"href":"https:\/\/www.europesays.com\/es\/wp-json\/wp\/v2\/posts\/215025\/revisions"}],"wp:featuredmedia":[{"embeddable":true,"href":"https:\/\/www.europesays.com\/es\/wp-json\/wp\/v2\/media\/215026"}],"wp:attachment":[{"href":"https:\/\/www.europesays.com\/es\/wp-json\/wp\/v2\/media?parent=215025"}],"wp:term":[{"taxonomy":"category","embeddable":true,"href":"https:\/\/www.europesays.com\/es\/wp-json\/wp\/v2\/categories?post=215025"},{"taxonomy":"post_tag","embeddable":true,"href":"https:\/\/www.europesays.com\/es\/wp-json\/wp\/v2\/tags?post=215025"}],"curies":[{"name":"wp","href":"https:\/\/api.w.org\/{rel}","templated":true}]}}