{"id":215027,"date":"2025-11-02T20:44:14","date_gmt":"2025-11-02T20:44:14","guid":{"rendered":"https:\/\/www.europesays.com\/es\/215027\/"},"modified":"2025-11-02T20:44:14","modified_gmt":"2025-11-02T20:44:14","slug":"del-porche-de-su-abuela-en-albacete-al-plato-de-operacion-triunfo-el-viaje-musical-de-carlos-de-los-reyes","status":"publish","type":"post","link":"https:\/\/www.europesays.com\/es\/215027\/","title":{"rendered":"Del porche de su abuela en Albacete al plat\u00f3 de Operaci\u00f3n Triunfo: el viaje musical de Carlos de los Reyes"},"content":{"rendered":"<p>Carlos de los Reyes conquist\u00f3 el plat\u00f3 de Operaci\u00f3n Triunfo 2025 con el tema \u2018Volar\u2019, logrando pasar directamente e incorporarse como uno de los 16 concursantes de la Academia. El joven, nacido en <a href=\"https:\/\/www.eldigitaldealbacete.com\/2025\/09\/16\/asi-es-carlos-el-concursante-de-operacion-triunfo-con-raices-en-la-provincia-de-albacete-estamos-contigo\/\" rel=\"nofollow noopener\" target=\"_blank\">Albacete<\/a> y afincado en Mallorca, puso fin a su aventura en la Academia en la Gala 4, aunque su carrera musical no ha hecho m\u00e1s que comenzar.<\/p>\n<p>Carlos de los Reyes confiesa a El Digital de Albacete que todav\u00eda esta \u201caterrizando\u201d, tras su paso por OT, y asegura que una experiencia como la de Operaci\u00f3n Triunfo es dif\u00edcil de asimilar, y que \u201ces algo a lo que no te haces a la idea hasta que pasa\u201d. Y es que, OT cuenta con esa magia que te cambia la vida para siempre y deja una huella imborrable.<\/p>\n<p>Carlos naci\u00f3 en Albacete, aunque su coraz\u00f3n est\u00e1 dividido entre <a href=\"https:\/\/www.eldigitaldealbacete.com\/2025\/10\/07\/este-pueblo-de-albacete-pide-el-voto-para-salvar-a-carlos-concursante-de-operacion-triunfo-nuestro-paisano-esta-nominado\/\" rel=\"nofollow noopener\" target=\"_blank\">Ossa de Montiel<\/a> (Albacete) y Mallorca, donde reside actualmente. \u201cNac\u00ed en el Hospital de Albacete, y es que tanto mi padre como mi madre son de Ossa de Montiel\u201d, comparte con El Digital de Albacete, y es que el nexo entre la familia de Carlos que une Albacete con Mallorca es muy peculiar. \u201cMis abuelos paternos se iban a echar la temporada a Mallorca con mi padre y mis t\u00edas\u201d, recuerda, y manifiesta que \u201cmi padre se enamor\u00f3 de mi madre, que tambi\u00e9n es de Ossa de Montiel, por lo que todas mis ra\u00edces son de all\u00ed, y mis padres se vinieron a Palma\u201d. Por ello, Carlos tiene \u201cel coraz\u00f3n dividido\u201d, y confiesa que \u201cme encanta mi ra\u00edz manchega\u201d.<\/p>\n<p><img loading=\"lazy\" decoding=\"async\" width=\"1200\" height=\"1448\" src=\"https:\/\/www.europesays.com\/es\/wp-content\/uploads\/2025\/11\/IMAGE-2025-09-16-113341.jpg\" alt=\"\" class=\"wp-image-1069709\"  \/>Carlos \/ Foto: OT<\/p>\n<p><strong>Carlos, concursante de Operaci\u00f3n Triunfo: enamorado de sus ra\u00edces manchegas en Albacete<\/strong><\/p>\n<p>Una ra\u00edz que Carlos lleva muy dentro. \u201cMis padres no conciben unas Navidades sin venir a Albacete, tanto que decidieron tenernos a mis hermanos y a m\u00ed en Navidad para nacer en Albacete\u201d, y se\u00f1ala que \u201cmi hermana naci\u00f3 el 17 de enero y yo el d\u00eda 6, el d\u00eda de Reyes, por eso soy Carlos de los Reyes\u201d.<\/p>\n<p>\u201cTenemos una uni\u00f3n tanto con Ossa de Montiel como con Albacete que nunca se ha roto\u201d, indica, y manifiesta que \u201cmi familia entiende el mallorqu\u00edn, pero no lo hablan. Sin embargo, tienen un habla muy manchega, al igual que mi abuela, que a pesar de llevar m\u00e1s de 30 a\u00f1os en la isla no ha perdido nada de sus tradiciones\u201d.<\/p>\n<p><img loading=\"lazy\" decoding=\"async\" width=\"1200\" height=\"675\" src=\"https:\/\/www.europesays.com\/es\/wp-content\/uploads\/2025\/11\/OT-CARLOSIMAGE-2025-09-23-114142.jpg\" alt=\"\" class=\"wp-image-1082568\"  \/>Carlos \/ Foto: OT en Instagram<\/p>\n<p>Y es que el coraz\u00f3n de Carlos est\u00e1 dividido entre su Albacete natal y la isla que acogi\u00f3 a su familia con sus espectaculares atardeceres. \u201cMe gusta mucho la cultura mallorquina porque me he criado all\u00ed, pero hay otra gran parte que me encanta, que es todo lo relacionado a las ra\u00edces manchegas\u201d, asegura, y confiesa \u201cme interesa mucho el folclore manchego, la cultura mallorquina est\u00e1 muy viva y hay muchos estudios, pero sobre la manchega no hay tanta informaci\u00f3n\u201d.<\/p>\n<p><img loading=\"lazy\" decoding=\"async\" width=\"1200\" height=\"900\" src=\"https:\/\/www.europesays.com\/es\/wp-content\/uploads\/2025\/11\/CARLOS-OTWhatsApp-Image-2025-10-30-at-19.42.20.jpeg\" alt=\"\" class=\"wp-image-1090352\"  \/>Carlos de los Reyes junto a su abuela, Honesta \/ Foto: Cedida por Carlos de los Reyes<\/p>\n<p><strong>El paso por Operaci\u00f3n Triunfo de Carlos<\/strong><\/p>\n<p>Sobre su paso por Operaci\u00f3n Triunfo, Carlos traslada a El Digital de Albacete que \u201cdentro de la Academia me lo he pasado muy bien, tengo que decir que la primera semana estaba m\u00e1s observador, pero cuando encontr\u00e9 esa afinidad realmente me solt\u00e9, aunque quiz\u00e1 lo hice un pel\u00edn pillado de tiempo\u201d, asegura, y sostiene que \u201chay muchas partes que no han salido porque somos muchas personas, recuerdo un momento bailando con Cristina, que me llev\u00e9 mis casta\u00f1uelas y mi pandereta tambi\u00e9n a la Academia\u201d.<\/p>\n<p><img loading=\"lazy\" decoding=\"async\" width=\"1200\" height=\"1424\" src=\"https:\/\/www.europesays.com\/es\/wp-content\/uploads\/2025\/11\/CARLOS-0T1.jpg\" alt=\"\" class=\"wp-image-1078893\"  \/>Carlos y Laura \/ Foto: OT en Instagram @ operaciontriunfo<\/p>\n<p>Lo cierto es que OT hace amistades \u00fanicas. En el caso de Carlos, ha establecido fuertes v\u00ednculos con algunos compa\u00f1eros como \u201cCristina, Judit y Laura, que han sido mis pilares\u201d, asegura, y manifiesta que \u201cal final es inevitable tener m\u00e1s afinidad con algunas personas\u201d. Y precisamente este pr\u00f3ximo lunes, Laura Mu\u00f1oz se enfrenta a la nominaci\u00f3n con Olivia, lo que siempre supone un momento duro para los concursantes. Adem\u00e1s, cabe destacar que cuando el jurado propone para nominaci\u00f3n a los triunfitos, los propios compa\u00f1eros tienen la opci\u00f3n de salvar a uno a trav\u00e9s de su voto en las pizarras. Un momento complicado tambi\u00e9n para ellos. \u201cA veces tienes el dilema y no sabes a quien salvar, te encuentras entre tu amigo del alma, el que mejor lo ha hecho y el que m\u00e1s lo merezca\u201d, explica el artista de Albacete.<\/p>\n<blockquote class=\"instagram-media\" data-instgrm-captioned=\"\" data-instgrm-permalink=\"https:\/\/www.instagram.com\/reel\/DPwz3g0gOEW\/?utm_source=ig_embed&amp;utm_campaign=loading\" data-instgrm-version=\"14\" style=\"background:#FFF;border:0;border-radius:3px;margin: 1px;max-width:540px;min-width:326px;padding:0;width:99.375%;width:-webkit-calc(100% - 2px);width:calc(100% - 2px)\"\/>\n<p><strong>Voz, danza y mucho folclore en Albacete de la mano de Carlos de Operaci\u00f3n Triunfo<\/strong><\/p>\n<p>Carlos de los Reyes es un artista multidisciplinar, y as\u00ed lo avala su amplia formaci\u00f3n en danza. As\u00ed, Carlos complement\u00f3 los Estudios Elementales de Danza \u201ccon el Profesional y realic\u00e9 el Grado Superior de Danza en Madrid\u201d, manifiesta, y se\u00f1ala que en su etapa en la capital, aprovechaba para desplazarse a \u201cOssa de Montiel que est\u00e1 a poco m\u00e1s de 2 horas\u201d.<\/p>\n<p><img loading=\"lazy\" decoding=\"async\" width=\"1200\" height=\"1832\" src=\"https:\/\/www.europesays.com\/es\/wp-content\/uploads\/2025\/11\/CARLOS-OTWhatsApp-Image-2025-10-30-at-19.38.45.jpeg\" alt=\"\" class=\"wp-image-1090351\"  \/>Carlos de los Reyes junto a su abuela, Honesta \/ Foto: Cedida por Carlos de los Reyes<\/p>\n<p>Una cercan\u00eda que le permit\u00eda aprender sobre ese folclore del que el artista es un apasionado. Una oportunidad para \u201cempaparme del folclore manchego, porque desde Mallorca lo hac\u00eda viendo v\u00eddeos\u201d y disfrutar de grupos emblem\u00e1ticos de Albacete, como \u201cla Abuela Santa Ana que aprovechaba para ir a verlos porque son un grupo espectacular\u201d. Sobre este ic\u00f3nico grupo de folclore, embajador de las ra\u00edces albacete\u00f1as, Carlos explica que \u201ceste verano tuve la oportunidad de hacer un homenaje en Ossa de Montiel a mi abuela, que falleci\u00f3 en marzo, y que ha sido siempre del grupo de Jotas de la Ossa, pude invitar a algunos integrantes del grupo de la Abuela Santa Ana y estuvimos bailando en el porche de mi abuela\u201d. Sin duda, un homenaje muy especial lleno de m\u00fasica y folclore. \u201cMi abuela ha sido quien me ha inculcado el folclore de La Mancha\u201d, asegura, y manifiesta que \u201cera de las que cantaba villancicos, pero de los tradicionales\u201d, de esos que no todo el mundo conoce y son se\u00f1a de identidad de Albacete y su provincia.<\/p>\n<p><strong>Un single con \u201cra\u00edz\u201d<\/strong><\/p>\n<p>Tras su salida de Operaci\u00f3n Triunfo, comienza una nueva etapa en la carrera y trayectoria art\u00edstica de Carlos de los Reyes, que adelanta a El Digital de Albacete que \u201cya estoy trabajando en mi primer single que voy a lanzar\u201d, y asegura que, como no podr\u00eda ser de otra manera, \u201ctiene ra\u00edz\u201d. Un proyecto que empieza a perfilarse, aunque todav\u00eda queda trabajo por delante. \u201cUn artista nunca se termina de definir, sino que va por lo que vive en el momento, por sus vivencias y pasiones\u201d, indica, y se\u00f1ala que le encantar\u00eda colaborar con artistas como \u201cRozal\u00e9n, Juanjo Bona o Rodrigo Cuevas\u201d.<\/p>\n<p>Eso s\u00ed, justo antes de arrancar con este nuevo proyecto que tiene al artista ilusionado, Albacete se volc\u00f3 con \u00e9l para evitar que saliese de la Academia tras su nominaci\u00f3n junto a Laura en la Gala 4. Una situaci\u00f3n que hizo que sus fans de <a href=\"https:\/\/www.eldigitaldealbacete.com\/2025\/10\/09\/albacete-se-vuelca-para-salvar-a-carlos-concursante-de-operacion-triunfo-nuestro-talento-albaceteno-necesita-tu-voto\/\" rel=\"nofollow noopener\" target=\"_blank\">Albacete<\/a> colocasen carteles por diferentes puntos de la ciudad pidiendo el voto para Carlos, tal y como les contamos desde El Digital de Albacete. \u201cLo vi\u201d, confirma Carlos entre risas, y asegura que la autor\u00eda de esta campa\u00f1a vino de la mano de \u201cmis amigos de Ossa de Montiel, que viven algunos en Albacete. Me hizo mucha gracia porque no me lo imaginaba\u201d, manifiesta. En la misma l\u00ednea, se\u00f1ala que \u201cme conmueve tambi\u00e9n y me hace pensar en ese apoyo incondicional de la gente que te quiere\u201d.<\/p>\n<blockquote class=\"instagram-media\" data-instgrm-captioned=\"\" data-instgrm-permalink=\"https:\/\/www.instagram.com\/reel\/DPw8GnPgBJZ\/?utm_source=ig_embed&amp;utm_campaign=loading\" data-instgrm-version=\"14\" style=\"background:#FFF;border:0;border-radius:3px;margin: 1px;max-width:540px;min-width:326px;padding:0;width:99.375%;width:-webkit-calc(100% - 2px);width:calc(100% - 2px)\"\/>\n<p>Lo cierto es que Carlos de los Reyes se ha ganado el cari\u00f1o del p\u00fablico con su voz, su presencia esc\u00e9nica y su bondad. Tras su paso por Operaci\u00f3n Triunfo, a Carlos le espera un gran futuro en su faceta art\u00edstica, que promete llevar el folclore de sus dos tierras, tanto Mallorca como Albacete, por bandera.<\/p>\n<p>\t\t<script async src=\"\/\/www.instagram.com\/embed.js\"><\/script><\/p>\n","protected":false},"excerpt":{"rendered":"Carlos de los Reyes conquist\u00f3 el plat\u00f3 de Operaci\u00f3n Triunfo 2025 con el tema \u2018Volar\u2019, logrando pasar directamente&hellip;\n","protected":false},"author":2,"featured_media":215028,"comment_status":"","ping_status":"","sticky":false,"template":"","format":"standard","meta":{"footnotes":""},"categories":[171],"tags":[2545,146,147,25,24,10,338,23,214],"class_list":{"0":"post-215027","1":"post","2":"type-post","3":"status-publish","4":"format-standard","5":"has-post-thumbnail","7":"category-tv","8":"tag-albacete","9":"tag-entertainment","10":"tag-entretenimiento","11":"tag-es","12":"tag-espana","13":"tag-noticias","14":"tag-portada","15":"tag-spain","16":"tag-tv"},"share_on_mastodon":{"url":"https:\/\/pubeurope.com\/@es\/115482059565114796","error":""},"_links":{"self":[{"href":"https:\/\/www.europesays.com\/es\/wp-json\/wp\/v2\/posts\/215027","targetHints":{"allow":["GET"]}}],"collection":[{"href":"https:\/\/www.europesays.com\/es\/wp-json\/wp\/v2\/posts"}],"about":[{"href":"https:\/\/www.europesays.com\/es\/wp-json\/wp\/v2\/types\/post"}],"author":[{"embeddable":true,"href":"https:\/\/www.europesays.com\/es\/wp-json\/wp\/v2\/users\/2"}],"replies":[{"embeddable":true,"href":"https:\/\/www.europesays.com\/es\/wp-json\/wp\/v2\/comments?post=215027"}],"version-history":[{"count":0,"href":"https:\/\/www.europesays.com\/es\/wp-json\/wp\/v2\/posts\/215027\/revisions"}],"wp:featuredmedia":[{"embeddable":true,"href":"https:\/\/www.europesays.com\/es\/wp-json\/wp\/v2\/media\/215028"}],"wp:attachment":[{"href":"https:\/\/www.europesays.com\/es\/wp-json\/wp\/v2\/media?parent=215027"}],"wp:term":[{"taxonomy":"category","embeddable":true,"href":"https:\/\/www.europesays.com\/es\/wp-json\/wp\/v2\/categories?post=215027"},{"taxonomy":"post_tag","embeddable":true,"href":"https:\/\/www.europesays.com\/es\/wp-json\/wp\/v2\/tags?post=215027"}],"curies":[{"name":"wp","href":"https:\/\/api.w.org\/{rel}","templated":true}]}}