{"id":215041,"date":"2025-11-02T20:51:09","date_gmt":"2025-11-02T20:51:09","guid":{"rendered":"https:\/\/www.europesays.com\/es\/215041\/"},"modified":"2025-11-02T20:51:09","modified_gmt":"2025-11-02T20:51:09","slug":"amazon-plantea-un-ere-en-espana-para-1200-trabajadores-de-sus-oficinas-en-madrid-y-barcelona","status":"publish","type":"post","link":"https:\/\/www.europesays.com\/es\/215041\/","title":{"rendered":"Amazon plantea un ERE en Espa\u00f1a para 1200 trabajadores de sus oficinas en Madrid y Barcelona"},"content":{"rendered":"<p>\n                                        <b>Por<\/b><br \/>\n                                        <br \/>Europa Press\n                                    <\/p>\n<p>\n                                    <b>Publicado el<\/b><br \/>\n                                    <\/p>\n<p>                                        2 de noviembre de 2025<\/p>\n<p class=\"article-content col-md-8 offset-md-1\">\n                                <a class=\"fnwAddLinks\" href=\"https:\/\/es.fashionnetwork.com\/tags-amazon\" title=\"Amazon\" rel=\"nofollow noopener\" target=\"_blank\">Amazon<\/a> ha puesto en marcha un proceso de despido colectivo, que afectar\u00eda a un m\u00e1ximo de 1200 trabajadores de sus oficinas corporativas\u00a0en Espa\u00f1a, seg\u00fan han informado a Europa Press fuentes conocedoras de este proceso.<\/p>\n<p><img decoding=\"async\" class=\"news-image\" style=\"width:100%;max-width:681px;\" src=\"https:\/\/www.europesays.com\/es\/wp-content\/uploads\/2025\/11\/912a.png\" alt=\"Amazon plantea un ERE en Espa\u00f1a para 1200 trabajadores de sus oficinas corporativas de Madrid y Barcelona\" loading=\"lazy\"\/>Amazon plantea un ERE en Espa\u00f1a para 1200 trabajadores de sus oficinas corporativas de Madrid y Barcelona &#8211; Reuters &#8211; Damien Eagers<\/p>\n<p class=\"col-md-8 offset-md-1 article-content--texte\">En concreto, la multinacional estadounidense, que ha anunciado esta\u00a0semana a nivel global un ajuste que afectar\u00e1 a 14 000 efectivos de su plantilla corporativa, ha abierto en Espa\u00f1a dos expedientes de reducci\u00f3n de\u00a0empleo (ERE) en las empresas Amazon Digital Spain, cuyas oficinas se ubican en Madrid, y Amazon Spain Services, localizada en Barcelona.<\/p>\n<p>De esta forma, los afectados de este ajuste de plantilla ser\u00e1n solo empleados de las oficinas corporativas de Madrid y Barcelona y esta\u00a0medida, seg\u00fan informan las mismas fuentes, no tendr\u00eda impacto en las operaciones de la multinacional a nivel nacional ni en otras ciudades espa\u00f1olas. Amazon Espa\u00f1a cuenta con un total de 28 000 trabajadores.<\/p>\n<p class=\"col-md-8 offset-md-1 article-content--texte\"><a class=\"fnwAddLinks\" href=\"https:\/\/es.fashionnetwork.com\/tags-hay\" title=\"Hay\" rel=\"nofollow noopener\" target=\"_blank\">Hay<\/a> que recordar que Amazon anunci\u00f3 el pasado martes una reducci\u00f3n de aproximadamente 14 000 efectivos de su plantilla corporativa, aquellos\u00a0trabajadores que desempe\u00f1an labores administrativas y de oficina, una cifra inferior a la apuntada este lunes en varios medios, que elevaban hasta unos 30 000 los puestos afectados.<\/p>\n<p>La plantilla global de Amazon se estima en alrededor de 1,5 millones de personas, de los que unos 350 000 desempe\u00f1an labores corporativas.<\/p>\n<p>Esta medida, comunicada por Beth Galetti, vicepresidenta senior de Experiencia de Personas y Tecnolog\u00eda en Amazon, pretende mantener una\u00a0estructura \u00e1gil y adecuada, reduciendo la burocracia, eliminando capas y redireccionando recursos para garantizar la inversi\u00f3n en grandes apuestas\u00a0de la empresa para responder a las necesidades actuales y futuras de los clientes.<\/p>\n<p>Amazpn asegur\u00f3 que tratar\u00e1 de dar apoyo a los afectados, brindando un\u00a0plazo de 90 d\u00edas para buscar un nuevo puesto internamente y dando prioridad a los candidatos internos para ayudar al mayor n\u00famero posible de personas a encontrar nuevos puestos en la propia Amazon.<\/p>\n<p>Un anuncio de recorte de plantilla a nivel global que llega tras la presentaci\u00f3n de resultados del tercer trimestre, donde Amazon logr\u00f3 un\u00a0beneficio neto de 21 187 millones de d\u00f3lares (18 213 millones de euros), lo que representa una mejora del 38,2 % respecto del resultado anotado por la\u00a0multinacional entre julio y septiembre del a\u00f1o pasado.<\/p>\n<p>La cifra de negocio en el trimestre alcanz\u00f3 los 180 169 millones de d\u00f3lares\u00a0(154 879 millones de euros), un 13,4 % m\u00e1s que en el mismo periodo del a\u00f1o pasado, con un crecimiento del 9,6 % de las ventas de productos, hasta\u00a074 058 millones de d\u00f3lares (63 663 millones de euros), y del 16,3 % de la comercializaci\u00f3n de servicios, hasta 106 111 millones de d\u00f3lares (91 216 millones de euros).<br \/>\u00a0\n                            <\/p>\n<p>\n                                Copyright \u00a9 2025 <a href=\"http:\/\/www.europapress.es\/\" rel=\"nofollow noopener\" target=\"_blank\">Europa Press<\/a>. Est\u00e1 expresamente prohibida la redistribuci\u00f3n y la redifusi\u00f3n de todo o parte de los contenidos de esta web sin su previo y expreso consentimiento.\n                            <\/p>\n","protected":false},"excerpt":{"rendered":"Por Europa Press Publicado el 2 de noviembre de 2025 Amazon ha puesto en marcha un proceso de&hellip;\n","protected":false},"author":2,"featured_media":215042,"comment_status":"","ping_status":"","sticky":false,"template":"","format":"standard","meta":{"footnotes":""},"categories":[80],"tags":[912,3451,82,95,94,5509,25,24,1634,1531,1023,22595,16600,35618,23,3902],"class_list":{"0":"post-215041","1":"post","2":"type-post","3":"status-publish","4":"format-standard","5":"has-post-thumbnail","7":"category-economia","8":"tag-amazon","9":"tag-belleza","10":"tag-business","11":"tag-economia","12":"tag-economy","13":"tag-empleo","14":"tag-es","15":"tag-espana","16":"tag-hay","17":"tag-lujo","18":"tag-moda","19":"tag-perfume","20":"tag-profesionales","21":"tag-red-de-contactos","22":"tag-spain","23":"tag-textil"},"share_on_mastodon":{"url":"https:\/\/pubeurope.com\/@es\/115482085970689507","error":""},"_links":{"self":[{"href":"https:\/\/www.europesays.com\/es\/wp-json\/wp\/v2\/posts\/215041","targetHints":{"allow":["GET"]}}],"collection":[{"href":"https:\/\/www.europesays.com\/es\/wp-json\/wp\/v2\/posts"}],"about":[{"href":"https:\/\/www.europesays.com\/es\/wp-json\/wp\/v2\/types\/post"}],"author":[{"embeddable":true,"href":"https:\/\/www.europesays.com\/es\/wp-json\/wp\/v2\/users\/2"}],"replies":[{"embeddable":true,"href":"https:\/\/www.europesays.com\/es\/wp-json\/wp\/v2\/comments?post=215041"}],"version-history":[{"count":0,"href":"https:\/\/www.europesays.com\/es\/wp-json\/wp\/v2\/posts\/215041\/revisions"}],"wp:featuredmedia":[{"embeddable":true,"href":"https:\/\/www.europesays.com\/es\/wp-json\/wp\/v2\/media\/215042"}],"wp:attachment":[{"href":"https:\/\/www.europesays.com\/es\/wp-json\/wp\/v2\/media?parent=215041"}],"wp:term":[{"taxonomy":"category","embeddable":true,"href":"https:\/\/www.europesays.com\/es\/wp-json\/wp\/v2\/categories?post=215041"},{"taxonomy":"post_tag","embeddable":true,"href":"https:\/\/www.europesays.com\/es\/wp-json\/wp\/v2\/tags?post=215041"}],"curies":[{"name":"wp","href":"https:\/\/api.w.org\/{rel}","templated":true}]}}