{"id":215051,"date":"2025-11-02T21:00:14","date_gmt":"2025-11-02T21:00:14","guid":{"rendered":"https:\/\/www.europesays.com\/es\/215051\/"},"modified":"2025-11-02T21:00:14","modified_gmt":"2025-11-02T21:00:14","slug":"rescatan-a-un-ciclista-de-70-anos-lesionado-en-una-zona-de-dificil-acceso-del-bierzo","status":"publish","type":"post","link":"https:\/\/www.europesays.com\/es\/215051\/","title":{"rendered":"Rescatan a un ciclista de 70 a\u00f1os lesionado en una zona de dif\u00edcil acceso del Bierzo"},"content":{"rendered":"<p><a class=\"v-mdl-ath__fig-a\" href=\"https:\/\/www.elbierzonoticias.com\/autor\/leonoticias-2282.html\" title=\"Leonoticias\" rel=\"nofollow noopener\" target=\"_blank\"><br \/>\n<img decoding=\"async\" class=\"v-mdl-ath__img\" src=\"https:\/\/www.europesays.com\/es\/wp-content\/uploads\/2025\/07\/autor-2282-foto-1.jpeg\" alt=\"Leonoticias\"\/><br \/>\n<\/a><\/p>\n<p class=\"v-mdl-ath__p v-mdl-ath__p--6\">\nDomingo, 2 de noviembre 2025, 18:18<\/p>\n<p class=\"v-p\">Rescatan a un ciclista de 70 a\u00f1os herido tras lesionarse mientras realizaba un recorrido por una cantera de Toral de los Vados. El Centro Coordinador de Emergencias ha dirigido el rescate que comenz\u00f3 al recibirse una llamada en la sala de operaciones del 112 de Castilla y Le\u00f3n a las 14:24 horas informando de la ca\u00edda de un ciclista en un camino de dif\u00edcil acceso que sale desde la cantera de Toral de los Vados. Seg\u00fan indica el alertante, el herido, de 70 a\u00f1os, se ha lesionado la clav\u00edcula y no puede continuar por sus propios medios.<\/p>\n<p><img decoding=\"async\" loading=\"lazy\" src=\"https:\/\/www.europesays.com\/es\/wp-content\/uploads\/2025\/11\/ciclista2-kxjD-U24093942361jl-650x455@Leonoticias.jpg\" class=\"v-a-img\" width=\"650\" height=\"455\" alt=\"Rescate desde el helic\u00f3ptero.\" data-voc-vtm-id=\"in-text-traffic\"\/><\/p>\n<p>Rescate desde el helic\u00f3ptero.<\/p>\n<p><img loading=\"lazy\" decoding=\"async\" src=\"https:\/\/www.europesays.com\/es\/wp-content\/uploads\/2025\/11\/ciclista2-kxjD-U24093942361MBC-1920x1344@Leonoticias.jpg\" class=\"v-mdl__img-z\" width=\"1920\" height=\"1344\" alt=\"\"\/><\/p>\n<p class=\"v-p\">El gestor del 112 realiza inmediatamente una multiconferencia con Emergencias Sanitarias -Sacyl-, que se encarga de realizar una primera valoraci\u00f3n e indica al alertante lo que debe hacer hasta que lleguen los servicios de emergencia, y con el Centro Coordinador de Emergencias, que se encarga de coordinar el incidente localizando la ubicaci\u00f3n exacta de la v\u00edctima y movilizando el helic\u00f3ptero de rescate de la Junta de Castilla y Le\u00f3n con dos rescatadores, una de ellas enfermera, que se encuentra adem\u00e1s pr\u00f3ximo a la zona.<\/p>\n<p>Un rescate complicado y con maniobras<\/p>\n<p class=\"v-p\">Adem\u00e1s, desde el 1-1-2 se da aviso del incidente a la polic\u00eda local de Toral de los Vados y a la Guardia Civil (COS) de Le\u00f3n.<\/p>\n<p class=\"v-p\">Al llegar, los rescatadores acceden a la zona en gr\u00faa simple. En el lugar, la rescatadora enfermera le realiza unas primeras curas y le inmoviliza el hombro izquierdo. A continuaci\u00f3n, es izado hasta el helic\u00f3ptero en gr\u00faa doble con tri\u00e1ngulo de evacuaci\u00f3n acompa\u00f1ado por la rescatadora enfermera y trasladado hasta el Hospital de El Bierzo, el punto de traspaso pactado entre el t\u00e9cnico del Centro Coordinador de Emergencias y Emergencias Sanitarias -Sacyl-.<\/p>\n<p>Reporta un error<\/p>\n","protected":false},"excerpt":{"rendered":"Domingo, 2 de noviembre 2025, 18:18 Rescatan a un ciclista de 70 a\u00f1os herido tras lesionarse mientras realizaba&hellip;\n","protected":false},"author":2,"featured_media":215052,"comment_status":"","ping_status":"","sticky":false,"template":"","format":"standard","meta":{"footnotes":""},"categories":[273],"tags":[1666,988,24264,313,1757,312,168,861,25,24,14498,50342,23,167,6420],"class_list":{"0":"post-215051","1":"post","2":"type-post","3":"status-publish","4":"format-standard","5":"has-post-thumbnail","7":"category-ciclismo","8":"tag-acceso","9":"tag-anos","10":"tag-bierzo","11":"tag-ciclismo","12":"tag-ciclista","13":"tag-cycling","14":"tag-deportes","15":"tag-dificil","16":"tag-es","17":"tag-espana","18":"tag-lesionado","19":"tag-rescatan","20":"tag-spain","21":"tag-sports","22":"tag-zona"},"share_on_mastodon":{"url":"https:\/\/pubeurope.com\/@es\/115482121504511826","error":""},"_links":{"self":[{"href":"https:\/\/www.europesays.com\/es\/wp-json\/wp\/v2\/posts\/215051","targetHints":{"allow":["GET"]}}],"collection":[{"href":"https:\/\/www.europesays.com\/es\/wp-json\/wp\/v2\/posts"}],"about":[{"href":"https:\/\/www.europesays.com\/es\/wp-json\/wp\/v2\/types\/post"}],"author":[{"embeddable":true,"href":"https:\/\/www.europesays.com\/es\/wp-json\/wp\/v2\/users\/2"}],"replies":[{"embeddable":true,"href":"https:\/\/www.europesays.com\/es\/wp-json\/wp\/v2\/comments?post=215051"}],"version-history":[{"count":0,"href":"https:\/\/www.europesays.com\/es\/wp-json\/wp\/v2\/posts\/215051\/revisions"}],"wp:featuredmedia":[{"embeddable":true,"href":"https:\/\/www.europesays.com\/es\/wp-json\/wp\/v2\/media\/215052"}],"wp:attachment":[{"href":"https:\/\/www.europesays.com\/es\/wp-json\/wp\/v2\/media?parent=215051"}],"wp:term":[{"taxonomy":"category","embeddable":true,"href":"https:\/\/www.europesays.com\/es\/wp-json\/wp\/v2\/categories?post=215051"},{"taxonomy":"post_tag","embeddable":true,"href":"https:\/\/www.europesays.com\/es\/wp-json\/wp\/v2\/tags?post=215051"}],"curies":[{"name":"wp","href":"https:\/\/api.w.org\/{rel}","templated":true}]}}