{"id":215066,"date":"2025-11-02T21:11:11","date_gmt":"2025-11-02T21:11:11","guid":{"rendered":"https:\/\/www.europesays.com\/es\/215066\/"},"modified":"2025-11-02T21:11:11","modified_gmt":"2025-11-02T21:11:11","slug":"el-talavera-cae-en-madrid-en-la-recta-final-de-un-partido-con-la-igualdad-por-bandera","status":"publish","type":"post","link":"https:\/\/www.europesays.com\/es\/215066\/","title":{"rendered":"El Talavera cae en Madrid en la recta final de un partido con la igualdad por bandera"},"content":{"rendered":"<p style=\"\">No pudo ser. El CF Talavera perdi\u00f3 en la tarde de este domingo de difuntos por 1-0 en su visita al Real Madrid Castilla tras la disputa de un <strong>partido que tuvo poco f\u00fatbol ofensivo<\/strong> por parte de ambas escuadras. Es cierto que  &#8230; la joven escuadra merengue estuvo m\u00e1s cerca del gol que los cer\u00e1micos, pero la diana decisiva lleg\u00f3 en la recta final del encuentro. <\/p>\n<p class=\"voc-p\" style=\"\">Tras esta derrota en la Ciudad Deportiva de Valdebebas el <strong>CF Talavera queda anclado en la zona peligrosa de la clasificaci\u00f3n<\/strong>, a un solo punto por encima de los puestos de descenso y, todo ello, en v\u00edsperas de su pr\u00f3ximo partido de campeonato que ser\u00e1 la visita del s\u00e1bado al filial del Celta de Vigo. <\/p>\n<p class=\"voc-p\" style=\"\">En la primera mitad del encuentro, <strong>el CF Talavera asust\u00f3 a su rival en el minuto 25 con una doble opci\u00f3n para marcar<\/strong> a cargo de Di Renzo y Marcos Moreno, pero la jugada qued\u00f3 en aguas de borrajas. Por su parte del equipo que dirige \u00c1lvaro Arbeloa, tercero ahora en la tabla, no encontr\u00f3 manera de romper el sistema defensivo de los talaveranos. <\/p>\n<p class=\"voc-p\" style=\"\">Tras el paso por vestuarios, <strong>Jaime Gonz\u00e1lez salv\u00f3 el 1-0 en el minuto 56 al desviar un gran disparo de Jim\u00e9nez.<\/strong> A partir de esta jugada, el Talavera repleg\u00f3 filas y solo se vio asustado en un desv\u00edo de Di Renzo hacia su propia porter\u00eda que acab\u00f3 con el bal\u00f3n en un poste de la porter\u00eda defendida por Jaime Gonz\u00e1lez. <\/p>\n<p class=\"voc-p\" style=\"\">Llegado el partido ya al minuto 83, y tras un saque de esquina, <strong>Joan Mart\u00ednez remat\u00f3 de cabeza de forma espl\u00e9ndida y aloj\u00f3 el esf\u00e9rico en la red<\/strong> talaverana. Sin embargo, pudo empatar el equipo cer\u00e1mico tres minutos m\u00e1s tarde por medio del ariete argentino Di Renzo, pero se top\u00f3 con una <strong>acertada intervenci\u00f3n del meta Fran Gonz\u00e1lez.<\/strong><\/p>\n<p>\nFicha t\u00e9cnica del encuentro\n<\/p>\n<p class=\"voc-p\" style=\"\"><strong>Real Madrid Castilla:<\/strong> Fran Gonz\u00e1lez; Jim\u00e9nez, Joan Mart\u00ednez, Valdepe\u00f1as, Serrano (Aguado, m. 68); Cestero, Manu \u00c1ngel (Perea, m. 88), Thiago (Mesonero, m. 68), Y\u00e1\u00f1ez (Leiva, m. 68); Palacios (Iglesias Lois, m. 88) y Loren Z\u00fa\u00f1iga <\/p>\n<p class=\"voc-p\" style=\"\"><strong>CF Talavera:<\/strong> Jaime Gonz\u00e1lez; Bilal (Isaiah, m. 83), \u00c1lvaro L\u00f3pez, Sergi Molina, \u00c1lex Roig (\u00c1lex Roig, m. 83); Valen (Fran Rodr\u00edguez, m. 60), Pedro Cap\u00f3 (Montero, m. 83), Pitu Doncel, Luis S\u00e1nchez; Di Renzo y Marcos Moreno (Edu Gallardo, m. 60). <\/p>\n<p class=\"voc-p\" style=\"\"><strong>\u00c1rbitro:<\/strong> Jos\u00e9 Alberto Pardeiro. Comit\u00e9 c\u00e1ntabro. Amarilla a los locales Palacios y Perea. Por parte visitante, a Di Renzo, Edu Gallardo y Seri Molina. <\/p>\n<p class=\"voc-p\" style=\"\"><strong>Gol:<\/strong> 1-0, m. 83: Joan Mart\u00ednez<\/p>\n<p class=\"voc-p\" style=\"\"><strong>Incidencias:<\/strong> Partido de la d\u00e9cima jornada del Grupo I de la Primera RFEF disputado en horario de tarde en el \u00abAlfredo Di St\u00e9fano \u00bb de la Ciudad Deportiva de Valdebebas ante 6.205 espectadores (cifra oficial). Antes del inicio del partido se guard\u00f3 un minuto de silencio en memoria de Jos\u00e9 Manuel Ochotorena, quien fuera portero del Real Madrid, entre otros equipos, y que falleci\u00f3 el pasado 26 de octubre. El CF Talavera visti\u00f3 con camiseta rosa y pantal\u00f3n negro.<\/p>\n","protected":false},"excerpt":{"rendered":"No pudo ser. El CF Talavera perdi\u00f3 en la tarde de este domingo de difuntos por 1-0 en&hellip;\n","protected":false},"author":2,"featured_media":215067,"comment_status":"","ping_status":"","sticky":false,"template":"","format":"standard","meta":{"footnotes":""},"categories":[93],"tags":[13281,10722,168,25,24,1058,2178,205,1045,19892,23,167,33342],"class_list":{"0":"post-215066","1":"post","2":"type-post","3":"status-publish","4":"format-standard","5":"has-post-thumbnail","7":"category-deportes","8":"tag-bandera","9":"tag-cae","10":"tag-deportes","11":"tag-es","12":"tag-espana","13":"tag-final","14":"tag-igualdad","15":"tag-madrid","16":"tag-partido","17":"tag-recta","18":"tag-spain","19":"tag-sports","20":"tag-talavera"},"share_on_mastodon":{"url":"https:\/\/pubeurope.com\/@es\/115482164354547498","error":""},"_links":{"self":[{"href":"https:\/\/www.europesays.com\/es\/wp-json\/wp\/v2\/posts\/215066","targetHints":{"allow":["GET"]}}],"collection":[{"href":"https:\/\/www.europesays.com\/es\/wp-json\/wp\/v2\/posts"}],"about":[{"href":"https:\/\/www.europesays.com\/es\/wp-json\/wp\/v2\/types\/post"}],"author":[{"embeddable":true,"href":"https:\/\/www.europesays.com\/es\/wp-json\/wp\/v2\/users\/2"}],"replies":[{"embeddable":true,"href":"https:\/\/www.europesays.com\/es\/wp-json\/wp\/v2\/comments?post=215066"}],"version-history":[{"count":0,"href":"https:\/\/www.europesays.com\/es\/wp-json\/wp\/v2\/posts\/215066\/revisions"}],"wp:featuredmedia":[{"embeddable":true,"href":"https:\/\/www.europesays.com\/es\/wp-json\/wp\/v2\/media\/215067"}],"wp:attachment":[{"href":"https:\/\/www.europesays.com\/es\/wp-json\/wp\/v2\/media?parent=215066"}],"wp:term":[{"taxonomy":"category","embeddable":true,"href":"https:\/\/www.europesays.com\/es\/wp-json\/wp\/v2\/categories?post=215066"},{"taxonomy":"post_tag","embeddable":true,"href":"https:\/\/www.europesays.com\/es\/wp-json\/wp\/v2\/tags?post=215066"}],"curies":[{"name":"wp","href":"https:\/\/api.w.org\/{rel}","templated":true}]}}