{"id":21507,"date":"2025-08-02T22:23:08","date_gmt":"2025-08-02T22:23:08","guid":{"rendered":"https:\/\/www.europesays.com\/es\/21507\/"},"modified":"2025-08-02T22:23:08","modified_gmt":"2025-08-02T22:23:08","slug":"el-bipartidismo-tensa-felizmente-el-toreo","status":"publish","type":"post","link":"https:\/\/www.europesays.com\/es\/21507\/","title":{"rendered":"El bipartidismo tensa (felizmente) el toreo"},"content":{"rendered":"<p>Los \u00faltimos d\u00edas ha saltado a la primera l\u00ednea de la actualidad una esperanzadora competencia directa entre Morante y Roca Rey, dos conceptos de <a href=\"https:\/\/www.lasprovincias.es\/culturas\/pena-julio-toros-valencia-20250726132110-nt.html\" title=\"www.lasprovincias.es\" data-voc-vtm-id=\"in-text-traffic\" data-mrf-link=\"www.lasprovincias.es\" rel=\"nofollow noopener\" target=\"_blank\">toreo <\/a> &#8230; antag\u00f3nicos que re\u00fanen todas las condiciones para fomentar las bander\u00edas y con ellas la pasi\u00f3n de los m\u00e1s aficionados y la necesaria curiosidad de los p\u00fablicos. Todo un regalo de los cielos.<\/p>\n<p class=\"v-p\">Los dos espadas son capaces de crear las emociones m\u00e1s fuertes y qu\u00e9 si no es la esencia del buen toreo. La juventud, tan necesaria para el resurgir de la tauromaquia, va claramente con el peruano; los puristas con el sevillano. Cada uno en su palo lo tiene todo: la creatividad y el sentimiento cl\u00e1sico es cosa de Morante y la explosividad de Roca, ambos resumen el clasicismo m\u00e1s depurado frente a la modernidad m\u00e1s rampante, son el cante jondo y el rock si me permiten el paralelismo.<\/p>\n<p class=\"v-p\">El encuentro o el desencuentro de ambos en estos d\u00edas, depende de c\u00f3mo se quiera analizar, nos lleva a una coyuntura excepcional que no se debe desaprovechar. Con menos le\u00f1a ardieron las grandes hogueras del toreo. Cabr\u00eda pensar que el pulso hubiese dado m\u00e1s juego si hubiese pillado a Morante con menos a\u00f1os, pero no debe ser as\u00ed porque ni el propio Morante en su plenitud veintea\u00f1era tuvo la consistencia y la ambici\u00f3n que muestra actualmente cuando se acerca a los cincuenta. Y otro tanto cabr\u00eda decir de su creatividad y su talento para poner en escena los valores m\u00e1s s\u00f3lidos del toreo de siempre.<\/p>\n<p><a class=\"v-a-link\" href=\"https:\/\/www.lasprovincias.es\/valencia-ciudad\/fotos-avanzan-obras-reforma-plaza-toros-valencia-20250709003036-ga.html\" data-voc-vtm-id=\"in-text-traffic\" title=\"\" aria-label=\"Imagen\" rel=\"nofollow noopener\" target=\"_blank\"><br \/>\n<img decoding=\"async\" loading=\"lazy\" src=\"https:\/\/www.europesays.com\/es\/wp-content\/uploads\/2025\/08\/1498642599.jpg\" class=\"v-a-img\" width=\"258\" height=\"180\" alt=\"\" data-voc-vtm-id=\"in-text-traffic\"\/><\/p>\n<p><\/a><\/p>\n<p class=\"v-p\">El caso\/choque llega en un momento clave, cuando la asistencia a las plazas tiene una l\u00ednea claramente ascendente y precisa de alicientes que reafirmen esa tendencia, y no parece que haya mejor est\u00edmulo para ello que la competencia directa entre dos figuras de las dimensiones de ambos. Los propios toreros y sus administraciones niegan diferencias con su oponente y reconocen su admiraci\u00f3n, l\u00f3gico, aceptarlo ser\u00eda comenzar a perder el pulso, y en esta historia tengan por seguro que nadie est\u00e1 dispuesto a perder.<\/p>\n<p class=\"v-p\">El desencadenante de la bronca ha sido la negativa de Roca a que Morante entrase en el cartel de su segunda tarde en Santander sustituyendo a Cayetano que estaba herido.<\/p>\n<p class=\"v-p\">Roca niega cualquier veto, argumenta que solo quiso respetar a los triunfadores (en este caso fue El Cid que la v\u00edspera hizo excelente faena a un Victorino) y recuerda que en lo que resta de temporada est\u00e1 anunciado con Morante en una docena de tardes. Nada que haya aplacado el alboroto ni siquiera entre los que reivindican la meritocracia que en esa feria se\u00f1alaba claramente a El Cid.<\/p>\n<p class=\"v-p\">Dos apreciaciones que conviene tener presentes en estos topetazos: la libertad de torear con quien se quiera (o interese m\u00e1s) no necesariamente se debe entender como veto y en cuanto pueden la practican todos sin excepci\u00f3n; a la vez que reconocer el haber sido vetado es poco menos que reconocer la inferioridad, cosa que ha tenido muy en cuenta Morante que no ha dicho esta queja es m\u00eda, aunque s\u00ed lo ha hecho correr el entorno del sevillano. Por otra parte, Roca est\u00e1 pagando el tributo que acompa\u00f1a sistem\u00e1ticamente a las figuras que llevan liderando el escalaf\u00f3n varios a\u00f1os, el desgaste del poder se suele decir, las consecuencias de un vicio tan nacional como el de aupar \u00eddolos e intentar seguidamente derribarlos y en ese sentido el peruano, cuyos triunfos han dejado de ser novedad, vive el momento m\u00e1s cr\u00edtico de esa presi\u00f3n; en el bando contrario, Morante genera un mayor sentimiento de protecci\u00f3n y m\u00e1s all\u00e1 de sus cualidades (seguramente, en su \u00faltima versi\u00f3n, sea el torero m\u00e1s deslumbrante de las \u00faltimas d\u00e9cadas) se beneficia del gusto por el elitismo y el postureo, el yo soy de Morante da puntos sin m\u00e1s requisitos en el carnet de buen aficionado. <\/p>\n<p class=\"v-p\">Hasta ahora, a la espera de que culmine en la arena, la batalla ha sido m\u00e1s medi\u00e1tica que real, pero muy apasionada por parte de los seguidores. Mientras Morante guarda silencio, Roca ha hecho reconocimiento p\u00fablico de su admiraci\u00f3n por el primero. Una situaci\u00f3n en la que de momento el inter\u00e9s y la expectaci\u00f3n est\u00e1 por encima de la acritud.<\/p>\n<p class=\"v-p\">Si sirve para espolearles en el ruedo y alimentar las pasiones de los aficionados, el toreo estar\u00e1 ante un gran hallazgo en un momento crucial. Ya se sabe que a plaza llena no hay Urtasun que pueda.<\/p>\n<p>Y 111 valientes m\u00e1s<\/p>\n<p class=\"v-p\">\nFelizmente el toreo no acaba con Morante y Roca. Ser\u00eda catastr\u00f3fico. Tras ellos se aprietan una serie de nombres que le dan consistencia a la pir\u00e1mide. Junto a los m\u00e1s veteranos, desde Manzanares y Talavante pasando por los Luque, Perera\u2026 capaces en una tarde de inspiraci\u00f3n de darles replica directa a los dos gallos del momento, aparecen nombres como Ortega y Aguado, dotados de cualidades para torear como los \u00e1ngeles aunque lejos (por ahora) de la continuidad y el nervio competitivo que exige el liderato y una pl\u00e9yade de j\u00f3venes con cuajo y ambici\u00f3n como Borja Jim\u00e9nez, Tom\u00e1s Rufo, Galv\u00e1n, Naval\u00f3n, Fortes, De Miranda o los m\u00e1s j\u00f3venes todav\u00eda como V\u00edctor Hern\u00e1ndez o el reci\u00e9n alternativado Marco P\u00e9rez, todos con condiciones para resistir y crecer en la tensi\u00f3n de las temporadas que ya se sabe que el triunfo no es cuesti\u00f3n de una tarde. Naturalmente que la lista no se acaba con ellos, entre los ciento once matadores de alternativa que ya han toreado esta temporada en las plazas espa\u00f1olas y francesas puede saltar en cualquier tarde \u00abel fen\u00f3meno\u00bb que les de r\u00e9plica. El toreo es un misterio en el que las profec\u00edas son apuestas directas al equivoco.\n<\/p>\n<p>El festival de todos los festivales<\/p>\n<p class=\"v-p\">\nMorante est\u00e1 organizando el festival de todos los festivales. Por la plaza, Madrid nada menos; por el motivo, levantarle un monumento al gran Anto\u00f1ete en la esplanada de su casa, las mism\u00edsimas Ventas; y por el cartel: Pablo Hermoso de Mendoza, Curro V\u00e1zquez, C\u00e9sar Rinc\u00f3n, Enrique Ponce, Julio Aparicio, el propio Morante de la Puebla y la novillera Olga Casado. El suceso est\u00e1 previsto para la ma\u00f1ana del 12 de octubre con la particularidad de que horas despu\u00e9s, en la misma plaza, Morante actuar\u00e1 en la corrida de toros que cierra la temporada madrile\u00f1a. Seg\u00fan todas previsiones se espera dos llenos totales que supondr\u00edan la presencia de 46.000 espectadores en una misma jornada en una misma plaza. \u00bfQui\u00e9n dijo crisis?&#8230;<\/p>\n","protected":false},"excerpt":{"rendered":"Los \u00faltimos d\u00edas ha saltado a la primera l\u00ednea de la actualidad una esperanzadora competencia directa entre Morante&hellip;\n","protected":false},"author":2,"featured_media":21508,"comment_status":"","ping_status":"","sticky":false,"template":"","format":"standard","meta":{"footnotes":""},"categories":[277],"tags":[12738,373,168,25,24,12739,23,167,3642,374],"class_list":{"0":"post-21507","1":"post","2":"type-post","3":"status-publish","4":"format-standard","5":"has-post-thumbnail","7":"category-toreo","8":"tag-bipartidismo","9":"tag-bullfighting","10":"tag-deportes","11":"tag-es","12":"tag-espana","13":"tag-felizmente","14":"tag-spain","15":"tag-sports","16":"tag-tensa","17":"tag-toreo"},"share_on_mastodon":{"url":"","error":""},"_links":{"self":[{"href":"https:\/\/www.europesays.com\/es\/wp-json\/wp\/v2\/posts\/21507","targetHints":{"allow":["GET"]}}],"collection":[{"href":"https:\/\/www.europesays.com\/es\/wp-json\/wp\/v2\/posts"}],"about":[{"href":"https:\/\/www.europesays.com\/es\/wp-json\/wp\/v2\/types\/post"}],"author":[{"embeddable":true,"href":"https:\/\/www.europesays.com\/es\/wp-json\/wp\/v2\/users\/2"}],"replies":[{"embeddable":true,"href":"https:\/\/www.europesays.com\/es\/wp-json\/wp\/v2\/comments?post=21507"}],"version-history":[{"count":0,"href":"https:\/\/www.europesays.com\/es\/wp-json\/wp\/v2\/posts\/21507\/revisions"}],"wp:featuredmedia":[{"embeddable":true,"href":"https:\/\/www.europesays.com\/es\/wp-json\/wp\/v2\/media\/21508"}],"wp:attachment":[{"href":"https:\/\/www.europesays.com\/es\/wp-json\/wp\/v2\/media?parent=21507"}],"wp:term":[{"taxonomy":"category","embeddable":true,"href":"https:\/\/www.europesays.com\/es\/wp-json\/wp\/v2\/categories?post=21507"},{"taxonomy":"post_tag","embeddable":true,"href":"https:\/\/www.europesays.com\/es\/wp-json\/wp\/v2\/tags?post=21507"}],"curies":[{"name":"wp","href":"https:\/\/api.w.org\/{rel}","templated":true}]}}