{"id":215087,"date":"2025-11-02T21:27:18","date_gmt":"2025-11-02T21:27:18","guid":{"rendered":"https:\/\/www.europesays.com\/es\/215087\/"},"modified":"2025-11-02T21:27:18","modified_gmt":"2025-11-02T21:27:18","slug":"el-real-jaen-suma-un-valioso-punto-en-el-campo-de-la-deportiva-minera","status":"publish","type":"post","link":"https:\/\/www.europesays.com\/es\/215087\/","title":{"rendered":"El Real Ja\u00e9n suma un valioso punto en el campo de la Deportiva Minera"},"content":{"rendered":"\n<p>Empezar el exigente mes de noviembre con un empate a domicilio es un buen resultado, m\u00e1xime cuando la Deportiva Minera es el mejor equipo como local del grupo cuarto y ha dise\u00f1ado un proyecto ambicioso para optar a a fase de ascenso. El Real Ja\u00e9n, hasta el momento, es un conjunto fiable que compite ante cualquier rival. Con sus virtudes y tambi\u00e9n carencias, los blancos cumplen el objetivo de estar con los mejores en una categor\u00eda exigente. \u00bfSabe a poco la igualada? Es un buen resultado despu\u00e9s del esfuerzo sin recompensa en la eliminatoria de la Copa del Rey con el desgaste a\u00f1adido por la lluvia ca\u00edda en un terreno de juego que termin\u00f3 pesado. Tambi\u00e9n sirve para mantener la din\u00e1mica positiva y llegar con buenas perspectivas al encuentro con el Linares Deportivo. Manuel Herrero refresc\u00f3 el equipo con la entrada desde el principio de jugadores que est\u00e1n llamados a aportar calidad y experiencia, como son Connor, Jes\u00fas del Amo, Jos\u00e9 \u00c1lvarez y Carlos Caballero. Cumplieron en un campo complicado con un terreno de juego dise\u00f1ado para el f\u00fatbol directo, las segundas jugadas y las acciones de estrategia. En este \u00faltimo apartado da facilidades el Real Ja\u00e9n, que no es un equipo alto, y la Deportiva Minera lo aprovech\u00f3 con el gol de Sebas Holgado. Los blancos hicieron lo m\u00e1s dif\u00edcil: ponerse por delante en el marcador con un gol de \u00d3scar Lozano al transformar un penalti cometido sobre Moha. El motrile\u00f1o cada vez est\u00e1 con mejores sensaciones y Manuel Herrero le da minutos de calidad con el Linares ya en el horizonte. Los que no rotaron fueron Mario Martos, sustituido en el minuto 60, y Agus Alonso que, ante la baja de Pablo Garc\u00eda, acumula demasiada carga en las dos \u00faltimas semanas. El Real Ja\u00e9n supo responder en tierras cartageneras, s\u00f3lo sufri\u00f3 en la estrategia y goz\u00f3 de m\u00e1s ocasiones que el equipo de Checa, con pasado blanco de jugador y en el \u00e1rea deportiva, al igual que Dami\u00e1n Petcoff, al que Herrero dirigi\u00f3 en su anterior etapa, Paco Torres y \u00d3scar Zorilla, un sub 23 interesante hermano de Elady. Los blancos dan por bueno el empate, lamentan el gol recibido -s\u00f3lo han mantenido en una ocasi\u00f3n la meta a cero- y ya piensan en el cl\u00e1sico provincial con los azulillos.<\/p>\n<p>Minuto 95: Final del partido con empate a uno para el Real Ja\u00e9n.<\/p>\n<p>Minuto 94: Falta peligrosa para el cuadro local en una de las \u00faltimas acciones del partido.<\/p>\n<p>Minuto 90: Tiempo de prolongaci\u00f3n en el partido Deportivo Minera-Real Ja\u00e9n (1-1).<\/p>\n<p>Minuto 90: \u00daltimo minuto en el campo \u00c1ngel Celdr\u00e1n con empate a uno.<\/p>\n<p>Minuto 86: Bloca el bal\u00f3n Rabanillo, que despu\u00e9s tuvo un fallo a la hora de sacar al bal\u00f3n.<\/p>\n<p>Minuto 85: Salieron al campo Alberto Bernardo y Manu L\u00f3pez por Moha y Nacho Vizca\u00edno.<\/p>\n<p>Minuto 85: Recta final y empate entre del Real Ja\u00e9n en el campo de la Deportiva Minera (1-1).<\/p>\n<p>Minuto 80: Doble cambio en el Real Ja\u00e9n. Entran Alberto Bernardo y Manu L\u00f3pez por Moha y Nacho Vizca\u00edno.<\/p>\n<p>Minuto 75: Ocasi\u00f3n de Agus Alonso, que salv\u00f3 \u00c1lex L\u00e1zaro.<\/p>\n<p>Minuto 72. 1-1. Empate de La Minera en un saque de esquina de Mac\u00edas y remate de Sebas.<\/p>\n<p>Minuto 70: Gana el Real Ja\u00e9n por 0-1 y ahora ha salvado Rabanillo una clara ocasi\u00f3n local.<\/p>\n<p>Minuto 67: 0-1. Transform\u00f3 el penalti \u00d3scar Lozano por derribo a Moha.<\/p>\n<p>Minuto 67: Penalti a favor del Real Ja\u00e9n.<\/p>\n<p>Minuto 65: Ocasi\u00f3n para el Real Ja\u00e9n con un remate de Agus Alonso.<\/p>\n<p>Minuto 63: Tarjeta amarilla para \u00d3scar Zorrilla por una dura entrada a \u00d3scar Lozano.<\/p>\n<p>Minuto 60: Cambio en el Real Ja\u00e9n. Mario Martos es sustituido por \u00d3scar Lozano.<\/p>\n<p>Minuto 60: No baja la intensidad y Rabanillo para en dos tiempos. Los locales dan un paso adelante y ahora lo pasa mal el Real Jaen.<\/p>\n<p>Minuto 59: Calienta \u00d3scar Lozano por el Real Ja\u00e9n.<\/p>\n<p>Minuto 58: Doble cambio en el equipo local con las entradas de Sebas Holgado y el serrano \u00d3scar Zorrilla por Dami\u00e1n Petcoff, que vio amarilla, y Salinas.<\/p>\n<p>Minuto 49: Buen pase de Antonio Caballero, que fuerza el saque de esquina.<\/p>\n<p>Minuto 46: El Real Ja\u00e9n tiene que mantener la intensidad defensiva como en la primera mitad.<\/p>\n<p><b>Empieza el segundo periodo con empate a cero<\/b><\/p>\n<p>Minuto 47: Final de la primera mitad con empate a cero entre el Deportivo Minera y el Real Ja\u00e9n.<\/p>\n<p>Minuto 45: En tiempo de prolongaci\u00f3n y buena acci\u00f3n defensiva de Jos\u00e9 \u00c1lvarez.<\/p>\n<p>Minuto 43: Juego parado por un choque entre Alarc\u00f3n y Jos\u00e9 \u00c1lvarez.<\/p>\n<p>Minuto 40: Recta final de la primera mitad sin ocasiones por parte de los dos conjuntos.<\/p>\n<p>Minuto 36: Tarjeta amarilla para el jiennense Agus Alonso.<\/p>\n<p>Minuto 34: No hay respiro y los dos conjuntos se emplean a fondo (0-0).<\/p>\n<p>Minuto 30: Buena jugada de Moha, pero Agus Alonso no puede conectar el remate.<\/p>\n<p>Minuto 25: No se mueve el marcador en el Deportiva Minera-Real Ja\u00e9n y escasean las ocasiones.<\/p>\n<p>Minuto 19: Se mantiene el empate a cero. El Real Ja\u00e9n no sufre ante el conjunto murciano, el mejor local de la categor\u00eda.<\/p>\n<p>Minuto 15: Tarjeta amarilla para el jiennense Pav\u00f3n.<\/p>\n<p>Minuto 15. No se mueve el marcador y por ahora tampoco se han producido ocasiones de gol para uno y otro conjunto.<\/p>\n<p>Minuto 13: Se mantiene el empate a cero en el campo \u00c1ngel Celdr\u00e1n con un equipo local que busca llevar peligro en el juego a\u00e9reo.<\/p>\n<p>Minuto 11: Partido intenso y ahora saque de esquina a favor del Deportiva Minera. Pav\u00f3n salva bien la acci\u00f3n.<\/p>\n<p>Minuto 8: Mano del defensa Paco Torres, otro exfutbolista del Real Ja\u00e9n. Se qued\u00f3 corto Connor en el saque de falta.<\/p>\n<p>Minuto 7: Para el colegiado el partido al sufrir una dolencia Dami\u00e1n Petcoff, exjugador del Real Ja\u00e9n. Sigue el partido con empate a cero.<\/p>\n<p>Minuto 5: Busca el Real Ja\u00e9n controlar el juego en un campo de reducidas dimensiones en el que habr\u00e1 numerosas segundas jugadas y acciones de estrategia.<\/p>\n<p>Minuto 3: El Real Ja\u00e9n juega con un trivote, Jos\u00e9 \u00c1lvarez, Caballero y Nacho Vizca\u00edno, aunque este se encuentra m\u00e1s adelantado.<\/p>\n<p>Minuto 1: La puso en juego el Real Ja\u00e9n, que afronta el partido con numerosos cambios por el esfuerzo de la Copa del Rey y las dimensiones del terreno de juego.<\/p>\n<p><b>Buenos d\u00edas, bienvenidos a la retransmisi\u00f3n del partido CD Minera-Real Ja\u00e9n<\/b><\/p>\n<p>  Alineaci\u00f3n Deportiva Minera-Real Ja\u00e9n  <\/p>\n<p>La carga de partidos consecutivos y un mes de noviembre exigente ha motivado que Manuel Herrero realice rotaciones en el once inicial que se enfrente al CD Minera en el campo \u00c1ngel Celdr\u00e1n. As\u00ed, con respecto al encuentro de la Copa del Rey entran en el equipo el lateral izquierdo Connor, el central Jes\u00fas del Amo y los centrocampistas Jos\u00e9 \u00c1lvarez y Caballero. El entrenador mantiene a Javi Moyano en el lateral derecho despu\u00e9s de ocupar el puesto del sancionado Curro en la Copa del Rey. Mario Martos, m\u00e1ximo goleador blanco, y Agus Alonso, siguen como titulares. El equipo est\u00e1 formado por Rababillo, que no jug\u00f3 ante el Eldense, Connor, Pav\u00f3n, Del Amo, Jos\u00e9 \u00c1lvarez, Caballero, Mario Martos, Nacho Vizca\u00edno, Javi Moyano, Agus Alonso y Moha.<\/p>\n","protected":false},"excerpt":{"rendered":"Empezar el exigente mes de noviembre con un empate a domicilio es un buen resultado, m\u00e1xime cuando la&hellip;\n","protected":false},"author":2,"featured_media":215088,"comment_status":"","ping_status":"","sticky":false,"template":"","format":"standard","meta":{"footnotes":""},"categories":[268],"tags":[168,25,24,280,282,53956,281,23,167],"class_list":{"0":"post-215087","1":"post","2":"type-post","3":"status-publish","4":"format-standard","5":"has-post-thumbnail","7":"category-futbol","8":"tag-deportes","9":"tag-es","10":"tag-espana","11":"tag-football","12":"tag-futbol","13":"tag-gilberto-moreno","14":"tag-soccer","15":"tag-spain","16":"tag-sports"},"share_on_mastodon":{"url":"https:\/\/pubeurope.com\/@es\/115482227264035798","error":""},"_links":{"self":[{"href":"https:\/\/www.europesays.com\/es\/wp-json\/wp\/v2\/posts\/215087","targetHints":{"allow":["GET"]}}],"collection":[{"href":"https:\/\/www.europesays.com\/es\/wp-json\/wp\/v2\/posts"}],"about":[{"href":"https:\/\/www.europesays.com\/es\/wp-json\/wp\/v2\/types\/post"}],"author":[{"embeddable":true,"href":"https:\/\/www.europesays.com\/es\/wp-json\/wp\/v2\/users\/2"}],"replies":[{"embeddable":true,"href":"https:\/\/www.europesays.com\/es\/wp-json\/wp\/v2\/comments?post=215087"}],"version-history":[{"count":0,"href":"https:\/\/www.europesays.com\/es\/wp-json\/wp\/v2\/posts\/215087\/revisions"}],"wp:featuredmedia":[{"embeddable":true,"href":"https:\/\/www.europesays.com\/es\/wp-json\/wp\/v2\/media\/215088"}],"wp:attachment":[{"href":"https:\/\/www.europesays.com\/es\/wp-json\/wp\/v2\/media?parent=215087"}],"wp:term":[{"taxonomy":"category","embeddable":true,"href":"https:\/\/www.europesays.com\/es\/wp-json\/wp\/v2\/categories?post=215087"},{"taxonomy":"post_tag","embeddable":true,"href":"https:\/\/www.europesays.com\/es\/wp-json\/wp\/v2\/tags?post=215087"}],"curies":[{"name":"wp","href":"https:\/\/api.w.org\/{rel}","templated":true}]}}