{"id":21509,"date":"2025-08-02T22:26:07","date_gmt":"2025-08-02T22:26:07","guid":{"rendered":"https:\/\/www.europesays.com\/es\/21509\/"},"modified":"2025-08-02T22:26:07","modified_gmt":"2025-08-02T22:26:07","slug":"el-palo-de-daniel-evans-a-alejandro-davidovich-por-sus-quejas-sobre-los-horarios-de-la-atp-levantate-y-juega","status":"publish","type":"post","link":"https:\/\/www.europesays.com\/es\/21509\/","title":{"rendered":"El palo de Daniel Evans a Alejandro Davidovich por sus quejas sobre los horarios de la ATP: \u00ab\u00a1Lev\u00e1ntate y juega!\u00bb"},"content":{"rendered":"<p class=\"c-paragraph\">Las quejas de <a href=\"https:\/\/www.20minutos.es\/tags\/deportes\/alejandro-davidovich-fokina.html\" title=\"Alejandro Davidovich Fokina\" rel=\"nofollow noopener\" target=\"_blank\">Alejandro Davidovich<\/a> por los horarios de la ATP no han sentado bien a algunos de sus compa\u00f1eros de profesi\u00f3n. <b>El brit\u00e1nico Daniel Evans ha cargado duramente contra \u00e9l<\/b> en sus redes sociales.<\/p>\n<p class=\"c-paragraph\"><b><b><b><b>\u00abLev\u00e1ntate<\/b><\/b><\/b><\/b>\u00a0<b><b><b><b>y juega. El mundo se despierta y trabaja de 9 a 5, incluso de 8 a 6. Pat\u00e9tico\u00bb<\/b><\/b><\/b><\/b>, afirm\u00f3 Evans compartiendo el comunicado del tenista espa\u00f1ol en su perfil de Instagram.<\/p>\n<p class=\"c-paragraph\">Horas antes de esta dura petici\u00f3n del brit\u00e1nico a Alejandro Davidovich, este expres\u00f3 su \u00abdecepci\u00f3n y enfado con la ATP\u00bb. \u00ab<b><b>Ma\u00f1ana, todos los partidos empiezan a las 12:30, excepto el nuestro, que comienza a las 11:00.<\/b><\/b>\u00a0Nos encontramos a una hora del club, lo que nos obliga a madrugar para poder llegar en condiciones\u00bb, expuso.<\/p>\n<p class=\"c-paragraph\">\u00abHemos pedido que lo cambien, pero la respuesta ha sido que ya est\u00e1 todo vendido: entradas, televisi\u00f3n&#8230; y que no se puede modificar.\u00a0<b><b>Una vez m\u00e1s, queda claro que los jugadores no somos tenidos en cuenta<\/b><\/b>\u00ab, se quej\u00f3 &#8216;Foki&#8217; mediante ese comunicado publicado en sus redes sociales.<\/p>\n<p class=\"c-paragraph\">\u00abEsta no es la primera vez que ocurre, y\u00a0<b><b>cuando est\u00e1s dentro te das cuenta de que no es tan bonito como parece desde fuera<\/b><\/b>\u00ab, a\u00f1adi\u00f3 para zanjar su escrito.<\/p>\n","protected":false},"excerpt":{"rendered":"Las quejas de Alejandro Davidovich por los horarios de la ATP no han sentado bien a algunos de&hellip;\n","protected":false},"author":2,"featured_media":21510,"comment_status":"","ping_status":"","sticky":false,"template":"","format":"standard","meta":{"footnotes":""},"categories":[274],"tags":[10114,2943,2911,168,25,24,12741,12740,23,167,327,326],"class_list":{"0":"post-21509","1":"post","2":"type-post","3":"status-publish","4":"format-standard","5":"has-post-thumbnail","7":"category-tenis","8":"tag-alejandro","9":"tag-daniel","10":"tag-davidovich","11":"tag-deportes","12":"tag-es","13":"tag-espana","14":"tag-evans","15":"tag-palo","16":"tag-spain","17":"tag-sports","18":"tag-tenis","19":"tag-tennis"},"share_on_mastodon":{"url":"","error":""},"_links":{"self":[{"href":"https:\/\/www.europesays.com\/es\/wp-json\/wp\/v2\/posts\/21509","targetHints":{"allow":["GET"]}}],"collection":[{"href":"https:\/\/www.europesays.com\/es\/wp-json\/wp\/v2\/posts"}],"about":[{"href":"https:\/\/www.europesays.com\/es\/wp-json\/wp\/v2\/types\/post"}],"author":[{"embeddable":true,"href":"https:\/\/www.europesays.com\/es\/wp-json\/wp\/v2\/users\/2"}],"replies":[{"embeddable":true,"href":"https:\/\/www.europesays.com\/es\/wp-json\/wp\/v2\/comments?post=21509"}],"version-history":[{"count":0,"href":"https:\/\/www.europesays.com\/es\/wp-json\/wp\/v2\/posts\/21509\/revisions"}],"wp:featuredmedia":[{"embeddable":true,"href":"https:\/\/www.europesays.com\/es\/wp-json\/wp\/v2\/media\/21510"}],"wp:attachment":[{"href":"https:\/\/www.europesays.com\/es\/wp-json\/wp\/v2\/media?parent=21509"}],"wp:term":[{"taxonomy":"category","embeddable":true,"href":"https:\/\/www.europesays.com\/es\/wp-json\/wp\/v2\/categories?post=21509"},{"taxonomy":"post_tag","embeddable":true,"href":"https:\/\/www.europesays.com\/es\/wp-json\/wp\/v2\/tags?post=21509"}],"curies":[{"name":"wp","href":"https:\/\/api.w.org\/{rel}","templated":true}]}}