{"id":215095,"date":"2025-11-02T21:32:10","date_gmt":"2025-11-02T21:32:10","guid":{"rendered":"https:\/\/www.europesays.com\/es\/215095\/"},"modified":"2025-11-02T21:32:10","modified_gmt":"2025-11-02T21:32:10","slug":"el-bosque-habitado-una-vida-de-cuento-con-el-griot-boniface-ofogo","status":"publish","type":"post","link":"https:\/\/www.europesays.com\/es\/215095\/","title":{"rendered":"El bosque habitado &#8211; Una vida de cuento. Con el griot Boniface Ofogo"},"content":{"rendered":"<p>En \u00c1frica se dice que el baobab se parece al ser humano, porque igual que nosotros, tiene un coraz\u00f3n lleno de tesoros. El baobab es el \u00e1rbol m\u00e1s grande, el m\u00e1s longevo y el m\u00e1s simb\u00f3lico de todos los \u00e1rboles de \u00c1frica\u2026 As\u00ed empieza el cuento que el gran griot Boniface Ofogo nos narrar\u00e1 con su m\u00e1gica y emblem\u00e1tica voz de contador de buenas historias, en esta singular y carism\u00e1tica conversaci\u00f3n con Ofogo y con Ignacio Abella, que lo trajo para habitar este bosque que tendr\u00eda que haber habitado desde el principio de los tiempos. Ya comprender\u00e1s porque te lo decimos. <\/p>\n<p>Entonces, bienvenid@s a un bosque habitado por el Ubuntu camerun\u00e9s y africano en carne viva y por la multiculturalidad. Porque las culturas tenemos mucho m\u00e1s en com\u00fan de lo que creemos, lo que pasa es que hay much@s que se empe\u00f1an en poner en evidencia las diferencias. Ofogo busca siempre las semejanzas, lo que nos une. <\/p>\n<p>Y lo hace con nosotras y en su libro \u201cUna vida de cuento\u201d, publicado por la editorial Kalandraka, donde vierte sus recuerdos de infancia, su reflexi\u00f3n en torno a la cultura de la palabra y la cultura de los sabios en cuya fuente bebi\u00f3 durante su ni\u00f1ez. Todo ello le ha convertido en un hombre, mediador y sorprendente, que a trav\u00e9s de los cuentos y la tradici\u00f3n oral, lucha contra el proceso de deshumanizaci\u00f3n en la que estamos inmersos. <\/p>\n<p>Adem\u00e1s, contamos con un personal\u00edsimo \u201cCuaderno de nidos\u201d de Ra\u00fal de Tapia que es Ra\u00fal Alcanduerca, y con las voces del <\/p>\n<p>Club de la Hojarasca: \u00c1lvaro Soto, Juan Su\u00e1rez y Arturo Mart\u00edn Lafuente. Gracias especiales a Silvia Abella por la inspiraci\u00f3n y la ilustraci\u00f3n ofoguiana y a las documentalistas: Elena V\u00e1zquez, Ra\u00fal Dom\u00ednguez y Elo\u00edsa Toscano<\/p>\n<p>Y ahora imagina que est\u00e1s en la aldea de Omassa, que huele a cacao creciendo en las tierras de cultivo, a vino de palma recolectada, a ma\u00edz, a cacahuetes, a yuca, a \u00f1ame y muchas otras hortalizas, y que hablas de todas estas importancias, con la comunidad bajo el Baobab, el \u00c1rbol de la Palabra, sin duda, territorio conmovido\u2026 \u00a1Ubuntu y Arriba las ramas! <\/p>\n<p><strong>HT: #UbuntuRadio3<\/strong><\/p>\n","protected":false},"excerpt":{"rendered":"En \u00c1frica se dice que el baobab se parece al ser humano, porque igual que nosotros, tiene un&hellip;\n","protected":false},"author":2,"featured_media":215096,"comment_status":"","ping_status":"","sticky":false,"template":"","format":"standard","meta":{"footnotes":""},"categories":[170],"tags":[6427,146,147,25,24,184,185,133,1448,1986,1987,23,57824],"class_list":{"0":"post-215095","1":"post","2":"type-post","3":"status-publish","4":"format-standard","5":"has-post-thumbnail","7":"category-musica","8":"tag-el-bosque-habitado","9":"tag-entertainment","10":"tag-entretenimiento","11":"tag-es","12":"tag-espana","13":"tag-music","14":"tag-musica","15":"tag-online","16":"tag-radio","17":"tag-rne","18":"tag-rtve-play","19":"tag-spain","20":"tag-una-vida-de-cuento-con-el-griot-boniface-ofogo"},"share_on_mastodon":{"url":"https:\/\/pubeurope.com\/@es\/115482246807045702","error":""},"_links":{"self":[{"href":"https:\/\/www.europesays.com\/es\/wp-json\/wp\/v2\/posts\/215095","targetHints":{"allow":["GET"]}}],"collection":[{"href":"https:\/\/www.europesays.com\/es\/wp-json\/wp\/v2\/posts"}],"about":[{"href":"https:\/\/www.europesays.com\/es\/wp-json\/wp\/v2\/types\/post"}],"author":[{"embeddable":true,"href":"https:\/\/www.europesays.com\/es\/wp-json\/wp\/v2\/users\/2"}],"replies":[{"embeddable":true,"href":"https:\/\/www.europesays.com\/es\/wp-json\/wp\/v2\/comments?post=215095"}],"version-history":[{"count":0,"href":"https:\/\/www.europesays.com\/es\/wp-json\/wp\/v2\/posts\/215095\/revisions"}],"wp:featuredmedia":[{"embeddable":true,"href":"https:\/\/www.europesays.com\/es\/wp-json\/wp\/v2\/media\/215096"}],"wp:attachment":[{"href":"https:\/\/www.europesays.com\/es\/wp-json\/wp\/v2\/media?parent=215095"}],"wp:term":[{"taxonomy":"category","embeddable":true,"href":"https:\/\/www.europesays.com\/es\/wp-json\/wp\/v2\/categories?post=215095"},{"taxonomy":"post_tag","embeddable":true,"href":"https:\/\/www.europesays.com\/es\/wp-json\/wp\/v2\/tags?post=215095"}],"curies":[{"name":"wp","href":"https:\/\/api.w.org\/{rel}","templated":true}]}}