{"id":215099,"date":"2025-11-02T21:34:08","date_gmt":"2025-11-02T21:34:08","guid":{"rendered":"https:\/\/www.europesays.com\/es\/215099\/"},"modified":"2025-11-02T21:34:08","modified_gmt":"2025-11-02T21:34:08","slug":"ferran-torres-estamos-encontrado-al-barca-del-ano-pasado-nuestro-espiritu-y-nuestra-intensidad-futbol-deportes","status":"publish","type":"post","link":"https:\/\/www.europesays.com\/es\/215099\/","title":{"rendered":"Ferran Torres: \u201cEstamos encontrado al Bar\u00e7a del a\u00f1o pasado, nuestro esp\u00edritu y nuestra intensidad\u201d | F\u00fatbol | Deportes"},"content":{"rendered":"<p class=\"\">Ante el Elche, el Barcelona empez\u00f3 a ver brotes verdes despu\u00e9s de una semana eterna tras la derrota ante el Real Madrid. Se evidenci\u00f3 en una mejor presi\u00f3n, mayor v\u00e9rtigo y contundencia inicial, y<a href=\"https:\/\/elpais.com\/deportes\/futbol\/2025-11-02\/el-barca-gana-tiempo-ante-un-elche-que-lo-intento-hasta-el-final.html\" target=\"_self\" rel=\"nofollow noopener\" title=\"https:\/\/elpais.com\/deportes\/futbol\/2025-11-02\/el-barca-gana-tiempo-ante-un-elche-que-lo-intento-hasta-el-final.html\"> en el reencuentro de Lamine Yamal con el gol<\/a>. \u201cCreo que estamos encontrando al Bar\u00e7a del a\u00f1o pasado, en el que desde el primer minuto hasta el \u00faltimo nos com\u00edamos el c\u00e9sped\u201d, sac\u00f3 pecho Ferran Torres. \u201cHemos encontrado nuestro esp\u00edritu y nuestra intensidad\u201d, sigui\u00f3. \u201cMe ha gustado mucho la din\u00e1mica y la presi\u00f3n del equipo\u201d, destac\u00f3 Hansi Flick. El t\u00e9cnico fue optimista, pero tambi\u00e9n realista: \u201cHe visto muchas cosas que hemos hecho muy bien. Pero tambi\u00e9n he visto cosas que no. Tenemos que mejorar y seguir. Lo que quer\u00edamos al principio era presionarlos, lo hemos hecho y hemos marcado esos dos goles. Hemos tenido muchas oportunidades\u201d. <\/p>\n<p class=\"\">Flick sali\u00f3 satisfecho con la victoria, m\u00e1s cr\u00edtico con la posesi\u00f3n del bal\u00f3n, que termin\u00f3 ganando el Elche (49% frente a 51%). El equipo azulgrana sali\u00f3 con m\u00e1s ganas y con una mejor versi\u00f3n sin bal\u00f3n respecto a los \u00faltimos partidos, y fue m\u00e1s contundente de cara a porter\u00eda: 11 remates en la primera parte, 4 de ellos entre los tres palos. Los dos primeros disparos, dos goles. Empez\u00f3 Lamine Yamal, con m\u00e1s chispa. <a href=\"https:\/\/elpais.com\/deportes\/futbol\/2025-10-26\/el-madrid-reconquista-el-clasico.html\" target=\"_self\" rel=\"nofollow noopener\" title=\"https:\/\/elpais.com\/deportes\/futbol\/2025-10-26\/el-madrid-reconquista-el-clasico.html\">Tras el ruido del cl\u00e1sico<\/a> y la protecci\u00f3n de Flick en p\u00fablico, sali\u00f3 en busca del gol, y remat\u00f3 tres veces antes de llegar al descanso. Su gol \u2014el cuarto para \u00e9l esta temporada\u2014 lleg\u00f3 en menos de 10 minutos, se bes\u00f3 el escudo y lo se\u00f1al\u00f3. \u201cSu lesi\u00f3n de momento la tiene que gestionar \u00e9l. Lo est\u00e1 haciendo muy bien, tiene mucha disciplina, pero tiene que mantenerla, entrenar y recibir tratamiento. Lo est\u00e1 haciendo. Pero no puedo decir que ya est\u00e1, porque esta lesi\u00f3n va y viene\u201d, explic\u00f3 Flick tras el partido. <\/p>\n<p class=\"\">Poco despu\u00e9s lleg\u00f3 el tanto de Ferran, cada vez m\u00e1s activo. Dedic\u00f3 su gol n\u00famero 50 con el Bar\u00e7a a los afectados de la dana de Valencia con un mensaje bajo su camiseta. \u201cPara nosotros es muy importante salir fuertes e intensos desde el principio para ponernos por delante y llevarnos el partido donde queremos\u201d, explic\u00f3 el delantero. Y aunque el Barcelona fue m\u00e1s contundentes, construy\u00f3 poco: completaron 169 pases hasta el descanso, cuando la media que acostumbra a marcar el Barcelona durante la primera parte es de unos 300. <\/p>\n<p class=\"\">Ese empuje inicial se fue diluyendo, sobre todo tras el gol del Elche. Con este partido, ya son ocho consecutivos encajando, una racha que no viv\u00eda desde febrero de 2021. Aun as\u00ed, el Barcelona se satisface con sus mejores sensaciones, con Lewandowski y Dani Olmo de vuelta, la chispa de Lamine un poco m\u00e1s presente y el segundo puesto liguero a cinco puntos del Real Madrid.<\/p>\n","protected":false},"excerpt":{"rendered":"Ante el Elche, el Barcelona empez\u00f3 a ver brotes verdes despu\u00e9s de una semana eterna tras la derrota&hellip;\n","protected":false},"author":2,"featured_media":215100,"comment_status":"","ping_status":"","sticky":false,"template":"","format":"standard","meta":{"footnotes":""},"categories":[93],"tags":[1540,168,8212,1539,25,24,881,282,1538,23,167],"class_list":{"0":"post-215099","1":"post","2":"type-post","3":"status-publish","4":"format-standard","5":"has-post-thumbnail","7":"category-deportes","8":"tag-competiciones","9":"tag-deportes","10":"tag-elche-cf","11":"tag-entrenadores","12":"tag-es","13":"tag-espana","14":"tag-fc-barcelona","15":"tag-futbol","16":"tag-futbolistas","17":"tag-spain","18":"tag-sports"},"share_on_mastodon":{"url":"https:\/\/pubeurope.com\/@es\/115482254714422858","error":""},"_links":{"self":[{"href":"https:\/\/www.europesays.com\/es\/wp-json\/wp\/v2\/posts\/215099","targetHints":{"allow":["GET"]}}],"collection":[{"href":"https:\/\/www.europesays.com\/es\/wp-json\/wp\/v2\/posts"}],"about":[{"href":"https:\/\/www.europesays.com\/es\/wp-json\/wp\/v2\/types\/post"}],"author":[{"embeddable":true,"href":"https:\/\/www.europesays.com\/es\/wp-json\/wp\/v2\/users\/2"}],"replies":[{"embeddable":true,"href":"https:\/\/www.europesays.com\/es\/wp-json\/wp\/v2\/comments?post=215099"}],"version-history":[{"count":0,"href":"https:\/\/www.europesays.com\/es\/wp-json\/wp\/v2\/posts\/215099\/revisions"}],"wp:featuredmedia":[{"embeddable":true,"href":"https:\/\/www.europesays.com\/es\/wp-json\/wp\/v2\/media\/215100"}],"wp:attachment":[{"href":"https:\/\/www.europesays.com\/es\/wp-json\/wp\/v2\/media?parent=215099"}],"wp:term":[{"taxonomy":"category","embeddable":true,"href":"https:\/\/www.europesays.com\/es\/wp-json\/wp\/v2\/categories?post=215099"},{"taxonomy":"post_tag","embeddable":true,"href":"https:\/\/www.europesays.com\/es\/wp-json\/wp\/v2\/tags?post=215099"}],"curies":[{"name":"wp","href":"https:\/\/api.w.org\/{rel}","templated":true}]}}