{"id":215109,"date":"2025-11-02T21:39:26","date_gmt":"2025-11-02T21:39:26","guid":{"rendered":"https:\/\/www.europesays.com\/es\/215109\/"},"modified":"2025-11-02T21:39:26","modified_gmt":"2025-11-02T21:39:26","slug":"no-quiero-ser-un-alcalde-mas-de-los-ejecutados-asi-pidio-ayuda-carlos-manzo-a-sheinbaum-y-harfuch-antes-de-su-asesinato","status":"publish","type":"post","link":"https:\/\/www.europesays.com\/es\/215109\/","title":{"rendered":"\u201cNo quiero ser un alcalde m\u00e1s de los ejecutados\u201d: as\u00ed pidi\u00f3 ayuda Carlos Manzo a Sheinbaum y Harfuch antes de su asesinato"},"content":{"rendered":"<p><img alt=\"El presidente municipal perdi\u00f3 la\" class=\"global-image\" decoding=\"async\" fetchpriority=\"high\" height=\"1080\" loading=\"eager\" src=\"https:\/\/www.europesays.com\/es\/wp-content\/uploads\/2025\/11\/XU4NESPKCNFWVLLHYWRFMRIFOU.png\" width=\"1920\"\/>El presidente municipal perdi\u00f3 la vida en un ataque armado durante un evento p\u00fablico por las festividades del d\u00eda de muertos (Fb: Carlos Manzo)<\/p>\n<p class=\"paragraph\">El alcalde municipal de Uruapan, Michoac\u00e1n, Carlos Manzo, fue asesinado a tiros durante el Festival de la Velas, celebrado en el centro del municipio.<\/p>\n<p class=\"paragraph\">Los hechos fueron confirmados a trav\u00e9s de un comunicado publicado por el <b>Gabinete de Seguridad, <\/b>en donde tambi\u00e9n informaron que dos sujetos involucrados en el ataque ya fueron detenidas, y uno m\u00e1s perdi\u00f3 la vida tras ser abatido por elementos de seguridad. <\/p>\n<p class=\"paragraph\">Manzo era conocido entre la poblaci\u00f3n por impulsar <b>la confrontaci\u00f3n contra el crimen organizado<\/b> que opera en el municipio. Un ejemplo de ello, fue la vez que tras la captura de <b>\u201cEl Rino\u201d,<\/b> l\u00edder del C\u00e1rtel Jalisco Nueva Generaci\u00f3n (<b>CJNG<\/b>),pidi\u00f3 activar un c\u00f3digo rojo en la entidad y apoyo del Ej\u00e9rcito mexicano y la Guardia Nacional. <\/p>\n<p class=\"paragraph\">Adem\u00e1s, en m\u00faltiples ocasiones reiter\u00f3 su postura en contra de la pol\u00edtica de seguridad implementada desde el gobierno del ahora expresidente Andr\u00e9s Manuel L\u00f3pez Obrador, \u201cabrazos no balazos\u201d. <\/p>\n<p class=\"paragraph\"><b>\u201cNo puede haber abrazos para los delincuentes&#8230; para los delincuentes debe de haber chingadazos cuando atentan contra la gente inocente\u201d<\/b>, coment\u00f3 p\u00fablicamente. <\/p>\n<p class=\"paragraph\">Por otra parte, en junio, <b>Manzo<\/b> anunci\u00f3 un programa de incentivos para la polic\u00eda municipal, ofreciendo <b>recompensas de hasta un mill\u00f3n de pesos<\/b> a los agentes que lograran decomisos relevantes, en un intento por fortalecer la respuesta de la fuerza p\u00fablica ante la criminalidad. <\/p>\n<p class=\"paragraph\">Durante los meses previos a su muerte, el alcalde denunci\u00f3 de manera reiterada que era objeto de amenazas directas. Cabe recalcar que Manzo, ya hab\u00eda enviado mensajes en reiteradas ocasiones a la presidenta <b>Claudia Sheinbaum<\/b> y al secretario de Seguridad P\u00fablica, <b>Omar Garc\u00eda Harfuch,<\/b> por la violencia que se vive en el estado de Michoac\u00e1n. <\/p>\n<p><img alt=\"La presidenta electa, Claudia Sheinbaum,\" class=\"global-image\" decoding=\"async\" fetchpriority=\"low\" height=\"1401\" loading=\"lazy\" src=\"https:\/\/www.europesays.com\/es\/wp-content\/uploads\/2025\/11\/3VEHKD6NOZAUDBIQVYY7QZI4SU.jpg\" width=\"2100\"\/>La presidenta electa, Claudia Sheinbaum, y Omar Garc\u00eda Harfuch participan en una conferencia de prensa en la Ciudad de M\u00e9xico (M\u00e9xico). Imagen de archivo. EFE\/Isaac Esquivel&#13;<\/p>\n<p class=\"paragraph\">Durante una entrevista lleg\u00f3 a decir: \u201cNo quiero ser un presidente municipal <b>m\u00e1s de la lista de los ejecutados que les han arrebatado la vida,<\/b> no quiero que la Polic\u00eda municipal siga siendo de la estad\u00edstica, ni los ciudadanos de trabajo honestos y honrados que son v\u00edctimas de este c\u00e1ncer social\u201d.<\/p>\n<p class=\"paragraph\">Apenas el pasado 8 de octubre public\u00f3 un comunicado en el que ped\u00eda a <b>Harfuch y a Sheinbaum<\/b> que no retiraran a la <b>Guardia Nacional <\/b>de Uruapan, pues apenas llevaban unos d\u00edas en la entidad y aparentemente tampoco hab\u00edan explicado por qu\u00e9 se ir\u00edan los elementos. <\/p>\n<p class=\"paragraph\">\u201cHacemos un llamado respetuoso al Gobierno Federal, a la Presidenta <b>Claudia Sheinbaum <\/b>Pardo y al Secretario <b>Omar Garc\u00eda Harfuch <\/b>para que <b>no dejen solo a Uruapan <\/b>en el combate de los delitos federales que le corresponde a la Federaci\u00f3n atender\u00bb. <\/p>\n<p class=\"paragraph\">Un d\u00eda antes, Manzo, <b>solicit\u00f3 <\/b>al Secretariado Ejecutivo de la Secretar\u00eda de Seguridad P\u00fablica en Michoac\u00e1n <b>armamento<\/b>, espec\u00edficamente <b>ametralladoras Minimi c<\/b>on el objetivo de que los agentes igualen las capacidades de los grupos delictivos que operan en el municipio. <\/p>\n<p class=\"paragraph\">\u201cNo puede ser posible que los delincuentes est\u00e9n mejor armados que las polic\u00edas municipales\u201d, coment\u00f3 el funcionario.<\/p>\n","protected":false},"excerpt":{"rendered":"El presidente municipal perdi\u00f3 la vida en un ataque armado durante un evento p\u00fablico por las festividades del&hellip;\n","protected":false},"author":2,"featured_media":215110,"comment_status":"","ping_status":"","sticky":false,"template":"","format":"standard","meta":{"footnotes":""},"categories":[42],"tags":[57826,17,18,13,14,11,61,62,63,64,19,20,9,10,15,16,1670,12,21,22,65,66,67],"class_list":{"0":"post-215109","1":"post","2":"type-post","3":"status-publish","4":"format-standard","5":"has-post-thumbnail","7":"category-internacional","8":"tag-candidata-del-movimiento-de-regeneracion-nacional-morena","9":"tag-breaking-news","10":"tag-breakingnews","11":"tag-featured-news","12":"tag-featurednews","13":"tag-headlines","14":"tag-internacional","15":"tag-international","16":"tag-international-news","17":"tag-internationalnews","18":"tag-latest-news","19":"tag-latestnews","20":"tag-news","21":"tag-noticias","22":"tag-noticias-destacadas","23":"tag-noticiasdestacadas","24":"tag-politicos","25":"tag-titulares","26":"tag-ultimas-noticias","27":"tag-ultimasnoticias","28":"tag-world","29":"tag-world-news","30":"tag-worldnews"},"share_on_mastodon":{"url":"","error":"Validation failed: Text character limit of 500 exceeded"},"_links":{"self":[{"href":"https:\/\/www.europesays.com\/es\/wp-json\/wp\/v2\/posts\/215109","targetHints":{"allow":["GET"]}}],"collection":[{"href":"https:\/\/www.europesays.com\/es\/wp-json\/wp\/v2\/posts"}],"about":[{"href":"https:\/\/www.europesays.com\/es\/wp-json\/wp\/v2\/types\/post"}],"author":[{"embeddable":true,"href":"https:\/\/www.europesays.com\/es\/wp-json\/wp\/v2\/users\/2"}],"replies":[{"embeddable":true,"href":"https:\/\/www.europesays.com\/es\/wp-json\/wp\/v2\/comments?post=215109"}],"version-history":[{"count":0,"href":"https:\/\/www.europesays.com\/es\/wp-json\/wp\/v2\/posts\/215109\/revisions"}],"wp:featuredmedia":[{"embeddable":true,"href":"https:\/\/www.europesays.com\/es\/wp-json\/wp\/v2\/media\/215110"}],"wp:attachment":[{"href":"https:\/\/www.europesays.com\/es\/wp-json\/wp\/v2\/media?parent=215109"}],"wp:term":[{"taxonomy":"category","embeddable":true,"href":"https:\/\/www.europesays.com\/es\/wp-json\/wp\/v2\/categories?post=215109"},{"taxonomy":"post_tag","embeddable":true,"href":"https:\/\/www.europesays.com\/es\/wp-json\/wp\/v2\/tags?post=215109"}],"curies":[{"name":"wp","href":"https:\/\/api.w.org\/{rel}","templated":true}]}}