{"id":215117,"date":"2025-11-02T21:49:08","date_gmt":"2025-11-02T21:49:08","guid":{"rendered":"https:\/\/www.europesays.com\/es\/215117\/"},"modified":"2025-11-02T21:49:08","modified_gmt":"2025-11-02T21:49:08","slug":"lazkano-ciclista-sobre-su-suspension-provisional-por-dopaje-demostrare-mi-inocencia","status":"publish","type":"post","link":"https:\/\/www.europesays.com\/es\/215117\/","title":{"rendered":"Lazkano, ciclista, sobre su suspensi\u00f3n provisional por dopaje: \u00abDemostrar\u00e9 mi inocencia\u00bb"},"content":{"rendered":"\n<ul class=\"bodyList bodyList--unordered\">\n<li class=\"bodyList__item\"><a href=\"https:\/\/www.elconfidencial.com\/deportes\/ciclismo\/2025-10-28\/sueno-israel-acoger-tour-francia-todo-es-posible-tuvimos-giro-italia_4237168\/\" target=\"_self\" rel=\"nofollow noopener\">El sue\u00f1o de Israel de albergar la salida del Tour de Francia: \u00abYa tuvimos el Giro de Italia, todo es posible\u00bb<\/a><\/li>\n<li class=\"bodyList__item\"><a href=\"https:\/\/profile.google.com\/cp\/CgsvZy8xMjI2ZzRoMA\" target=\"_blank\" rel=\"nofollow noopener\">Sigue a El Confidencial en Google Discover para enterarte de todas las noticias<\/a><\/li>\n<\/ul>\n<p> El pasado 30 de octubre, la <strong>Uni\u00f3n Ciclista Internacional <\/strong>(<a href=\"https:\/\/www.elconfidencial.com\/deportes\/ciclismo\/2025-09-15\/uci-vuelta-pedro-sanchez-manifestaciones-palestina_4209521\/\" target=\"_self\" rel=\"nofollow noopener\">UCI<\/a>) anunci\u00f3 la suspensi\u00f3n provisional a <strong>Oier Lazkano <\/strong>por<strong> \u00abanomal\u00edas inexplicables\u00bb <\/strong>en su Pasaporte Biol\u00f3gico del Atleta (PBA) durante los a\u00f1os 2022, 2023 y 2024. Esto tambi\u00e9n provoc\u00f3 que su equipo, el <strong>Red Bull-BORA-Hansgrohe comunicase su despido<\/strong> a ra\u00edz de esta suspensi\u00f3n. <\/p>\n<p> Tres d\u00edas despu\u00e9s de conocerse la notificaci\u00f3n de la <strong>UCI<\/strong>, el ciclista vasco ha decidido romper su silencio para defender su inocencia a trav\u00e9s de un comunicado oficial que comienza de la siguiente forma: <strong>\u00abQuiero dejar absolutamente claro que nunca he utilizado <a href=\"https:\/\/www.elconfidencial.com\/deportes\/ciclismo\/2025-08-11\/bjarne-riis-ganador-tour-francia-1996-reconoce-que-dopado-no-me-arrepiento-era-habitual_4189550\/\" target=\"_self\" rel=\"nofollow noopener\">sustancias dopantes<\/a> ni m\u00e9todos prohibidos\u00bb.<\/strong> <\/p>\n<p> El que fuera<strong> <a href=\"https:\/\/www.elconfidencial.com\/deportes\/ciclismo\/2025-09-02\/miguel-indurain-nivel-ciclismo-espanol-actual-buenos-corredores-faltan-ganadores_4200918\/\" target=\"_self\" rel=\"nofollow noopener\">campe\u00f3n de Espa\u00f1a<\/a><\/strong> ha dejado claro que siempre ha respetado las normas y los valores del ciclismo y que su carrera<strong> \u00abse ha construido sobre el esfuerzo, la dedicaci\u00f3n, la honestidad y el trabajo diario\u00bb.<\/strong> <\/p>\n<p>              <img decoding=\"async\" class=\"inTextNews__img\" alt=\"Foto: kyrgios-ataca-sinner-positivo-apunta-atp-lo-estan-protegiendo\" src=\"https:\/\/www.europesays.com\/es\/wp-content\/uploads\/2025\/11\/f.elconfidencial.com\/original\/b2b\/a05\/b5f\/b2ba05b5f073f84b99f2c3d70785ef25.jpg\"  \/>     <\/p>\n<p>TE PUEDE INTERESAR<\/p>\n<p>      <a class=\"inTextNews__title\" href=\"https:\/\/www.elconfidencial.com\/deportes\/tenis\/2025-10-15\/kyrgios-ataca-sinner-positivo-apunta-atp-lo-estan-protegiendo_4228758\/\" onclick=\"window.ECCO.emit(&#039;amplitude&#039;, { dataEventName: &#039;click_related_article_module&#039;, data: { related_article_url: &#039;https:\/\/www.elconfidencial.com\/deportes\/tenis\/2025-10-15\/kyrgios-ataca-sinner-positivo-apunta-atp-lo-estan-protegiendo_4228758\/&#039;, related_article_author: &#039;\u00c1lvaro El\u00edas&#039;, related_article_section: &#039;tenis&#039; } })\" rel=\"nofollow noopener\" target=\"_blank\"> Kyrgios ataca de nuevo a Sinner por su positivo en dopaje y apunta a la ATP: \u00abLo est\u00e1n protegiendo\u00bb <\/a>   <\/p>\n<p>    El Confidencial   <\/p>\n<p> El ex de Movistar se define como <strong>\u00abun deportista limpio y una persona \u00edntegra\u00bb<\/strong> y asegur\u00f3 que llegar\u00e1 hasta el final para proteger su inocencia. \u00ab<strong>Defender\u00e9 mi reputaci\u00f3n y har\u00e9 todo lo necesario para demostrar mi inocencia total <\/strong>y mi completa ajenidad a cualquier conducta il\u00edcita\u00bb. <\/p>\n<p> El corredor vasco ya tiene a su equipo m\u00e9dico-legal para tomar las acciones necesarias para \u00ab<strong>demostrar mi integridad\u00bb <\/strong>y conf\u00eda \u00aben la verdad y en la justicia deportiva\u00bb. Termina insistiendo en su objetivo de preservar su inocencia: \u00abContinuar\u00e9, con determinaci\u00f3n y transparencia, <strong>defendiendo mi nombre y mi dignidad profesional\u00bb.<\/strong> <\/p>\n","protected":false},"excerpt":{"rendered":"El sue\u00f1o de Israel de albergar la salida del Tour de Francia: \u00abYa tuvimos el Giro de Italia,&hellip;\n","protected":false},"author":2,"featured_media":215118,"comment_status":"","ping_status":"","sticky":false,"template":"","format":"standard","meta":{"footnotes":""},"categories":[273],"tags":[313,312,168,25,24,23,167],"class_list":{"0":"post-215117","1":"post","2":"type-post","3":"status-publish","4":"format-standard","5":"has-post-thumbnail","7":"category-ciclismo","8":"tag-ciclismo","9":"tag-cycling","10":"tag-deportes","11":"tag-es","12":"tag-espana","13":"tag-spain","14":"tag-sports"},"share_on_mastodon":{"url":"https:\/\/pubeurope.com\/@es\/115482313792103759","error":""},"_links":{"self":[{"href":"https:\/\/www.europesays.com\/es\/wp-json\/wp\/v2\/posts\/215117","targetHints":{"allow":["GET"]}}],"collection":[{"href":"https:\/\/www.europesays.com\/es\/wp-json\/wp\/v2\/posts"}],"about":[{"href":"https:\/\/www.europesays.com\/es\/wp-json\/wp\/v2\/types\/post"}],"author":[{"embeddable":true,"href":"https:\/\/www.europesays.com\/es\/wp-json\/wp\/v2\/users\/2"}],"replies":[{"embeddable":true,"href":"https:\/\/www.europesays.com\/es\/wp-json\/wp\/v2\/comments?post=215117"}],"version-history":[{"count":0,"href":"https:\/\/www.europesays.com\/es\/wp-json\/wp\/v2\/posts\/215117\/revisions"}],"wp:featuredmedia":[{"embeddable":true,"href":"https:\/\/www.europesays.com\/es\/wp-json\/wp\/v2\/media\/215118"}],"wp:attachment":[{"href":"https:\/\/www.europesays.com\/es\/wp-json\/wp\/v2\/media?parent=215117"}],"wp:term":[{"taxonomy":"category","embeddable":true,"href":"https:\/\/www.europesays.com\/es\/wp-json\/wp\/v2\/categories?post=215117"},{"taxonomy":"post_tag","embeddable":true,"href":"https:\/\/www.europesays.com\/es\/wp-json\/wp\/v2\/tags?post=215117"}],"curies":[{"name":"wp","href":"https:\/\/api.w.org\/{rel}","templated":true}]}}