{"id":215119,"date":"2025-11-02T21:51:13","date_gmt":"2025-11-02T21:51:13","guid":{"rendered":"https:\/\/www.europesays.com\/es\/215119\/"},"modified":"2025-11-02T21:51:13","modified_gmt":"2025-11-02T21:51:13","slug":"en-el-tramo-final-nos-hemos-quedado-sin-bateria","status":"publish","type":"post","link":"https:\/\/www.europesays.com\/es\/215119\/","title":{"rendered":"En el tramo final nos hemos quedado sin bater\u00eda"},"content":{"rendered":"<p class=\"paragraph\">Jes\u00fas Ram\u00edrez, entrenador de Casademont Zaragoza, ha lamentado este domingo que su equipo haya salido <b>\u00abparado\u00bb tras el descanso, <\/b>lo que le ha puesto <a href=\"https:\/\/www.heraldo.es\/noticias\/deportes\/baloncesto\/2025\/11\/02\/casademont-zaragoza-cede-recta-final-ante-real-madrid-1867035.html\" title=\"El Casademont Zaragoza cede en la recta final ante el Real Madrid\" rel=\"nofollow noopener\" target=\"_blank\">el partido muy cuesta arriba ante el Real Madrid (83-95),<\/a> en la quinta jornada de la Liga Endesa.\u00a0<\/p>\n<p class=\"paragraph\">\u00abHemos salido del vestuario parados, aunque<b> hemos demostrado que el car\u00e1cter est\u00e1 ah\u00ed. <\/b>A cinco minutos del final nos hemos quedado sin mentalidad y sin bater\u00eda\u00bb, ha explicado Ram\u00edrez al finalizar el encuentro.<\/p>\n<p class=\"paragraph\">El t\u00e9cnico del Casademont Zaragoza ha felicitado en primer lugar al Real Madrid por su triunfo y ha agradecido el apoyo que le han dado al equipo aragon\u00e9s los <b>7.588 espectadores <\/b>que han estado en las gradas del pabell\u00f3n Pr\u00edncipe Felipe. \u00abHemos estado otra vez juntos y los hemos sentido y notado y, por momentos, hemos visto que vamos en la direcci\u00f3n correcta\u00bb, ha subrayado.<\/p>\n<p class=\"paragraph\">Uno de los errores que Ram\u00edrez cree que han cometido ante los madridistas ha sido \u00abtratar de contrarrestar, leer y ejecutar muchas propuestas que hac\u00eda el Madrid\u00bb, y eso ha supuesto <b>\u00abdemasiada penalizaci\u00f3n\u00bb.<\/b><\/p>\n<p class=\"paragraph\">\u00abNos hemos olvidado de jugar un poco m\u00e1s sueltos y<b> con m\u00e1s confianza,<\/b> y de acabar alguna situaci\u00f3n generada desde una buen predisposici\u00f3n. Tenemos que buscar el balance entre lo que tenemos delante y ser nosotros mismos de una manera m\u00e1s natural. De esta forma, llegaremos a explotar m\u00e1s cosas\u00bb, ha a\u00f1adido el preparador del Casademont Zaragoza nada m\u00e1s finalizar el partido ante los blancos.<\/p>\n<p class=\"paragraph\">Asimismo, Ram\u00edrez ha asegurado que ha habido cosas que le \u00abhan gustado y otras que no\u00bb. El mi\u00e9rcoles espera <b>un partido \u00abmuy importante\u00bb ante Falco,<\/b> en Hungr\u00eda, en la cuarta jornada de la FIBA Europe Cup.\u00a0<\/p>\n<p>Sergio Scariolo, contento<\/p>\n<p class=\"paragraph\">Por su parte, Sergio Scariolo, entrenador del Real Madrid, se ha mostrado satisfecho del \u00abbuen rendimiento\u00bb que ha ofrecido su equipo en Zaragoza, en su cuarto partido en ocho d\u00edas, para lograr su primera victoria de la temporada fuera de casa.\u00a0\u00abHemos respondido bastante bien. <b>Con doble jornada esta semana de Euroliga, <\/b>es una buena noticia que hayamos sido capaces de mantener esa energ\u00eda\u00bb, ha asegurado el t\u00e9cnico del conjunto blanco.<\/p>\n<p class=\"paragraph\">El exseleccionador nacional ha calificado el encuentro como \u00abbueno\u00bb y ha reconocido que han encontrado<b> \u00abmuchas dificultades\u00bb,<\/b> tanto por el ambiente que genera la afici\u00f3n aragonesa en el pabell\u00f3n Pr\u00edncipe Felipe como \u00abpor el estilo de juego\u00bb del Casademont, \u00abcon mucha velocidad que castiga con muchas p\u00e9rdidas\u00bb. Scariolo tambi\u00e9n ha destacado los \u00abmomentos de gran clase de Santi Yusta y Bell-Haynes\u00bb.<\/p>\n","protected":false},"excerpt":{"rendered":"Jes\u00fas Ram\u00edrez, entrenador de Casademont Zaragoza, ha lamentado este domingo que su equipo haya salido \u00abparado\u00bb tras el&hellip;\n","protected":false},"author":2,"featured_media":215120,"comment_status":"","ping_status":"","sticky":false,"template":"","format":"standard","meta":{"footnotes":""},"categories":[269],"tags":[299,298,49675,2511,168,2226,25,24,34614,23,167,491],"class_list":{"0":"post-215119","1":"post","2":"type-post","3":"status-publish","4":"format-standard","5":"has-post-thumbnail","7":"category-baloncesto","8":"tag-baloncesto","9":"tag-basketball","10":"tag-bateria","11":"tag-casademont","12":"tag-deportes","13":"tag-entrenador","14":"tag-es","15":"tag-espana","16":"tag-quedado","17":"tag-spain","18":"tag-sports","19":"tag-zaragoza"},"share_on_mastodon":{"url":"https:\/\/pubeurope.com\/@es\/115482321536233696","error":""},"_links":{"self":[{"href":"https:\/\/www.europesays.com\/es\/wp-json\/wp\/v2\/posts\/215119","targetHints":{"allow":["GET"]}}],"collection":[{"href":"https:\/\/www.europesays.com\/es\/wp-json\/wp\/v2\/posts"}],"about":[{"href":"https:\/\/www.europesays.com\/es\/wp-json\/wp\/v2\/types\/post"}],"author":[{"embeddable":true,"href":"https:\/\/www.europesays.com\/es\/wp-json\/wp\/v2\/users\/2"}],"replies":[{"embeddable":true,"href":"https:\/\/www.europesays.com\/es\/wp-json\/wp\/v2\/comments?post=215119"}],"version-history":[{"count":0,"href":"https:\/\/www.europesays.com\/es\/wp-json\/wp\/v2\/posts\/215119\/revisions"}],"wp:featuredmedia":[{"embeddable":true,"href":"https:\/\/www.europesays.com\/es\/wp-json\/wp\/v2\/media\/215120"}],"wp:attachment":[{"href":"https:\/\/www.europesays.com\/es\/wp-json\/wp\/v2\/media?parent=215119"}],"wp:term":[{"taxonomy":"category","embeddable":true,"href":"https:\/\/www.europesays.com\/es\/wp-json\/wp\/v2\/categories?post=215119"},{"taxonomy":"post_tag","embeddable":true,"href":"https:\/\/www.europesays.com\/es\/wp-json\/wp\/v2\/tags?post=215119"}],"curies":[{"name":"wp","href":"https:\/\/api.w.org\/{rel}","templated":true}]}}