{"id":215140,"date":"2025-11-02T22:04:12","date_gmt":"2025-11-02T22:04:12","guid":{"rendered":"https:\/\/www.europesays.com\/es\/215140\/"},"modified":"2025-11-02T22:04:12","modified_gmt":"2025-11-02T22:04:12","slug":"cinco-alpinistas-alemanes-mueren-en-una-avalancha-en-los-alpes-italianos","status":"publish","type":"post","link":"https:\/\/www.europesays.com\/es\/215140\/","title":{"rendered":"Cinco alpinistas alemanes mueren en una avalancha en los Alpes italianos"},"content":{"rendered":"<p>      Reuters<br \/>\n        \u00a0\u2014\u00a0<\/p>\n<p class=\"paragraph inline-placeholder vossi-paragraph\" data-uri=\"es.cms.cnn.com\/_components\/paragraph\/instances\/cmhhz812r004s26pa81qi2acw@published\" data-editable=\"text\" data-component-name=\"paragraph\" data-article-gutter=\"true\">\n            Cinco alpinistas alemanes murieron tras quedar atrapados en una avalancha en los Alpes italianos, informaron las autoridades locales este domingo.\n    <\/p>\n<p class=\"paragraph inline-placeholder vossi-paragraph\" data-uri=\"es.cms.cnn.com\/_components\/paragraph\/instances\/cmhhz90130004356n72xaq1v9@published\" data-editable=\"text\" data-component-name=\"paragraph\" data-article-gutter=\"true\">\n            Los escaladores hab\u00edan partido el s\u00e1bado para ascender la cima Vertana, en la cordillera de Ortler, cerca del pueblo de Solda. La avalancha se produjo mientras se dirig\u00edan hacia la cumbre.\n    <\/p>\n<p class=\"paragraph inline-placeholder vossi-paragraph\" data-uri=\"es.cms.cnn.com\/_components\/paragraph\/instances\/cmhhz90130005356nr6njp8w2@published\" data-editable=\"text\" data-component-name=\"paragraph\" data-article-gutter=\"true\">\n            La ca\u00edda de nieve y hielo arrastr\u00f3 a los integrantes de dos equipos que iban encordados. Los cuerpos de dos hombres y una mujer fueron recuperados el s\u00e1bado, mientras que las otras dos v\u00edctimas, un padre y su hija de 17 a\u00f1os, fueron hallados el domingo.\n    <\/p>\n<p class=\"paragraph inline-placeholder vossi-paragraph\" data-uri=\"es.cms.cnn.com\/_components\/paragraph\/instances\/cmhhz90130006356n2dc5cvni@published\" data-editable=\"text\" data-component-name=\"paragraph\" data-article-gutter=\"true\">\n            Otros dos alpinistas lograron salir ilesos.\n    <\/p>\n<p class=\"paragraph inline-placeholder vossi-paragraph\" data-uri=\"es.cms.cnn.com\/_components\/paragraph\/instances\/cmhhz90130007356nprzuo6tc@published\" data-editable=\"text\" data-component-name=\"paragraph\" data-article-gutter=\"true\">\n            El macizo de Ortler, parte de los Alpes italianos y cercano a la frontera con Suiza, es un destino popular entre excursionistas y escaladores experimentados.\n    <\/p>\n","protected":false},"excerpt":{"rendered":"Reuters \u00a0\u2014\u00a0 Cinco alpinistas alemanes murieron tras quedar atrapados en una avalancha en los Alpes italianos, informaron las&hellip;\n","protected":false},"author":2,"featured_media":215141,"comment_status":"","ping_status":"","sticky":false,"template":"","format":"standard","meta":{"footnotes":""},"categories":[42],"tags":[57828,57827,23121,17,18,13,14,11,61,62,63,64,19,20,9,10,15,16,12,21,22,65,66,67],"class_list":{"0":"post-215140","1":"post","2":"type-post","3":"status-publish","4":"format-standard","5":"has-post-thumbnail","7":"category-internacional","8":"tag-alpes-italianos","9":"tag-alpinistas","10":"tag-avalancha","11":"tag-breaking-news","12":"tag-breakingnews","13":"tag-featured-news","14":"tag-featurednews","15":"tag-headlines","16":"tag-internacional","17":"tag-international","18":"tag-international-news","19":"tag-internationalnews","20":"tag-latest-news","21":"tag-latestnews","22":"tag-news","23":"tag-noticias","24":"tag-noticias-destacadas","25":"tag-noticiasdestacadas","26":"tag-titulares","27":"tag-ultimas-noticias","28":"tag-ultimasnoticias","29":"tag-world","30":"tag-world-news","31":"tag-worldnews"},"share_on_mastodon":{"url":"https:\/\/pubeurope.com\/@es\/115482372725769175","error":""},"_links":{"self":[{"href":"https:\/\/www.europesays.com\/es\/wp-json\/wp\/v2\/posts\/215140","targetHints":{"allow":["GET"]}}],"collection":[{"href":"https:\/\/www.europesays.com\/es\/wp-json\/wp\/v2\/posts"}],"about":[{"href":"https:\/\/www.europesays.com\/es\/wp-json\/wp\/v2\/types\/post"}],"author":[{"embeddable":true,"href":"https:\/\/www.europesays.com\/es\/wp-json\/wp\/v2\/users\/2"}],"replies":[{"embeddable":true,"href":"https:\/\/www.europesays.com\/es\/wp-json\/wp\/v2\/comments?post=215140"}],"version-history":[{"count":0,"href":"https:\/\/www.europesays.com\/es\/wp-json\/wp\/v2\/posts\/215140\/revisions"}],"wp:featuredmedia":[{"embeddable":true,"href":"https:\/\/www.europesays.com\/es\/wp-json\/wp\/v2\/media\/215141"}],"wp:attachment":[{"href":"https:\/\/www.europesays.com\/es\/wp-json\/wp\/v2\/media?parent=215140"}],"wp:term":[{"taxonomy":"category","embeddable":true,"href":"https:\/\/www.europesays.com\/es\/wp-json\/wp\/v2\/categories?post=215140"},{"taxonomy":"post_tag","embeddable":true,"href":"https:\/\/www.europesays.com\/es\/wp-json\/wp\/v2\/tags?post=215140"}],"curies":[{"name":"wp","href":"https:\/\/api.w.org\/{rel}","templated":true}]}}