{"id":21515,"date":"2025-08-02T22:29:07","date_gmt":"2025-08-02T22:29:07","guid":{"rendered":"https:\/\/www.europesays.com\/es\/21515\/"},"modified":"2025-08-02T22:29:07","modified_gmt":"2025-08-02T22:29:07","slug":"tres-anos-y-165-millones-de-dolares","status":"publish","type":"post","link":"https:\/\/www.europesays.com\/es\/21515\/","title":{"rendered":"tres a\u00f1os y 165 millones de d\u00f3lares"},"content":{"rendered":"<p>02\/08\/2025<br \/>\n<br \/><strong><br \/>\nActualizado a las 20:10h.<br \/>\n<\/strong><\/p>\n<p class=\"voc-p\" style=\"\"><strong>Luka Doncic<\/strong> ha firmado este s\u00e1bado su renovaci\u00f3n<a href=\"https:\/\/www.abc.com.py\/tag\/los-angeles-lakers\/#!\" title=\"www.abc.com.py\" data-voc-vtm-id=\"in-text-traffic\" data-mrf-link=\"www.abc.com.py\" rel=\"nofollow noopener\" target=\"_blank\"> con Los \u00c1ngeles Lakers<\/a>, apenas medio a\u00f1o despu\u00e9s de su medi\u00e1tico traspaso desde los Dallas Mavericks. El jugador esloveno continuar\u00e1 vinculado a la franquicia p\u00farpura y dorada <strong>durante las pr\u00f3ximas tres temporadas<\/strong>, con el objetivo de sumar t\u00edtulos de la NBA a su palmar\u00e9s y al del club.<\/p>\n<p class=\"voc-p\" style=\"\">\u00abAcabo de firmar mi extensi\u00f3n con los Lakers. Estoy emocionado por seguir trabajando para traer campeonatos a Los \u00c1ngeles y <a href=\"https:\/\/www.abc.es\/deportes\/baloncesto\/fanaticos-lakers-acuden-llamado-apoyo-pasar-ronda-20250423045107-vi.html\" title=\"www.abc.es\" data-voc-vtm-id=\"in-text-traffic\" data-mrf-link=\"www.abc.es\" rel=\"nofollow noopener\" target=\"_blank\">enorgullecer a la Naci\u00f3n Laker<\/a>. Agradecido con los Lakers, mis compa\u00f1eros y todos los aficionados que me han mostrado tanto cari\u00f1o desde el primer d\u00eda. Esto es solo el principio\u00bb, public\u00f3 el propio jugador en su cuenta de la red social X.<\/p>\n<p class=\"voc-p\" style=\"\">De acuerdo con diversos medios estadounidenses, el contrato que ha firmado el base con los Lakers cuenta con una particularidad: el tercer a\u00f1o<strong> es una opci\u00f3n que solo puede ejercer el propio jugador<\/strong>. A <a href=\"https:\/\/www.abc.es\/deportes\/baloncesto\/explica-luka-doncic-impactante-cambio-fisico-mundo-20250729095359-nt.html\" title=\"www.abc.es\" data-voc-vtm-id=\"in-text-traffic\" data-mrf-link=\"www.abc.es\" rel=\"nofollow noopener\" target=\"_blank\">Doncic a\u00fan le quedaba una campa\u00f1a garantizada de su contrato actual<\/a>, por lo que, al sumar las tres nuevas temporadas, su v\u00ednculo con la franquicia angelina se extender\u00eda hasta 2029. No obstante, dado que el \u00faltimo a\u00f1o es opcional y que en 2028 cumplir\u00e1 diez temporadas en la NBA, condici\u00f3n que le permitir\u00e1 optar a un contrato superm\u00e1ximo de cinco a\u00f1os y 418 millones, se prev\u00e9 que no haga uso de esa opci\u00f3n y negocie<strong> un nuevo acuerdo a partir de 2028<\/strong>.<\/p>\n<p class=\"voc-p\" style=\"\">Los Lakers tambi\u00e9n han anunciado la renovaci\u00f3n en sus redes sociales, refiri\u00e9ndose al acuerdo como \u00abel inicio del camino\u00bb. Doncic, que ten\u00eda la opci\u00f3n de convertirse en agente libre al final de la pr\u00f3xima temporada, ha optado<strong> por continuar su trayectoria<\/strong> con una de las franquicias m\u00e1s hist\u00f3ricas de la NBA. Con esta extensi\u00f3n, los Lakers <a href=\"https:\/\/www.abc.es\/noticias\/luka-doncic\/\" title=\"www.abc.es\" data-voc-vtm-id=\"in-text-traffic\" data-mrf-link=\"www.abc.es\" rel=\"nofollow noopener\" target=\"_blank\">reafirman su apuesta por Doncic como figura principal del futuro<\/a>.<\/p>\n<p class=\"voc-p\" style=\"\">Los de Los \u00c1ngeles se reforzaron este verano con los fichajes de Jake LaRavia, Deandre Ayton y Marcus Smart. Seg\u00fan la ESPN, el <a href=\"https:\/\/www.abc.es\/deportes\/baloncesto\/madrid-ficha-chuma-okeke-cleveland-cavaliers-20250730111443-nt.html\" title=\"www.abc.es\" data-voc-vtm-id=\"in-text-traffic\" data-mrf-link=\"www.abc.es\" rel=\"nofollow noopener\" target=\"_blank\">nuevo contrato del ex del Real Madrid<\/a> es de <strong>165 millones de d\u00f3lares por tres temporadas<\/strong>, con la opci\u00f3n de un &#8216;s\u00faper-contrato&#8217; m\u00e1s adelante con el que maximizar los ingresos tras una mala operaci\u00f3n en su salida de Dallas.<\/p>\n<blockquote class=\"twitter-tweet\">\n<p lang=\"en\" dir=\"ltr\">I just signed my extension with the Lakers. Excited to keep working to bring championships to LA and make Laker Nation proud. Grateful to the Lakers, my teammates and all the fans who\u2019ve shown so much love since day one. This is just the beginning. \ud83d\udc9c\ud83d\udc9b <a href=\"https:\/\/t.co\/PrTfTxxlpU\" rel=\"nofollow\">pic.twitter.com\/PrTfTxxlpU<\/a><\/p>\n<p>\u2014 Luka Doncic (@luka7doncic) <a href=\"https:\/\/twitter.com\/luka7doncic\/status\/1951679249490026636?ref_src=twsrc%5Etfw\" rel=\"nofollow noopener\" target=\"_blank\">August 2, 2025<\/a><\/p><\/blockquote>\n<p class=\"voc-p\" style=\"\">El esloveno anunci\u00f3 adem\u00e1s<strong> la donaci\u00f3n de cinco millones de d\u00f3lares<\/strong> para ayudar a 77 j\u00f3venes atletas de todo el mundo a perseguir sus sue\u00f1os. \u00abEl baloncesto me lo dio todo, y tengo la suerte de poder retribuir y ayudar a la pr\u00f3xima generaci\u00f3n\u00bb, explic\u00f3 en sus redes sociales.<\/p>\n<p>Reportar un error<\/p>\n<p><script async src=\"https:\/\/platform.twitter.com\/widgets.js\" charset=\"utf-8\"><\/script><\/p>\n","protected":false},"excerpt":{"rendered":"02\/08\/2025 Actualizado a las 20:10h. Luka Doncic ha firmado este s\u00e1bado su renovaci\u00f3n con Los \u00c1ngeles Lakers, apenas&hellip;\n","protected":false},"author":2,"featured_media":21516,"comment_status":"","ping_status":"","sticky":false,"template":"","format":"standard","meta":{"footnotes":""},"categories":[269],"tags":[12742,988,299,298,168,7988,7426,25,24,10200,4724,3371,1135,23,167,603],"class_list":{"0":"post-21515","1":"post","2":"type-post","3":"status-publish","4":"format-standard","5":"has-post-thumbnail","7":"category-baloncesto","8":"tag-12742","9":"tag-anos","10":"tag-baloncesto","11":"tag-basketball","12":"tag-deportes","13":"tag-dolares","14":"tag-doncic","15":"tag-es","16":"tag-espana","17":"tag-luka","18":"tag-millones","19":"tag-oro","20":"tag-renovacion","21":"tag-spain","22":"tag-sports","23":"tag-tres"},"share_on_mastodon":{"url":"","error":""},"_links":{"self":[{"href":"https:\/\/www.europesays.com\/es\/wp-json\/wp\/v2\/posts\/21515","targetHints":{"allow":["GET"]}}],"collection":[{"href":"https:\/\/www.europesays.com\/es\/wp-json\/wp\/v2\/posts"}],"about":[{"href":"https:\/\/www.europesays.com\/es\/wp-json\/wp\/v2\/types\/post"}],"author":[{"embeddable":true,"href":"https:\/\/www.europesays.com\/es\/wp-json\/wp\/v2\/users\/2"}],"replies":[{"embeddable":true,"href":"https:\/\/www.europesays.com\/es\/wp-json\/wp\/v2\/comments?post=21515"}],"version-history":[{"count":0,"href":"https:\/\/www.europesays.com\/es\/wp-json\/wp\/v2\/posts\/21515\/revisions"}],"wp:featuredmedia":[{"embeddable":true,"href":"https:\/\/www.europesays.com\/es\/wp-json\/wp\/v2\/media\/21516"}],"wp:attachment":[{"href":"https:\/\/www.europesays.com\/es\/wp-json\/wp\/v2\/media?parent=21515"}],"wp:term":[{"taxonomy":"category","embeddable":true,"href":"https:\/\/www.europesays.com\/es\/wp-json\/wp\/v2\/categories?post=21515"},{"taxonomy":"post_tag","embeddable":true,"href":"https:\/\/www.europesays.com\/es\/wp-json\/wp\/v2\/tags?post=21515"}],"curies":[{"name":"wp","href":"https:\/\/api.w.org\/{rel}","templated":true}]}}