{"id":215163,"date":"2025-11-02T22:26:12","date_gmt":"2025-11-02T22:26:12","guid":{"rendered":"https:\/\/www.europesays.com\/es\/215163\/"},"modified":"2025-11-02T22:26:12","modified_gmt":"2025-11-02T22:26:12","slug":"makoke-actualiza-el-estado-de-salud-de-su-nuera-marina-romero","status":"publish","type":"post","link":"https:\/\/www.europesays.com\/es\/215163\/","title":{"rendered":"Makoke actualiza el estado de salud de su nuera, Marina Romero"},"content":{"rendered":"<p data-journey-content=\"true\" data-node-id=\"3\" class=\"css-6wxqfj emevuu60\"><strong data-node-id=\"3.0\">Makoke ha hablado por primera vez de c\u00f3mo se encuentra su nuera, Marina Romero<\/strong> despu\u00e9s de que la joven hiciese p\u00fablico que se encuentra luchando contra una enfermedad. Fue a finales de verano cuando Makoke se vio obligada a cancelar su boda con su prometido, Gonzalo. En ese momento, fue objeto de cr\u00edticas pues muchos pensaban que la historia se repet\u00eda como en la primera boda de su novio. Sin embargo, nada m\u00e1s lejos de la realidad. La pareja se ve\u00eda obligada a posponer la celebraci\u00f3n de su enlace por este contratiempo de salud que se encuentra atravesando la novia de su hijo Javier Tudela. <\/p>\n<p data-journey-content=\"true\" data-node-id=\"6\" class=\"css-6wxqfj emevuu60\">Marina compart\u00eda un v\u00eddeo en redes sociales en la que confirmaba que le hab\u00edan detectado una enfermedad y se encontraba en pleno tratamiento en la Cl\u00ednica Universidad de Navarra. Han pasado dos meses y a pesar de la enfermedad, Javier Tudela y Marina Romero se enfrentan a un nuevo proyecto profesional. Makoke se ha mostrado muy emocionada al ver las im\u00e1genes de su nuera, volcada en su trabajo a pesar de todo. <\/p>\n<p data-journey-content=\"true\" data-node-id=\"9\" class=\"css-6wxqfj emevuu60\">\u00abLa vida es un camino de obst\u00e1culos y este es uno m\u00e1s. <strong data-node-id=\"9.1\">Estamos muy bien, ellos son una familia incre\u00edble, son los cuatro una pi\u00f1a.<\/strong> Da gusto verlos, c\u00f3mo se quieren&#8230; Van camino de los nueve a\u00f1os juntos.<strong data-node-id=\"9.3\"> Son una pareja s\u00f3lida y bonita.<\/strong> Convivo mucho con ellos y jam\u00e1s he visto una pelea, es digno de admirar\u00bb, son parte de sus palabras  que les ha dedicado Makoke. <\/p>\n<p><img draggable=\"true\" alt=\"javier tudela y su pareja, marina romero\" title=\"Javier Tudela y su pareja, Marina Romero\" loading=\"lazy\" width=\"3000\" height=\"1974\" decoding=\"async\" data-nimg=\"1\" style=\"color:transparent;width:100%;height:auto;\"   src=\"https:\/\/www.europesays.com\/es\/wp-content\/uploads\/2025\/11\/javier-tudela-marina-romero-68d1509653804.jpg\" class=\"css-0 e1g79fud0\"\/><\/p>\n<p>Gtres<\/p>\n<p data-journey-content=\"true\" data-node-id=\"14\" class=\"css-6wxqfj emevuu60\">La colaboradora de &#8216;Fiesta&#8217; se mostraba muy emocionada al ver las im\u00e1genes que ha mostrado el programa presentado por Emma Garc\u00eda. La pareja ha emprendido un nuevo negocio relacionado con la hosteler\u00eda y han sido fotografiados mientras est\u00e1n gestionando papeles y comprando material. A ambos se les ve muy implicados con este nuevo proyecto juntos y as\u00ed lo confirma Makoke. <\/p>\n<p data-journey-content=\"true\" data-node-id=\"16\" class=\"css-6wxqfj emevuu60\">\u00ab<strong data-node-id=\"16.1\">Ellos son parte de un nuevo proyecto en el mercado de Aravaca<\/strong> y son unos jabatos. <strong data-node-id=\"16.3\">Marina no para de trabajar, est\u00e1 muy ilusionada<\/strong>. Son gente joven y es normal que tienen que trabajar\u00bb, comenta Makoke. Aunque no ha querido hablar mucho sobre c\u00f3mo se encuentra su nuera y c\u00f3mo est\u00e1 funcionando el tratamiento pues cree que no es ella la que tiene que hablar de esto ha confirmado que <strong data-node-id=\"16.5\">\u00abest\u00e1 todo bien y no puedo decir m\u00e1s porque a m\u00ed no me concierne decirlo\u00bb<\/strong>.<\/p>\n<p data-journey-content=\"true\" data-node-id=\"18\" class=\"css-6wxqfj emevuu60\">Adem\u00e1s Makoke ha hecho una significativa reflexi\u00f3n tras este bache de salud que se encuentra atravesado su familia. \u00abSoy cada d\u00eda m\u00e1s consciente de que <strong data-node-id=\"18.1\">hay que disfrutar de cada minuto de la vida<\/strong>, que los problemas importantes son los de la salud. Todos los dem\u00e1s, se arreglan\u00bb.<\/p>\n<p><img src=\"https:\/\/www.europesays.com\/es\/wp-content\/uploads\/2025\/11\/1762122372_130_4104b2dc-9d92-4a2f-a41f-327dc6377620_1734436473.jpg\" alt=\"Headshot of Valentina Vera\" title=\"Headshot of Valentina Vera\" width=\"100%\" height=\"100%\" decoding=\"async\" loading=\"lazy\" class=\"css-o0wq4v ev8dhu53\"\/><\/p>\n<p>Valentina Vera es una periodista experta en cr\u00f3nica rosa, realidad, &#8216;reality&#8217;, moda y belleza. Siempre al d\u00eda de las \u00faltimas novedades de los famosos nacionales e internacionales y de las casas reales europeas. Su trabajo como redactora le permite ser testigo de las bodas de los personajes m\u00e1s relevantes del panorama social; de alfombras rojas; de funerales de Estado o de acontecimientos hist\u00f3ricos: como la proclamaci\u00f3n de Felipe VI como Rey o la coronaci\u00f3n de Carlos III de Inglaterra.<br \/>\nLicenciada en Periodismo por la Universidad Complutense de Madrid. Comenz\u00f3 su andadura en el mundo del coraz\u00f3n en el a\u00f1o 2013 en la revista \u00a1Hola! Y desde 2014 forma parte del grupo Hearst, donde ha ido adquiriendo experiencia tanto en la edici\u00f3n impresa como en el formato web de la revista Diez Minutos.<br \/>\nEl medio digital le apasiona por la inmediatez en la que sus lectores pueden ser testigos de lo que sucede en la vida de los famosos desde cualquier parte del mundo. Instagram, Twitter y TikTok se han convertido en una herramienta m\u00e1s de informaci\u00f3n a la hora de crear, gestionar y organizar el contenido, ya que le permiten conocer la \u00faltima hora de lo que sucede en la vida de los famosos.<br \/>\nEn constante formaci\u00f3n de estrategias y t\u00e9cnicas de optimizaci\u00f3n digital para su trabajo como redactora, en la actualidad tambi\u00e9n se encuentra estudiando Diet\u00e9tica. Llevar un estilo de vida saludable es algo que le apasiona y cree que la nutrici\u00f3n es una parte fundamental.<\/p>\n","protected":false},"excerpt":{"rendered":"Makoke ha hablado por primera vez de c\u00f3mo se encuentra su nuera, Marina Romero despu\u00e9s de que la&hellip;\n","protected":false},"author":2,"featured_media":215164,"comment_status":"","ping_status":"","sticky":false,"template":"","format":"standard","meta":{"footnotes":""},"categories":[91],"tags":[253,146,147,25,24,23],"class_list":{"0":"post-215163","1":"post","2":"type-post","3":"status-publish","4":"format-standard","5":"has-post-thumbnail","7":"category-entretenimiento","8":"tag-discover","9":"tag-entertainment","10":"tag-entretenimiento","11":"tag-es","12":"tag-espana","13":"tag-spain"},"share_on_mastodon":{"url":"https:\/\/pubeurope.com\/@es\/115482459310018920","error":""},"_links":{"self":[{"href":"https:\/\/www.europesays.com\/es\/wp-json\/wp\/v2\/posts\/215163","targetHints":{"allow":["GET"]}}],"collection":[{"href":"https:\/\/www.europesays.com\/es\/wp-json\/wp\/v2\/posts"}],"about":[{"href":"https:\/\/www.europesays.com\/es\/wp-json\/wp\/v2\/types\/post"}],"author":[{"embeddable":true,"href":"https:\/\/www.europesays.com\/es\/wp-json\/wp\/v2\/users\/2"}],"replies":[{"embeddable":true,"href":"https:\/\/www.europesays.com\/es\/wp-json\/wp\/v2\/comments?post=215163"}],"version-history":[{"count":0,"href":"https:\/\/www.europesays.com\/es\/wp-json\/wp\/v2\/posts\/215163\/revisions"}],"wp:featuredmedia":[{"embeddable":true,"href":"https:\/\/www.europesays.com\/es\/wp-json\/wp\/v2\/media\/215164"}],"wp:attachment":[{"href":"https:\/\/www.europesays.com\/es\/wp-json\/wp\/v2\/media?parent=215163"}],"wp:term":[{"taxonomy":"category","embeddable":true,"href":"https:\/\/www.europesays.com\/es\/wp-json\/wp\/v2\/categories?post=215163"},{"taxonomy":"post_tag","embeddable":true,"href":"https:\/\/www.europesays.com\/es\/wp-json\/wp\/v2\/tags?post=215163"}],"curies":[{"name":"wp","href":"https:\/\/api.w.org\/{rel}","templated":true}]}}