{"id":215168,"date":"2025-11-02T22:29:08","date_gmt":"2025-11-02T22:29:08","guid":{"rendered":"https:\/\/www.europesays.com\/es\/215168\/"},"modified":"2025-11-02T22:29:08","modified_gmt":"2025-11-02T22:29:08","slug":"maldivas-prohibe-fumar-a-los-nacidos-a-partir-de-2007","status":"publish","type":"post","link":"https:\/\/www.europesays.com\/es\/215168\/","title":{"rendered":"Maldivas proh\u00edbe fumar a los nacidos a partir de 2007"},"content":{"rendered":"<p>    MADRID 2 Nov. (EUROPA PRESS) &#8211; <\/p>\n<p>   En la medianoche del s\u00e1bado al domingo ha entrado en vigor la prohibici\u00f3n de fumar para los nacidos en 2007 o en a\u00f1os posteriores impuesta por el Gobierno de Maldivas en lo que supone un caso pionero en el mundo y se conoce ya en el archipi\u00e9lago como la Prohibici\u00f3n Generacional.<\/p>\n<p>   El presidente maldivo, Mohamed Muizzu, ha firmado la entrada en vigor de la norma y ha defendido la \u00aberradicaci\u00f3n de los h\u00e1bitos no saludables mediante un esfuerzo social colectivo\u00bb, informa el peri\u00f3dico maldivo &#8216;Mihaaru&#8217;.<\/p>\n<p>   La nueva normativa eleva adem\u00e1s la edad m\u00ednima para comprar producos relacionados con el tabaco de los 18 a los 21 a\u00f1os y para ello exige que se verifique la edad en cada adquisici\u00f3n.<\/p>\n<p>   Los datos de aduanas indican que cada a\u00f1o se importan unos 500 millones de cigarrillos por un valor de 1.000 millones de rupias de Maldivas (unos 56 millones de euros), mientras que el gasto sanitario general supone un 9,7 por ciento del PIB del pa\u00eds.<\/p>\n<p>   El Ministerio de Sanidad ha organizado una carrera de relevos de 24 horas coincidiendo con la entrada en vigor de la nueva normativa para fomentar h\u00e1bitos saludables.<\/p>\n<p>   Desde el Ministerio han destacado los graves problemas que provocan los h\u00e1bitos no saludables y ha planteado la necesidad de fomentar la concienciaci\u00f3n, la prevenci\u00f3n y el apoyo para reducir los gastos sanitarios.<\/p>\n<p>   El pa\u00eds ya prohibi\u00f3 la importaci\u00f3n de cigarrillos electr\u00f3nicos y vapeadores el 15 de noviembre del a\u00f1o pasado para \u00abconstruir una generaci\u00f3n saludable\u00bb.<\/p>\n","protected":false},"excerpt":{"rendered":"MADRID 2 Nov. (EUROPA PRESS) &#8211; En la medianoche del s\u00e1bado al domingo ha entrado en vigor la&hellip;\n","protected":false},"author":2,"featured_media":215169,"comment_status":"","ping_status":"","sticky":false,"template":"","format":"standard","meta":{"footnotes":""},"categories":[42],"tags":[17,18,13,14,11,61,62,63,64,19,20,9,10,15,16,12,21,22,65,66,67],"class_list":{"0":"post-215168","1":"post","2":"type-post","3":"status-publish","4":"format-standard","5":"has-post-thumbnail","7":"category-internacional","8":"tag-breaking-news","9":"tag-breakingnews","10":"tag-featured-news","11":"tag-featurednews","12":"tag-headlines","13":"tag-internacional","14":"tag-international","15":"tag-international-news","16":"tag-internationalnews","17":"tag-latest-news","18":"tag-latestnews","19":"tag-news","20":"tag-noticias","21":"tag-noticias-destacadas","22":"tag-noticiasdestacadas","23":"tag-titulares","24":"tag-ultimas-noticias","25":"tag-ultimasnoticias","26":"tag-world","27":"tag-world-news","28":"tag-worldnews"},"share_on_mastodon":{"url":"https:\/\/pubeurope.com\/@es\/115482471025459087","error":""},"_links":{"self":[{"href":"https:\/\/www.europesays.com\/es\/wp-json\/wp\/v2\/posts\/215168","targetHints":{"allow":["GET"]}}],"collection":[{"href":"https:\/\/www.europesays.com\/es\/wp-json\/wp\/v2\/posts"}],"about":[{"href":"https:\/\/www.europesays.com\/es\/wp-json\/wp\/v2\/types\/post"}],"author":[{"embeddable":true,"href":"https:\/\/www.europesays.com\/es\/wp-json\/wp\/v2\/users\/2"}],"replies":[{"embeddable":true,"href":"https:\/\/www.europesays.com\/es\/wp-json\/wp\/v2\/comments?post=215168"}],"version-history":[{"count":0,"href":"https:\/\/www.europesays.com\/es\/wp-json\/wp\/v2\/posts\/215168\/revisions"}],"wp:featuredmedia":[{"embeddable":true,"href":"https:\/\/www.europesays.com\/es\/wp-json\/wp\/v2\/media\/215169"}],"wp:attachment":[{"href":"https:\/\/www.europesays.com\/es\/wp-json\/wp\/v2\/media?parent=215168"}],"wp:term":[{"taxonomy":"category","embeddable":true,"href":"https:\/\/www.europesays.com\/es\/wp-json\/wp\/v2\/categories?post=215168"},{"taxonomy":"post_tag","embeddable":true,"href":"https:\/\/www.europesays.com\/es\/wp-json\/wp\/v2\/tags?post=215168"}],"curies":[{"name":"wp","href":"https:\/\/api.w.org\/{rel}","templated":true}]}}