{"id":215172,"date":"2025-11-02T22:31:15","date_gmt":"2025-11-02T22:31:15","guid":{"rendered":"https:\/\/www.europesays.com\/es\/215172\/"},"modified":"2025-11-02T22:31:15","modified_gmt":"2025-11-02T22:31:15","slug":"asi-ha-anunciado-la-feliz-noticia-junto-a-mario-suarez","status":"publish","type":"post","link":"https:\/\/www.europesays.com\/es\/215172\/","title":{"rendered":"as\u00ed ha anunciado la feliz noticia junto a Mario Su\u00e1rez"},"content":{"rendered":"<p class=\"paragraph\" id=\"paragraph_1\"><a href=\"https:\/\/www.elespanol.com\/personajes\/malena_costa\/?utm_cmp_rs=linksinline\" rel=\"nofollow noopener\" target=\"_blank\"><strong>Malena Costa<\/strong><\/a> (36 a\u00f1os) y el exfutbolista <strong>Mario Su\u00e1rez<\/strong> (38) est\u00e1n de enhorabuena. La pareja ha compartido una feliz noticia que ha llenado de ilusi\u00f3n a su c\u00edrculo m\u00e1s cercano: <strong>esperan su tercer hijo<\/strong>.<\/p>\n<p class=\"paragraph\" id=\"paragraph_2\">La modelo mallorquina y el que fuera centrocampista en el Rayo Vallecano han anunciado la buena nueva en sus respectivas redes sociales, donde han compartido<strong> una fotograf\u00eda de la familia al completo. <\/strong><\/p>\n<p class=\"paragraph\" id=\"paragraph_3\">\u00abBaby \u201cM\u201d is coming\u00bb, han destacado. Llama la atenci\u00f3n de la imagen que la de Alc\u00fadia parece estar en<strong> un momento muy avanzado de su embarazo. <\/strong>Y es que su barriguita, que en su post besan sus dos hijos de manera muy cari\u00f1osa, es m\u00e1s que incipiente.<\/p>\n<p><img loading=\"lazy\" decoding=\"async\" alt=\"Dise\u00f1o sin t\u00edtulo - 2023-06-16T160412.712\" height=\"180\" src=\"https:\/\/www.europesays.com\/es\/wp-content\/uploads\/2025\/11\/771933356_234004147_320x180.jpg\" width=\"320\" data-lazy-status=\"processed\" data-lazy-info=\"remove loading item 1\"\/><\/p>\n<p><img decoding=\"async\" alt=\"Malena Costa y Mario Su\u00e1rez han anunciado la llegada de su tercer hijo en las redes sociales.\" data-imgm=\"true\" height=\"1152\" loading=\"lazy\"  src=\"https:\/\/www.europesays.com\/es\/wp-content\/uploads\/2025\/11\/1003743996443_259712944_960x1706.jpg\"  width=\"648\"\/><\/p>\n<p>                                                            Malena Costa y Mario Su\u00e1rez han anunciado la llegada de su tercer hijo en las redes sociales.<\/p>\n<p>                    Instagram<\/p>\n<p>Un embarazo lleno de emoci\u00f3n<\/p>\n<p class=\"paragraph\" id=\"paragraph_4\">La pareja, que ya son padres de dos hijos, <strong>Matilda<\/strong>, nacida en 2016, y <strong>Mario<\/strong>, nacido en 2017 \u2014 ampl\u00eda ahora su clan con esta nueva incorporaci\u00f3n.<\/p>\n<p class=\"paragraph\" id=\"paragraph_5\">De momento no han difundido el sexo del beb\u00e9 ni la fecha prevista para el parto, pero s\u00ed han dado pistas de la inicial por la que comenzar\u00e1 el nombre de su pr\u00f3ximo reto\u00f1o: la \u00abM&#8217;.<\/p>\n<p class=\"paragraph\" id=\"paragraph_6\">La modelo y el futbolista mantienen una <strong>relaci\u00f3n estable<\/strong> desde el <strong>a\u00f1o 2012<\/strong>, cuando se conocieron. Entonces, \u00e9l era jugador del Atl\u00e9tico de Madrid. Desde entonces han formado un n\u00facleo familiar firme, que ahora se fortalece con esta nueva etapa.<\/p>\n<p><img decoding=\"async\" alt=\"Malena Costa y Mario Su\u00e1rez contrajeron matrimonio el 17 de junio de 2017.\" data-imgm=\"true\" height=\"1152\" loading=\"lazy\"  src=\"https:\/\/www.europesays.com\/es\/wp-content\/uploads\/2025\/11\/1003743996453_259713079_960x1706.jpg\"  width=\"648\"\/><\/p>\n<p>                                                            Malena Costa y Mario Su\u00e1rez contrajeron matrimonio el 17 de junio de 2017.<\/p>\n<p>                    Instagram<\/p>\n<p>Ocho a\u00f1os casados<\/p>\n<p class=\"paragraph\" id=\"paragraph_7\">Se casaron el <strong>17 de junio de 2017<\/strong> en una<strong> boda sorpresa en Mallorca<\/strong>, organizada por el deportista. Malena acudi\u00f3 a la ceremonia pensando inicialmente que se trataba de una fiesta de cumplea\u00f1os. <\/p>\n<p class=\"paragraph\" id=\"paragraph_8\">Fue al llegar al lugar del enlace cuando se dio cuenta de que todo estaba listo para casarse. Desde que formalizaron su relaci\u00f3n forman una de las parejas m\u00e1s s\u00f3lidas y discretas del panorama del coraz\u00f3n.<\/p>\n<p class=\"paragraph\" id=\"paragraph_9\">En la actualidad, ella compagina su labor como modelo e influencer. El exdeportista, por su parte, ejerce su carrera profesional como <strong>director deportivo y comentarista en medios de comunicaci\u00f3n.<\/strong><\/p>\n<p class=\"paragraph\" id=\"paragraph_10\">Este nuevo beb\u00e9 dar\u00e1 un nuevo compa\u00f1ero de juegos a sus hijos, y los convertir\u00e1 en <strong>familia numerosa.<\/strong><\/p>\n<p><img decoding=\"async\" alt=\"Malena Costa, en una imagen de redes sociales.\" data-imgm=\"true\" height=\"180\" loading=\"lazy\"  src=\"https:\/\/www.europesays.com\/es\/wp-content\/uploads\/2025\/11\/933667357_254151752_1024x576.jpg\"  width=\"320\"\/><\/p>\n<p>                                                            Malena Costa, en una imagen de redes sociales.<\/p>\n<p>                    Instagram<\/p>\n<p>Ser madre \u00abha cambiado mi mundo\u00bb<\/p>\n<p class=\"paragraph\" id=\"paragraph_12\">\u201c<strong>Ser madre ha cambiado mi mundo interior,<\/strong> soy much\u00edsimo m\u00e1s sensible con todas las cosas que tengan que ver con ni\u00f1os\u00bb, ha admitido Malena Costa en su blog.<\/p>\n<p class=\"paragraph\" id=\"paragraph_13\">\u00abLa vida tiene much\u00edsimo m\u00e1s sentido ahora, <strong>tengo ganas de vivir<\/strong> y disfrutar cada momento junto a mis hijos\u2026 me ha hecho descubrir lo que es el amor incondicional\u201d, ha destacado.<\/p>\n<p class=\"paragraph\" id=\"paragraph_14\">Incluso ha hablado abiertamente de los temores que ha sentido al experimentar los cambios f\u00edsicos propios del embarazo: \u00abDespu\u00e9s de ser madre de dos hijos, <strong>nunca sabes b\u00e1sicamente c\u00f3mo te vas a quedar<\/strong>\u00ab.<\/p>\n<p class=\"paragraph\" id=\"paragraph_15\">\u00abLa <strong>inseguridad<\/strong> que las madres tenemos despu\u00e9s de parir, e incluso durante el embarazo, de pensar si luego seremos las mismas que antes, es algo que siempre est\u00e1 presente\u00bb, ha reconocido, sincera.<\/p>\n","protected":false},"excerpt":{"rendered":"Malena Costa (36 a\u00f1os) y el exfutbolista Mario Su\u00e1rez (38) est\u00e1n de enhorabuena. La pareja ha compartido una&hellip;\n","protected":false},"author":2,"featured_media":215173,"comment_status":"","ping_status":"","sticky":false,"template":"","format":"standard","meta":{"footnotes":""},"categories":[5],"tags":[17,18,929,25,24,256,13,14,11,4536,19,20,29920,27562,9,10,15,16,23,12,21,22],"class_list":{"0":"post-215172","1":"post","2":"type-post","3":"status-publish","4":"format-standard","5":"has-post-thumbnail","7":"category-titulares","8":"tag-breaking-news","9":"tag-breakingnews","10":"tag-embarazo","11":"tag-es","12":"tag-espana","13":"tag-famosos","14":"tag-featured-news","15":"tag-featurednews","16":"tag-headlines","17":"tag-instagram","18":"tag-latest-news","19":"tag-latestnews","20":"tag-malena-costa","21":"tag-mario-suarez","22":"tag-news","23":"tag-noticias","24":"tag-noticias-destacadas","25":"tag-noticiasdestacadas","26":"tag-spain","27":"tag-titulares","28":"tag-ultimas-noticias","29":"tag-ultimasnoticias"},"share_on_mastodon":{"url":"https:\/\/pubeurope.com\/@es\/115482479122124773","error":""},"_links":{"self":[{"href":"https:\/\/www.europesays.com\/es\/wp-json\/wp\/v2\/posts\/215172","targetHints":{"allow":["GET"]}}],"collection":[{"href":"https:\/\/www.europesays.com\/es\/wp-json\/wp\/v2\/posts"}],"about":[{"href":"https:\/\/www.europesays.com\/es\/wp-json\/wp\/v2\/types\/post"}],"author":[{"embeddable":true,"href":"https:\/\/www.europesays.com\/es\/wp-json\/wp\/v2\/users\/2"}],"replies":[{"embeddable":true,"href":"https:\/\/www.europesays.com\/es\/wp-json\/wp\/v2\/comments?post=215172"}],"version-history":[{"count":0,"href":"https:\/\/www.europesays.com\/es\/wp-json\/wp\/v2\/posts\/215172\/revisions"}],"wp:featuredmedia":[{"embeddable":true,"href":"https:\/\/www.europesays.com\/es\/wp-json\/wp\/v2\/media\/215173"}],"wp:attachment":[{"href":"https:\/\/www.europesays.com\/es\/wp-json\/wp\/v2\/media?parent=215172"}],"wp:term":[{"taxonomy":"category","embeddable":true,"href":"https:\/\/www.europesays.com\/es\/wp-json\/wp\/v2\/categories?post=215172"},{"taxonomy":"post_tag","embeddable":true,"href":"https:\/\/www.europesays.com\/es\/wp-json\/wp\/v2\/tags?post=215172"}],"curies":[{"name":"wp","href":"https:\/\/api.w.org\/{rel}","templated":true}]}}