{"id":215180,"date":"2025-11-02T22:40:10","date_gmt":"2025-11-02T22:40:10","guid":{"rendered":"https:\/\/www.europesays.com\/es\/215180\/"},"modified":"2025-11-02T22:40:10","modified_gmt":"2025-11-02T22:40:10","slug":"de-la-exquisitez-a-la-supervivencia","status":"publish","type":"post","link":"https:\/\/www.europesays.com\/es\/215180\/","title":{"rendered":"De la exquisitez a la supervivencia"},"content":{"rendered":"<p>Hab\u00eda que frotarse los ojos y volver a mirar al c\u00e9sped para asegurarse de que era el Alav\u00e9s el equipo que bordaba el f\u00fatbol en  &#8230; unos primeros veinte minutos de ensue\u00f1o. Mendizorroza levitaba con el tempranero gol de Denis Su\u00e1rez, pero sobre todo con la intensidad y el acierto de una escuadra albiazul desatada. Era un arranque para recordar. Y es que una cosa es empujar con los m\u00fasculos y encerrar al rival a base de presi\u00f3n, y otra a\u00f1adir al cat\u00e1logo habitual de los modestos el juego r\u00e1pido y preciso que suele reservarse a los mejores. Y, adem\u00e1s, con una catarata de ocasiones (Toni Mart\u00ednez, Yusi, Calebe\u2026) que bien pudo empapar por completo al Espanyol antes de que la escuadra catalana recordase siquiera que se encontraba sobre el c\u00e9sped.<\/p>\n<p class=\"v-scr__t\">Alav\u00e9s<\/p>\n<p class=\"v-scr__p v-scr__p--3\">Sivera; Jonny, Tenaglia, Parada, Yusi (Benav\u00eddez, m. 86); Blanco, Denis (Pablo Ib\u00e1\u00f1ez, m. 76), Calebe (Carlos Vicente, m. 60), Ale\u00f1\u00e1 (Abde, m. 60); Lucas Boy\u00e9 y Toni Mart\u00ednez (Guevara, m. 60).<\/p>\n<p class=\"v-scr__n-c v-scr__n-c--1 \">\n 2\n<\/p>\n<p class=\"v-scr__n-c v-scr__n-c--2\">\n&#8211;\n<\/p>\n<p class=\"v-scr__n-c v-scr__n-c--3 \">\n 1\n<\/p>\n<p class=\"v-scr__t\">Espanyol<\/p>\n<p class=\"v-scr__p v-scr__p--3\">Dmitrovic; S\u00e1nchez (El Hilali, m. 73), Riedel, Cabrera, Romero; Exp\u00f3sito, Lozano (Urko, m. 80), Jofre (Roberto, m. 46), Roca (Dolan, m. 46); Milla y Kike Garc\u00eda (Terrats, m. 61). <\/p>\n<ul class=\"v-u\">\n<li class=\"v-u__l\">\n<p class=\"v-p\">\nGoles:<br \/>\n1-0. M. 5. Denis Su\u00e1rez; 2-0. M. 40. Lucas Boy\u00e9; 2-1. M. 56. Roberto Fern\u00e1ndez.\n<\/p>\n<\/li>\n<li class=\"v-u__l\">\n<p class=\"v-p\">\n\u00c1rbitro:<br \/>\nCuadra Fern\u00e1ndez. Amonest\u00f3 a los los locales Denis Su\u00e1rez (m. 67) y Parada (m. 93) adem\u00e1s de los visitantes Dolan (m. 86) y El Hilali (m. 86). Tambi\u00e9n expuls\u00f3 al local Boy\u00e9 por doble amarilla (m. 36 y m. 91).\n<\/p>\n<\/li>\n<li class=\"v-u__l\">\n<p class=\"v-p\">\nIncidencias:<br \/>\n17.149 espectadores.\n<\/p>\n<\/li>\n<\/ul>\n<p class=\"v-p\">Pero, claro, pensar en un d\u00eda tranquilo en el Paseo de Cervantes es algo as\u00ed como encontrar una semana de ocho d\u00edas. As\u00ed que el equipo vitoriano pas\u00f3 de la exquisitez a la supervivencia y termin\u00f3 pidiendo la hora y hasta el reloj al colegiado Cuadra Fern\u00e1ndez. Ya con diez jugadores tras la expulsi\u00f3n de un Lucas Boy\u00e9 que, pese a ello, podr\u00eda ponerle un marco a su partido y llev\u00e1rselo a casa. Gol del argentino para doblar la ventaja alavesista al borde del descanso y una exhibici\u00f3n f\u00edsica y t\u00e9cnica para convertir en atribulados juveniles a los centrales del Espanyol. A pesar de todas las virtudes albiazules, nada hubiera extra\u00f1ado un empate en una mala segunda parte que acab\u00f3 en agon\u00eda de siete minutos de descuento y opciones para los visitantes. As\u00ed es la Liga. Esa en la que el triunfo permite mantener la tranquilidad y pensar en que ese pasito adelante que se ped\u00eda en el inicio del campeonato es posible. Quiz\u00e1s ya est\u00e9 aqu\u00ed. Por los quince puntos sumados y, sobre todo, por esa sensaci\u00f3n de equipo con recursos. Tambi\u00e9n desde el banquillo, aunque esta vez los cambios cambiaron poco.<\/p>\n<p>Un vendaval y 1-0<\/p>\n<p class=\"v-p\">Coudet hab\u00eda optado por un cumplidor Parada para sustituir al lesionado Pacheco y el Alav\u00e9s tiraba con esa defensa de circunstancias que forman cuatro laterales. No fue el d\u00eda de Jonny ni tampoco Yusi sobresali\u00f3. Pero el Alav\u00e9s no los necesit\u00f3 de inicio. Result\u00f3 un vendaval futbol\u00edstico que azot\u00f3 a un Espanyol sin respuesta. Velocidad, trepidantes conexiones entre l\u00edneas, brillantez de Blanco, Denis, Ale\u00f1\u00e1, Calebe, omnipresencia de Boy\u00e9, trabajo de Toni Mart\u00ednez. Frente a un adversario que tir\u00f3 del exalavesista Kike Garc\u00eda como \u00fanico punta y s\u00f3lo reaccion\u00f3 m\u00e1s tarde. Lo hizo con valent\u00eda, ya tras el 1-0, y con pocas ocasiones claras, pero s\u00ed presencia ofensiva. Varios rebotes favorecieron a los albiazules en el \u00e1rea propia, Parada sac\u00f3 un bal\u00f3n bajo palos. Hasta que Boy\u00e9, adem\u00e1s del mejor, fue el m\u00e1s listo. Se aprovech\u00f3 del tierno Riedel para robar el bal\u00f3n en un rinc\u00f3n del \u00e1rea, encarar con decisi\u00f3n y marcar en un ob\u00fas al palo corto. 2-0 y duelo encaminado.<\/p>\n<p class=\"v-p\">Con un Espanyol en la lona, su entrenador opt\u00f3 por incluir un segundo punta (Roberto), llevar a Pere Milla a la izquierda y al escurridizo Dolan en la banda derecha. Y la escuadra visitante fue otra. Mejor\u00f3 con m\u00e1s presencia en el \u00e1rea y se adue\u00f1\u00f3 del bal\u00f3n sin que el Alav\u00e9s lograra cambiar el ritmo. Roberto marc\u00f3 pronto el tanto visitante y tampoco la entrada de Carlos Vicente, Abde y Guevara -el triple cambio ya es un cl\u00e1sico de Coudet- alter\u00f3 el monopolio del conjunto catal\u00e1n. <\/p>\n<p>2-1 y gran sufrimiento<\/p>\n<p class=\"v-p\">Apenas una contra albiazul donde a Carlos Vicente se le escap\u00f3 el 3-1. Lo dem\u00e1s era una b\u00fasqueda constante de Boy\u00e9. Tanto era as\u00ed, que el t\u00e9cnico evit\u00f3 el cambio pese a que Mariano parec\u00eda preparado y el argentino rozaba la expulsi\u00f3n que despu\u00e9s llegar\u00eda. Claro que siempre es complicado sacar del campo a un jugador que te da tanto.<\/p>\n<p class=\"v-p\">Y el Alav\u00e9s tir\u00f3 de resistencia y tambi\u00e9n, es verdad, de cierta fortuna en algunas acciones con balones muertos en posiciones delicadas. Pablo Ib\u00e1\u00f1ez tambi\u00e9n hab\u00eda entrado para a\u00f1adir kil\u00f3metros de presi\u00f3n y Protesoni fue el \u00faltimo recurso, de central, para llevar a Parada a la banda izquierda. Cualquier cosa pudo pasar en el tramo final, pero el cuadro vitoriano se sostuvo ah\u00ed, en el alambre. Para sumar el cuarto triunfo de la temporada, aferrarse a la zona templada de la tabla y volver a lanzar, por juego e implicaci\u00f3n, la promesa de completar una campa\u00f1a atractiva y provechosa. <\/p>\n","protected":false},"excerpt":{"rendered":"Hab\u00eda que frotarse los ojos y volver a mirar al c\u00e9sped para asegurarse de que era el Alav\u00e9s&hellip;\n","protected":false},"author":2,"featured_media":215181,"comment_status":"","ping_status":"","sticky":false,"template":"","format":"standard","meta":{"footnotes":""},"categories":[268],"tags":[1334,43320,168,25,24,280,282,23884,281,23,167],"class_list":{"0":"post-215180","1":"post","2":"type-post","3":"status-publish","4":"format-standard","5":"has-post-thumbnail","7":"category-futbol","8":"tag-alaves","9":"tag-cronica-de-los-partidos-del-alaves","10":"tag-deportes","11":"tag-es","12":"tag-espana","13":"tag-football","14":"tag-futbol","15":"tag-liga-ea-sports-25-26","16":"tag-soccer","17":"tag-spain","18":"tag-sports"},"share_on_mastodon":{"url":"https:\/\/pubeurope.com\/@es\/115482514178542278","error":""},"_links":{"self":[{"href":"https:\/\/www.europesays.com\/es\/wp-json\/wp\/v2\/posts\/215180","targetHints":{"allow":["GET"]}}],"collection":[{"href":"https:\/\/www.europesays.com\/es\/wp-json\/wp\/v2\/posts"}],"about":[{"href":"https:\/\/www.europesays.com\/es\/wp-json\/wp\/v2\/types\/post"}],"author":[{"embeddable":true,"href":"https:\/\/www.europesays.com\/es\/wp-json\/wp\/v2\/users\/2"}],"replies":[{"embeddable":true,"href":"https:\/\/www.europesays.com\/es\/wp-json\/wp\/v2\/comments?post=215180"}],"version-history":[{"count":0,"href":"https:\/\/www.europesays.com\/es\/wp-json\/wp\/v2\/posts\/215180\/revisions"}],"wp:featuredmedia":[{"embeddable":true,"href":"https:\/\/www.europesays.com\/es\/wp-json\/wp\/v2\/media\/215181"}],"wp:attachment":[{"href":"https:\/\/www.europesays.com\/es\/wp-json\/wp\/v2\/media?parent=215180"}],"wp:term":[{"taxonomy":"category","embeddable":true,"href":"https:\/\/www.europesays.com\/es\/wp-json\/wp\/v2\/categories?post=215180"},{"taxonomy":"post_tag","embeddable":true,"href":"https:\/\/www.europesays.com\/es\/wp-json\/wp\/v2\/tags?post=215180"}],"curies":[{"name":"wp","href":"https:\/\/api.w.org\/{rel}","templated":true}]}}