{"id":215184,"date":"2025-11-02T22:42:08","date_gmt":"2025-11-02T22:42:08","guid":{"rendered":"https:\/\/www.europesays.com\/es\/215184\/"},"modified":"2025-11-02T22:42:08","modified_gmt":"2025-11-02T22:42:08","slug":"tienes-una-casa-sana-o-enferma-juan-bidart-arquitecto-te-lo-aclara-he-habitado-mas-de-26-casas","status":"publish","type":"post","link":"https:\/\/www.europesays.com\/es\/215184\/","title":{"rendered":"\u00bfTienes una casa &#8216;sana&#8217; o &#8216;enferma&#8217;? Juan Bidart, arquitecto, te lo aclara: \u00abHe habitado m\u00e1s de 26 casas\u00bb"},"content":{"rendered":"<p class=\"ft-text\"><strong>Juan Bidart <\/strong>es arquitecto y especialista en biolog\u00eda del habitar. Una disciplina dentro de la arquitectura que estudia la relaci\u00f3n del ser humano con su entorno edificado, pues los edificios influyen de manera decisiva en nuestra salud. Es por ello que Bidart alerta de que <strong>hay muchas casas que no han sido pensadas para quienes las habitan. <\/strong><\/p>\n<p class=\"ft-text\">\u00abHoy en d\u00eda, muchas casas no est\u00e1n dise\u00f1adas pensando en la salud de quienes las habitan\u00bb, asegura. Bidart lleva viajando por todo el mundo desde hace m\u00e1s de 7 a\u00f1os y explica <strong>haber habitado m\u00e1s de 26 casas. \u00ab<\/strong>Cada una de ellas me dej\u00f3 una ense\u00f1anza y un recuerdo de lo vivido, pero muchas tambi\u00e9n dejaron algo m\u00e1s, la sensaci\u00f3n de que no hab\u00edan sido pensadas para quienes la habitan\u00bb.<\/p>\n<p>Tener una casa &#8216;enferma&#8217;<\/p>\n<p class=\"ft-text\"><strong>\u00bfC\u00f3mo detectar que nuestra casa est\u00e1 &#8216;enferma&#8217;? <\/strong>Hay varios factores que lo pueden indicar:<strong> \u00abCasas con una mala ventilaci\u00f3n, materiales t\u00f3xicos, poca iluminaci\u00f3n natural, o incluso una orientaci\u00f3n incorrecta pueden afectar directamente nuestra calidad de vida<\/strong>. Espacios que, lejos de ofrecer refugio, parec\u00edan repelerme\u00bb, resume Bidart.<\/p>\n<p class=\"ft-text\"><strong>Saber hacer un buen diagn\u00f3stico del entorno y de los usuarios que habitan la casa es esencial <\/strong>a la hora de construir una casa, explica el arquitecto. \u00abSin un buen diagn\u00f3stico es como construir a ciegas, dejando que problemas invisibles se cuelen en nuestra salud y bienestar\u00bb.<\/p>\n<p class=\"ft-text\">Estos errores arquitect\u00f3nicos pasan factura y tienen consecuencias, como el aumento de problemas respiratorios y alergias, estr\u00e9s y mal descanso debido a ambientes mal dise\u00f1ados o consumo energ\u00e9tico excesivo por sistemas poco eficientes\u00bb.<\/p>\n<p>C\u00f3mo revertirlo<\/p>\n<p class=\"ft-text\">Una casa sana, asegura Bidart, no es un lujo sino una necesidad. Para conseguirlo, antes de dise\u00f1ar una casa es imprescindible <strong>comenzar con las preguntas correctas.<\/strong><\/p>\n<ul class=\"ft-list ft-list--primary\" data-aida-text=\"\">\n<li class=\"ft-list__item\"><strong>\u00bfC\u00f3mo afecta este entorno a quien lo habita?<\/strong> \u00abAnalizamos el clima, el terreno y el ecosistema local para integrar la casa de manera natural<\/li>\n<li class=\"ft-list__item\"><strong>\u00bfC\u00f3mo podemos alinearlo con la naturaleza y con las personas que lo convertir\u00e1n en hogar?<\/strong> \u00abSeleccionamos materiales saludables: materiales no t\u00f3xicos y de bajo impacto ambiental<\/li>\n<li class=\"ft-list__item\"><strong>\u00bfC\u00f3mo tener en cuenta el entorno? <\/strong>\u00abUtilizamos la luz natural, ventilaci\u00f3n cruzada, orientaciones y direcci\u00f3n de vientos para maximizar el confort y reducir el consumo energ\u00e9tico<\/li>\n<\/ul>\n<p class=\"ft-text\">\u00abVivir en una casa dise\u00f1ada para cuidar tu salud es invertir en una mejor calidad de vida\u00bb, subraya el arquitecto. Se pueden reducir las enfermedades derivadas del ambiente interno, los espacios reducen el estr\u00e9s y favorecen el descanso y regeneraci\u00f3n del cuerpo y se consigue un menor gasto en energ\u00eda y mantenimiento gracias a un dise\u00f1o eficiente.<\/p>\n<p class=\"ft-text\">M\u00e1s que una casa, \u00abse trata de crear un espacio que sea parte de la salud de todos los que la habitan\u00bb.<\/p>\n","protected":false},"excerpt":{"rendered":"Juan Bidart es arquitecto y especialista en biolog\u00eda del habitar. Una disciplina dentro de la arquitectura que estudia&hellip;\n","protected":false},"author":2,"featured_media":215185,"comment_status":"","ping_status":"","sticky":false,"template":"","format":"standard","meta":{"footnotes":""},"categories":[173],"tags":[57832,801,229,233,231,230,385,232,234,52012,146,147,25,24,47329,23],"class_list":{"0":"post-215184","1":"post","2":"type-post","3":"status-publish","4":"format-standard","5":"has-post-thumbnail","7":"category-arte-y-diseno","8":"tag-arquitecto-juan-bidart-dv","9":"tag-arquitectura","10":"tag-arte","11":"tag-arte-y-diseno","12":"tag-arts","13":"tag-arts-and-design","14":"tag-casa","15":"tag-design","16":"tag-diseno","17":"tag-enferma","18":"tag-entertainment","19":"tag-entretenimiento","20":"tag-es","21":"tag-espana","22":"tag-sana","23":"tag-spain"},"share_on_mastodon":{"url":"https:\/\/pubeurope.com\/@es\/115482521970230598","error":""},"_links":{"self":[{"href":"https:\/\/www.europesays.com\/es\/wp-json\/wp\/v2\/posts\/215184","targetHints":{"allow":["GET"]}}],"collection":[{"href":"https:\/\/www.europesays.com\/es\/wp-json\/wp\/v2\/posts"}],"about":[{"href":"https:\/\/www.europesays.com\/es\/wp-json\/wp\/v2\/types\/post"}],"author":[{"embeddable":true,"href":"https:\/\/www.europesays.com\/es\/wp-json\/wp\/v2\/users\/2"}],"replies":[{"embeddable":true,"href":"https:\/\/www.europesays.com\/es\/wp-json\/wp\/v2\/comments?post=215184"}],"version-history":[{"count":0,"href":"https:\/\/www.europesays.com\/es\/wp-json\/wp\/v2\/posts\/215184\/revisions"}],"wp:featuredmedia":[{"embeddable":true,"href":"https:\/\/www.europesays.com\/es\/wp-json\/wp\/v2\/media\/215185"}],"wp:attachment":[{"href":"https:\/\/www.europesays.com\/es\/wp-json\/wp\/v2\/media?parent=215184"}],"wp:term":[{"taxonomy":"category","embeddable":true,"href":"https:\/\/www.europesays.com\/es\/wp-json\/wp\/v2\/categories?post=215184"},{"taxonomy":"post_tag","embeddable":true,"href":"https:\/\/www.europesays.com\/es\/wp-json\/wp\/v2\/tags?post=215184"}],"curies":[{"name":"wp","href":"https:\/\/api.w.org\/{rel}","templated":true}]}}