{"id":215197,"date":"2025-11-02T22:52:08","date_gmt":"2025-11-02T22:52:08","guid":{"rendered":"https:\/\/www.europesays.com\/es\/215197\/"},"modified":"2025-11-02T22:52:08","modified_gmt":"2025-11-02T22:52:08","slug":"un-toro-espanol-parte-el-cajon-en-el-que-volaba-a-lima-y-al-bravo-rescoldito-le-cortan-los-testiculos","status":"publish","type":"post","link":"https:\/\/www.europesays.com\/es\/215197\/","title":{"rendered":"Un toro espa\u00f1ol parte el caj\u00f3n en el que volaba a Lima y al bravo Rescoldito le cortan los test\u00edculos"},"content":{"rendered":"<p style=\"\">Anda la tauromaquia en<a href=\"https:\/\/www.abc.es\/cultura\/toros\/sabado-toros-lima-20251028162803-nt.html\" target=\"_self\" data-voc-vtm-id=\"in-text-traffic\" title=\" Per\u00fa\" rel=\"nofollow noopener\"> Per\u00fa<\/a> en horas altas, con una salud envidiable en sus tendidos, que se llenan por los pueblos y se abarrotan en la capital. Acho vive una Fiesta de 48 horas este fin de semana en la que no cabe un  &#8230; alfiler en el distrito del R\u00edmac, con los alrededores del m\u00e1s que bicentenario coso colmados de alegr\u00eda, de expectaci\u00f3n y de color. <\/p>\n<p class=\"voc-p\" style=\"\">Anda la tauromaquia en Per\u00fa en horas altas, con<a href=\"https:\/\/www.abc.es\/cultura\/toros\/tito-fernandez-activista-taurino-frente-historico-fin-20251029172327-nt.html\" target=\"_self\" data-voc-vtm-id=\"in-text-traffic\" title=\" Andr\u00e9s Roca Rey\" rel=\"nofollow noopener\"> Andr\u00e9s Roca Rey<\/a> como m\u00e1xima figura mundial del toreo y con j\u00f3venes que buscan seguir sus dif\u00edciles pasos. <\/p>\n<p class=\"voc-p\" style=\"\">No anda en horas tan altas la ganader\u00eda en Per\u00fa, con apenas media docena de divisas reconocidas. Y eso provoca que para la Feria del Se\u00f1or de los Milagros tengan que importar ganado espa\u00f1ol. Con el coste que conlleva -siete mil euros por animal-, con las cuarentenas, con las gu\u00edas, con un viaje que se extiende en casi 48 horas desde que salen de la finca, viajan en cami\u00f3n hasta Barajas y emprenden el vuelo hasta Lima. Cuarenta y ocho horas tardaron los de N\u00fa\u00f1ez del Cuvillo desde la finca gaditana del Grullo hasta el aeropuerto de Jorge Ch\u00e1vez la pasada primavera.<\/p>\n<p class=\"voc-p\" style=\"\">Horas que se extendieron a\u00fan m\u00e1s para la divisa salmantina de Montalvo la pasada semana. Un toro rompi\u00f3 el caj\u00f3n en el que viajaban en la bodega cuando ya estaban en la pista y hubo que descargar todos. El piloto, l\u00f3gicamente, no quer\u00eda riesgos&#8230; Y otra vez regresaron a Salamanca para volver al d\u00eda siguiente a coger el vuelo con los cajones ya intactos. <\/p>\n<p class=\"voc-p\" style=\"\">El encargado de arreglar todo el papeleo del transporte, de estar pendiente de cada toro, es Jos\u00e9 Luis Algora, que guarda hoy en su hotel, en la nevera de su habitaci\u00f3n -en un t\u00e1per con hielo-, los test\u00edculos de Rescoldito, el extraordinario toro de N\u00fa\u00f1ez del Cuvillo lidiado el s\u00e1bado en tercer lugar por Alejandro Talavante. De f\u00e1bula su clase, tremendamente profunda por el izquierdo. Las pajuelas ir\u00e1n a parar a una ganader\u00eda peruana para &#8216;alimentarla&#8217; con la sangre brava de Rescoldito. <\/p>\n<p class=\"voc-p\" style=\"\">Rescoldito es uno de los m\u00e1s de veinte toros que han volado en las bodegas de los Aire Europa desde Espa\u00f1a hasta Lima para la Feria del Se\u00f1or de los Milagros: 8 de Cuvillo y 8 de Domingo Hern\u00e1ndez en marzo, 6 de Montalvo y otro de Domingo en octubre. Y a siete mil euros el &#8216;pasaje&#8217;.<\/p>\n","protected":false},"excerpt":{"rendered":"Anda la tauromaquia en Per\u00fa en horas altas, con una salud envidiable en sus tendidos, que se llenan&hellip;\n","protected":false},"author":2,"featured_media":215198,"comment_status":"","ping_status":"","sticky":false,"template":"","format":"standard","meta":{"footnotes":""},"categories":[42],"tags":[17,18,2527,13,14,1949,11,43697,61,62,63,64,19,20,57540,9,10,15,16,49222,57835,57834,12,913,21,22,2606,65,66,67],"class_list":{"0":"post-215197","1":"post","2":"type-post","3":"status-publish","4":"format-standard","5":"has-post-thumbnail","7":"category-internacional","8":"tag-breaking-news","9":"tag-breakingnews","10":"tag-dar","11":"tag-featured-news","12":"tag-featurednews","13":"tag-ganaderia","14":"tag-headlines","15":"tag-hielo","16":"tag-internacional","17":"tag-international","18":"tag-international-news","19":"tag-internationalnews","20":"tag-latest-news","21":"tag-latestnews","22":"tag-nevera","23":"tag-news","24":"tag-noticias","25":"tag-noticias-destacadas","26":"tag-noticiasdestacadas","27":"tag-peruana","28":"tag-rescoldito","29":"tag-testiculos","30":"tag-titulares","31":"tag-toro","32":"tag-ultimas-noticias","33":"tag-ultimasnoticias","34":"tag-vida","35":"tag-world","36":"tag-world-news","37":"tag-worldnews"},"share_on_mastodon":{"url":"https:\/\/pubeurope.com\/@es\/115482561394452008","error":""},"_links":{"self":[{"href":"https:\/\/www.europesays.com\/es\/wp-json\/wp\/v2\/posts\/215197","targetHints":{"allow":["GET"]}}],"collection":[{"href":"https:\/\/www.europesays.com\/es\/wp-json\/wp\/v2\/posts"}],"about":[{"href":"https:\/\/www.europesays.com\/es\/wp-json\/wp\/v2\/types\/post"}],"author":[{"embeddable":true,"href":"https:\/\/www.europesays.com\/es\/wp-json\/wp\/v2\/users\/2"}],"replies":[{"embeddable":true,"href":"https:\/\/www.europesays.com\/es\/wp-json\/wp\/v2\/comments?post=215197"}],"version-history":[{"count":0,"href":"https:\/\/www.europesays.com\/es\/wp-json\/wp\/v2\/posts\/215197\/revisions"}],"wp:featuredmedia":[{"embeddable":true,"href":"https:\/\/www.europesays.com\/es\/wp-json\/wp\/v2\/media\/215198"}],"wp:attachment":[{"href":"https:\/\/www.europesays.com\/es\/wp-json\/wp\/v2\/media?parent=215197"}],"wp:term":[{"taxonomy":"category","embeddable":true,"href":"https:\/\/www.europesays.com\/es\/wp-json\/wp\/v2\/categories?post=215197"},{"taxonomy":"post_tag","embeddable":true,"href":"https:\/\/www.europesays.com\/es\/wp-json\/wp\/v2\/tags?post=215197"}],"curies":[{"name":"wp","href":"https:\/\/api.w.org\/{rel}","templated":true}]}}