{"id":215209,"date":"2025-11-02T23:02:08","date_gmt":"2025-11-02T23:02:08","guid":{"rendered":"https:\/\/www.europesays.com\/es\/215209\/"},"modified":"2025-11-02T23:02:08","modified_gmt":"2025-11-02T23:02:08","slug":"colosal-triunfo-del-ucam-en-el-palau","status":"publish","type":"post","link":"https:\/\/www.europesays.com\/es\/215209\/","title":{"rendered":"Colosal triunfo del UCAM en el Palau"},"content":{"rendered":"<p>Este UCAM Murcia va muy en serio. Cinco jornadas de Liga Endesa y cuatro victorias. La \u00faltima, en el Palau Blaugrana y ante el Barcelona, por 78-81. Un resultado que muestra lo igualado del tramo final del choque y que esconde el colosal partido que firm\u00f3 la escuadra de Sito Alonso hasta el \u00faltimo cuarto. Candidatura clara a jugar la Copa del Rey tras haber ganado a Baskonia y Barcelona de forma consecutiva.<\/p>\n<p>El primer cuarto fue espectacular. Un 16-34 que supone la m\u00e1xima anotaci\u00f3n hist\u00f3rica de un equipo visitante en el Palau en Liga ACB. Cacok tuvo gran parte de culpa, con 16 de valoraci\u00f3n, y Hicks con varios triples en el arranque. El Barcelona no sab\u00eda como frenar al UCAM. En el segundo cuarto arre\u00f3 el conjunto de Euroliga cuando mejor estaban los visitantes (que llegaron a ganar 21-42),\u00a0pero entonces fue Forrest quien mantuvo la ventaja del UCAM para el 42-56 al descanso.<\/p>\n<p>Porque cada vez que se acercaba el Bar\u00e7a, respond\u00edan los de Sito. La actuaci\u00f3n era coral. Con Raieste, Sant-Roos, Cacok de vuelta, Cate y Falk en labores defensivas&#8230; Todos empujaban. Y la renta se manten\u00eda 61-73. Las cosas se pusieron dif\u00edciles en el \u00faltimo cuarto. Porque al UCAM se le encogi\u00f3 la mano. Durante casi siete minutos no pudo anotar y de forma paulatina los de Pe\u00f1arroya fueron metiendo miedo. Habr\u00eda sido injusto tras una actuaci\u00f3n casi memorable que los murcianos no pudieran llevarse el triunfo.<\/p>\n<p>Cuando ya estaba a tiro de ponerse por delante el cuadro azulgrana apareci\u00f3 Forrest. Eso dio el aire suficiente. Sin embargo, el UCAM marr\u00f3 cuatro de los seis tiros libres de los que dispuso en el \u00faltimo minuto y eso hizo a\u00fan m\u00e1s apretado el desenlace. Hubo final feliz y gan\u00f3 el equipo de Sito. Que hace una d\u00e9cada hab\u00eda sufrido, como t\u00e9cnico del Barcelona, la primera victoria hist\u00f3rica del UCAM en el Palau. Ahora, por fin, tiene otra, pero ya como entrenador universitario.<\/p>\n<p>Consulta <a href=\"https:\/\/live.acb.com\/es\/partidos\/barca-vs-ucam-murcia-104501\/estadisticas\" rel=\"nofollow noopener\" target=\"_blank\">aqu\u00ed las estad\u00edsticas del Barcelona-UCAM Murcia<\/a>.<\/p>\n","protected":false},"excerpt":{"rendered":"Este UCAM Murcia va muy en serio. Cinco jornadas de Liga Endesa y cuatro victorias. La \u00faltima, en&hellip;\n","protected":false},"author":2,"featured_media":215210,"comment_status":"","ping_status":"","sticky":false,"template":"","format":"standard","meta":{"footnotes":""},"categories":[269],"tags":[299,298,168,25,24,881,665,23,167,1402],"class_list":{"0":"post-215209","1":"post","2":"type-post","3":"status-publish","4":"format-standard","5":"has-post-thumbnail","7":"category-baloncesto","8":"tag-baloncesto","9":"tag-basketball","10":"tag-deportes","11":"tag-es","12":"tag-espana","13":"tag-fc-barcelona","14":"tag-liga-endesa","15":"tag-spain","16":"tag-sports","17":"tag-ucam-murcia-cb"},"share_on_mastodon":{"url":"https:\/\/pubeurope.com\/@es\/115482600670394452","error":""},"_links":{"self":[{"href":"https:\/\/www.europesays.com\/es\/wp-json\/wp\/v2\/posts\/215209","targetHints":{"allow":["GET"]}}],"collection":[{"href":"https:\/\/www.europesays.com\/es\/wp-json\/wp\/v2\/posts"}],"about":[{"href":"https:\/\/www.europesays.com\/es\/wp-json\/wp\/v2\/types\/post"}],"author":[{"embeddable":true,"href":"https:\/\/www.europesays.com\/es\/wp-json\/wp\/v2\/users\/2"}],"replies":[{"embeddable":true,"href":"https:\/\/www.europesays.com\/es\/wp-json\/wp\/v2\/comments?post=215209"}],"version-history":[{"count":0,"href":"https:\/\/www.europesays.com\/es\/wp-json\/wp\/v2\/posts\/215209\/revisions"}],"wp:featuredmedia":[{"embeddable":true,"href":"https:\/\/www.europesays.com\/es\/wp-json\/wp\/v2\/media\/215210"}],"wp:attachment":[{"href":"https:\/\/www.europesays.com\/es\/wp-json\/wp\/v2\/media?parent=215209"}],"wp:term":[{"taxonomy":"category","embeddable":true,"href":"https:\/\/www.europesays.com\/es\/wp-json\/wp\/v2\/categories?post=215209"},{"taxonomy":"post_tag","embeddable":true,"href":"https:\/\/www.europesays.com\/es\/wp-json\/wp\/v2\/tags?post=215209"}],"curies":[{"name":"wp","href":"https:\/\/api.w.org\/{rel}","templated":true}]}}