{"id":215241,"date":"2025-11-02T23:26:10","date_gmt":"2025-11-02T23:26:10","guid":{"rendered":"https:\/\/www.europesays.com\/es\/215241\/"},"modified":"2025-11-02T23:26:10","modified_gmt":"2025-11-02T23:26:10","slug":"cronica-del-encuentro-de-acb-entre-el-baskonia-y-el-tenerife","status":"publish","type":"post","link":"https:\/\/www.europesays.com\/es\/215241\/","title":{"rendered":"Cr\u00f3nica del encuentro de ACB entre el Baskonia y el Tenerife"},"content":{"rendered":"<p>\n        Qui\u00e9n le ha visto y qui\u00e9n le ve. <strong>El <\/strong><a href=\"https:\/\/www.noticiasdealava.eus\/baskonia\/\" title=\"Baskonia\" class=\"link copy\" rel=\"nofollow noopener\" target=\"_blank\"><strong>Baskonia<\/strong><\/a><strong> complet\u00f3 su semana fant\u00e1stica con su tercera victoria en seis d\u00edas, esta con m\u00e1s valor si cabe al convertirse en el primer equipo que vence a La Laguna Tenerife esta temporada<\/strong>. La primera mitad, en la que los tinerfe\u00f1os impusieron su juego pausado e inteligente alrededor de Huertas y Shermadini y los vitorianos no acertaron desde fuera, no invit\u00f3 al optimismo, pero <strong>Kurucs prendi\u00f3 la mecha tras el descanso y los hombres de Galbiati arrollaron con una en\u00e9rgica exhibici\u00f3n<\/strong> al hasta ahora l\u00edder de la ACB.\n<\/p>\n<p class=\"article-body__text \">\n        El conjunto azulgrana arranc\u00f3 el encuentro con el quinteto inicial que tan buen resultado le dio ante el Dub\u00e1i y el Efes formado por Simmons, Villar, Diallo, Sedekerskis y Diop, al que<strong> en esta ocasi\u00f3n le cost\u00f3 algo m\u00e1s entrar en partido, ya que el Tenerife, bajo la batuta de Huertas, logr\u00f3 encontrar a sus p\u00edvots cerca del aro y construir una ventaja de 5-12<\/strong> en los primeros seis minutos de juego.\n<\/p>\n<blockquote class=\"twitter-tweet\" data-lang=\"es\">\n<p lang=\"es\" dir=\"ltr\">\u00a1Qu\u00e9 2\ufe0f\u20e3\u27951\ufe0f\u20e3 para Kobi! <a href=\"https:\/\/t.co\/sBHr50lF0M\" rel=\"nofollow\">pic.twitter.com\/sBHr50lF0M<\/a><\/p>\n<p>\u2014 Baskonia (@Baskonia) <a href=\"https:\/\/twitter.com\/Baskonia\/status\/1985046738302861412?ref_src=twsrc%5Etfw\" rel=\"nofollow noopener\" target=\"_blank\">2 de noviembre de 2025<\/a><\/p><\/blockquote>\n<p class=\"article-body__text \">\n        Al Baskonia, algo precipitado, le cost\u00f3 sumar puntos y <strong>Luwawu-Cabarrot, su referente ofensivo en este inicio de temporada, tuvo que ejercer de desatascador<\/strong> con cinco puntos seguidos que activaron a los azulgranas y tambi\u00e9n a Giedraitis. El lituano con pasado en Vitoria, de hecho, tuvo un encontronazo con el galo que se salv\u00f3 con sendas t\u00e9cnicas al t\u00e9rmino del primer cuarto, en el que el Baskonia se impuso por 18-17 gracias a seis puntos tard\u00edos de Rodions Kurucs.\n<\/p>\n<p class=\"article-body__text \">\n        En la reanudaci\u00f3n, con Cabarrot de vuelta en el banquillo para rebajar pulsaciones, el Tenerife, con su juego girando alrededor de la conexi\u00f3n entre <strong>Huertas y Shermadini en el juego de bloqueo y continuaci\u00f3n, fue poco a poco poniendo tierra de por medio con un Baskonia que abus\u00f3 del lanzamiento exterior con porcentajes paup\u00e9rrimos<\/strong> (3\/14 en la primera parte).\n<\/p>\n<blockquote class=\"twitter-tweet\" data-lang=\"es\">\n<p lang=\"es\" dir=\"ltr\">\u00a1Qu\u00e9 2\ufe0f\u20e3\u27951\ufe0f\u20e3 para Kobi! <a href=\"https:\/\/t.co\/sBHr50lF0M\" rel=\"nofollow\">pic.twitter.com\/sBHr50lF0M<\/a><\/p>\n<p>\u2014 Baskonia (@Baskonia) <a href=\"https:\/\/twitter.com\/Baskonia\/status\/1985046738302861412?ref_src=twsrc%5Etfw\" rel=\"nofollow noopener\" target=\"_blank\">2 de noviembre de 2025<\/a><\/p><\/blockquote>\n<p class=\"article-body__text \">\n        Los alaveses no encontraron acierto desde fuera en el segundo cuarto con la excepci\u00f3n de un triple de Cabarrot y otro de Sedekerskis, mientras que en las penetraciones a canasta parecieron acusar el esfuerzo de la doble jornada de Euroliga y no consiguieron superar a rivales te\u00f3ricamente inferiores en el plano f\u00edsico. As\u00ed las cosas,<strong> los de Vidorreta dejaron a los locales en s\u00f3lo once puntos en el segundo cuarto, encontraron con paciencia situaciones f\u00e1ciles de canasta cerca del aro y se marcharon al descanso con una importante ventaja de 29-40<\/strong> que pon\u00eda el choque cuesta arriba para el Baskonia.\n<\/p>\n<p>    <a href=\"https:\/\/www.noticiasdealava.eus\/fotos\/general\/2025\/11\/02\/imagenes-buscate-gradas-buesa-arena-10296657.html\" rel=\"nofollow noopener\" target=\"_blank\"><\/p>\n<p>    <img loading=\"lazy\" decoding=\"async\" class=\"lazy-place\" src=\"data:image\/svg+xml,%3Csvg xmlns=&quot;http:\/\/www.w3.org\/2000\/svg&quot; viewBox=&quot;0 0 880 495&quot;%3E%3C\/svg%3E\" height=\"495\" width=\"880\" alt=\"\" style=\"width:100%; height:auto; max-width:100%;\"\/><\/p>\n<p>    <\/a><\/p>\n<p>    <a href=\"https:\/\/www.noticiasdealava.eus\/fotos\/general\/2025\/11\/02\/imagenes-buscate-gradas-buesa-arena-10296657.html\" class=\"article-photo__multimedia\" rel=\"nofollow noopener\" target=\"_blank\"><\/p>\n<p>        12<br \/>\n    <\/a><\/p>\n<p class=\"article-photo__footer\">\n        En im\u00e1genes: \u00a1B\u00fascate en las gradas del Buesa Arena en el Baskonia &#8211; Tenerife!<br \/>\n                    Pilar Barco\n            <\/p>\n<p>  Lavado de cara <\/p>\n<p class=\"article-body__text \">\n        Al regreso de vestuarios, Galbiati puso toda la carne en el asador arrancando la segunda parte con Luwawu-Cabarrot, que asumi\u00f3 galones en ataque con cinco puntos r\u00e1pidos para su casillero, pero <strong>quien realmente cambi\u00f3 la din\u00e1mica del encuentro fue Rodions Kurucs. El let\u00f3n, con una energ\u00eda desbordante, despert\u00f3 a los alaveses a base de robar balones, recoger rebotes, correr la cancha de un lado a otro y penetrar sin miedo<\/strong> para anotar.\n<\/p>\n<blockquote class=\"twitter-tweet\" data-lang=\"es\">\n<p lang=\"es\" dir=\"ltr\">El triple de TLC para ponernos por delante \ud83d\udd25<\/p>\n<p>LET&#8217;S GO! <a href=\"https:\/\/t.co\/g2xvklNeJd\" rel=\"nofollow\">pic.twitter.com\/g2xvklNeJd<\/a><\/p>\n<p>\u2014 Baskonia (@Baskonia) <a href=\"https:\/\/twitter.com\/Baskonia\/status\/1985063829965799608?ref_src=twsrc%5Etfw\" rel=\"nofollow noopener\" target=\"_blank\">2 de noviembre de 2025<\/a><\/p><\/blockquote>\n<p class=\"article-body__text \">\n        Una antideportiva provocada a Doornekamp, una canasta tras rebote ofensivo a continuaci\u00f3n, un dos m\u00e1s uno, buenas defensas en el poste&#8230; Kurucs hizo de todo y <strong>Luwawu-Cabarrot puso la guinda con otro triple a un parcial de 17-2 con el que el Baskonia le dio la vuelta al marcador<\/strong> (49-47).\n<\/p>\n<p class=\"article-body__text \">\n        Una vez destapado el aro, los vitorianos siguieron castigando a un Tenerife impotente por primera vez en lo que va de curso.<strong> Distintos jugadores como Diallo, Simmons y Nowell, repartiendo asistencias y sujetando bien a Huertas en defensa, dieron un paso al frente<\/strong> y siguieron estirando el parcial hasta cerrar el tercer cuarto 63-56 arriba.\n<\/p>\n<blockquote class=\"twitter-tweet\" data-lang=\"es\">\n<p lang=\"fr\" dir=\"ltr\">Pase de Markquis para que Khali la MACHAQUE \ud83d\ude24 <a href=\"https:\/\/t.co\/EQTcTIiZGZ\" rel=\"nofollow\">pic.twitter.com\/EQTcTIiZGZ<\/a><\/p>\n<p>\u2014 Baskonia (@Baskonia) <a href=\"https:\/\/twitter.com\/Baskonia\/status\/1985069288416325740?ref_src=twsrc%5Etfw\" rel=\"nofollow noopener\" target=\"_blank\">2 de noviembre de 2025<\/a><\/p><\/blockquote>\n<p class=\"article-body__text \">\n        Huertas y Shermadini intentaron reducir distancias, pero no tuvieron la clarividencia de la primera parte. Diop, de menos a m\u00e1s en la cita, hizo una gran labor intimidando y el Baskonia, <strong>a base de forzar malos tiros del rival, tuvo la oportunidad de correr la cancha a toda velocidad y ah\u00ed, a cancha abierta, el Tenerife no tuvo ninguna opci\u00f3n<\/strong>.\n<\/p>\n<p class=\"article-body__text \">\n        Dos acciones seguidas de dos m\u00e1s uno de Diallo y Luwawu-Cabarrot fueron sintom\u00e1ticas de que el Tenerife, totalmente desdibujado, llegaba tarde a todas las acciones y era incapaz de frenar a los vitorianos, que <strong>dejaron la cita vista para sentencia a cuatro minutos del final con un triple del propio alero franc\u00e9s (79-62)<\/strong>. El Baskonia se relaj\u00f3 y, a causa de errores propios, permiti\u00f3 al Tenerife acercarse a seis puntos, pero el colch\u00f3n fue suficiente para evitar sorpresas.\n<\/p>\n<p>            <script async src=\"https:\/\/platform.twitter.com\/widgets.js\" charset=\"utf-8\"><\/script><\/p>\n","protected":false},"excerpt":{"rendered":"Qui\u00e9n le ha visto y qui\u00e9n le ve. El Baskonia complet\u00f3 su semana fant\u00e1stica con su tercera victoria&hellip;\n","protected":false},"author":2,"featured_media":215242,"comment_status":"","ping_status":"","sticky":false,"template":"","format":"standard","meta":{"footnotes":""},"categories":[269],"tags":[57843,299,298,4714,168,31143,25,24,12321,57842,1150,773,23,167],"class_list":{"0":"post-215241","1":"post","2":"type-post","3":"status-publish","4":"format-standard","5":"has-post-thumbnail","7":"category-baloncesto","8":"tag-89-79","9":"tag-baloncesto","10":"tag-basketball","11":"tag-baskonia","12":"tag-deportes","13":"tag-ensueno","14":"tag-es","15":"tag-espana","16":"tag-guinda","17":"tag-la-laguna-tenerife-liga-endesa","18":"tag-pone","19":"tag-semana","20":"tag-spain","21":"tag-sports"},"share_on_mastodon":{"url":"https:\/\/pubeurope.com\/@es\/115482695122205498","error":""},"_links":{"self":[{"href":"https:\/\/www.europesays.com\/es\/wp-json\/wp\/v2\/posts\/215241","targetHints":{"allow":["GET"]}}],"collection":[{"href":"https:\/\/www.europesays.com\/es\/wp-json\/wp\/v2\/posts"}],"about":[{"href":"https:\/\/www.europesays.com\/es\/wp-json\/wp\/v2\/types\/post"}],"author":[{"embeddable":true,"href":"https:\/\/www.europesays.com\/es\/wp-json\/wp\/v2\/users\/2"}],"replies":[{"embeddable":true,"href":"https:\/\/www.europesays.com\/es\/wp-json\/wp\/v2\/comments?post=215241"}],"version-history":[{"count":0,"href":"https:\/\/www.europesays.com\/es\/wp-json\/wp\/v2\/posts\/215241\/revisions"}],"wp:featuredmedia":[{"embeddable":true,"href":"https:\/\/www.europesays.com\/es\/wp-json\/wp\/v2\/media\/215242"}],"wp:attachment":[{"href":"https:\/\/www.europesays.com\/es\/wp-json\/wp\/v2\/media?parent=215241"}],"wp:term":[{"taxonomy":"category","embeddable":true,"href":"https:\/\/www.europesays.com\/es\/wp-json\/wp\/v2\/categories?post=215241"},{"taxonomy":"post_tag","embeddable":true,"href":"https:\/\/www.europesays.com\/es\/wp-json\/wp\/v2\/tags?post=215241"}],"curies":[{"name":"wp","href":"https:\/\/api.w.org\/{rel}","templated":true}]}}